{"id":690444,"date":"2026-01-26T13:29:09","date_gmt":"2026-01-26T13:29:09","guid":{"rendered":"https:\/\/www.europesays.com\/fr\/690444\/"},"modified":"2026-01-26T13:29:09","modified_gmt":"2026-01-26T13:29:09","slug":"ces-pates-artisanales-inedites-et-tres-pratiques-font-leur-apparition-autour-de-montpellier","status":"publish","type":"post","link":"https:\/\/www.europesays.com\/fr\/690444\/","title":{"rendered":"Ces p\u00e2tes artisanales in\u00e9dites et tr\u00e8s pratiques font leur apparition autour de Montpellier"},"content":{"rendered":"<p>                    Par<br \/>\n        <strong><br \/>\n            <a href=\"https:\/\/actu.fr\/auteur\/lea-pippinato\" title=\"Consulter tous les articles de L\u00e9a Pippinato\" target=\"_blank\" rel=\"noopener\">L\u00e9a Pippinato<\/a><br \/>\n                    <\/strong><\/p>\n<p>        Publi\u00e9 le<\/p>\n<p>            26 janv. 2026 \u00e0 13h32        <\/p>\n<p>C\u2019est une petite r\u00e9volution dans l\u2019assiette des Montpelli\u00e9rains. Depuis quelques semaines, une nouvelle gamme de p\u00e2tes artisanales s\u2019invite sur les \u00e9tals des boulangeries <strong>Des r\u00eaves et du pain.<\/strong><\/p>\n<p>    <a href=\"https:\/\/www.google.com\/maps\/d\/u\/0\/embed?mid=1KVEv0a8XPzz7Uv1qu8qEcpJyNI1gMc0&amp;ehbc=2E312F\" title=\"Ouvrie le lien\" target=\"_blank\" rel=\"noopener\">Cliquez ici pour visualiser le contenu<\/a><\/p>\n<p class=\" wall-content\">\u00c0 l\u2019origine du projet, Christophe Prodel et Cl\u00e9ment Avias, connus pour avoir remport\u00e9 l\u2019\u00e9mission La meilleure boulangerie de France. Leur id\u00e9e na\u00eet presque naturellement. <strong>Depuis huit ans<\/strong>, ils font semer des vari\u00e9t\u00e9s de bl\u00e9s anciens pour leurs pains. Un jour, la question surgit. \u00ab\u00a0Pourquoi ne pas aller plus loin ? Parce que pourquoi pas\u00a0\u00bb, r\u00e9sume Cl\u00e9ment Avias, avec un sourire. L\u2019aventure des p\u00e2tes d\u00e9marre ainsi, sans grand discours, mais avec une ma\u00eetrise totale de la mati\u00e8re premi\u00e8re.<\/p>\n<p>Une fabrication artisanale, pas \u00e0 pas<\/p>\n<p class=\" wall-content\">Tout commence sur un champ de huit hectares \u00e0 Teyran, \u00e0 un quart d\u2019heure de Montpellier. C\u2019est l\u00e0 que poussent le bl\u00e9 dur et <strong>le petit \u00e9peautre<\/strong>, cultiv\u00e9s en bio. Les c\u00e9r\u00e9ales sont choisies pour leur r\u00e9sistance et leur qualit\u00e9 gustative.\u00a0Cette proximit\u00e9 change tout : elle garantit une tra\u00e7abilit\u00e9 totale et limite fortement les transports. Contrairement aux circuits industriels, les c\u00e9r\u00e9ales ne parcourent pas des centaines de kilom\u00e8tres. Les boulangers disposent de leur propre moulin \u00e0 Castries, install\u00e9 dans un petit local de production.<\/p>\n<p class=\" wall-content\">Au d\u00e9part, ce moulin sert \u00e0 alimenter les fourn\u00e9es de pain des boulangeries. Avant 2021, le bl\u00e9 part chez un paysan voisin pour \u00eatre \u00e9cras\u00e9. Puis vient <strong>le choix de l\u2019ind\u00e9pendance<\/strong>. \u00ab\u00a0On voulait ma\u00eetriser la mati\u00e8re premi\u00e8re\u00a0\u00bb, explique Cl\u00e9ment Avias. Aujourd\u2019hui, la farine sort directement du moulin et nourrit \u00e0 la fois le pain et les p\u00e2tes.<\/p>\n<p>Vid\u00e9os : en ce moment sur Actu<\/p>\n<p class=\" wall-content\"><a href=\"https:\/\/www.instagram.com\/reels\/DHTV5BINn-i\/embed\" title=\"Ouvrir le lien sur Instagram\" target=\"_blank\" rel=\"noopener\">Visualiser le contenu sur Instagram<\/a><\/p>\n<p>Un m\u00e9lange pens\u00e9 pour le go\u00fbt et la digestion<\/p>\n<p class=\" wall-content\">Le choix du bl\u00e9 dur associ\u00e9 au petit \u00e9peautre n\u2019a rien d\u2019anodin. Le petit \u00e9peautre est une c\u00e9r\u00e9ale ancienne. Il contient moins de gluten et s\u2019assimile mieux. Les p\u00e2tes deviennent ainsi plus digestes, m\u00eame pour les estomacs sensibles. Le r\u00e9sultat se ressent d\u00e8s la cuisson. Les p\u00e2tes cuisent vite, gardent une texture ferme et accrochent la sauce. \u00ab\u00a0Elles ont un go\u00fbt prononc\u00e9. On peut les manger juste avec du beurre.\u00a0\u00bb \u00a0<\/p>\n<blockquote class=\"ac-article-quote wall-content\">\n<p>\u00ab\u00a0Elles ont un go\u00fbt prononc\u00e9. On peut les manger juste avec du beurre\u00a0\u00bb<\/p>\n<p>    <strong>Cl\u00e9ment Avias<\/strong><br \/>\n        Fondateur de la boulangerie Des r\u00eaves et du pain    <\/p><\/blockquote>\n<p>Votre r\u00e9gion, votre actu !<\/p>\n<p>Recevez chaque jour les infos qui comptent pour vous.<\/p>\n<p>\t<a href=\"https:\/\/actu.fr\/newsletter\" class=\"ac-btn ac-btn--corner ac-btn--medium ac-btn--blue800\" target=\"_blank\" rel=\"noopener\">S&rsquo;incrire<\/a><\/p>\n<p class=\" wall-content\">Pour l\u2019instant, une seule recette et un format type : le lancement se fait en douceur. Les fondateurs prennent le temps. Le vrai d\u00e9marrage date de quelques mois et le nouveau packaging est arriv\u00e9 il y a peu. Avant, les p\u00e2tes se vendaient dans une simple bo\u00eete avec une \u00e9tiquette.<\/p>\n<p class=\" wall-content\">Le paquet de 450 grammes est vendu<strong> 5,50 euros<\/strong>. Pour l\u2019instant, la vente reste limit\u00e9e aux trois boulangeries Des r\u00eaves et du pain \u00e0 Montpellier et \u00e0 Saint-Georges-d\u2019Orques. Une ouverture vers d\u2019autres points de vente se r\u00e9fl\u00e9chit.<\/p>\n<p class=\" wall-content\">Personnalisez votre actualit\u00e9 en ajoutant vos villes et m\u00e9dias en favori avec <a href=\"https:\/\/moncompte.actu.fr\" title=\"D\u00e9couvez Mon Actu\" rel=\"nofollow noopener\" data-trk=\"{&quot;cta&quot;:{&quot;action&quot;:&quot;https:\\\/\\\/moncompte.actu.fr&quot;,&quot;category&quot;:&quot;mon compte&quot;,&quot;from&quot;:&quot;article footer&quot;,&quot;name&quot;:&quot;Mon actu&quot;,&quot;type&quot;:&quot;cta&quot;}}\" target=\"_blank\">Mon Actu<\/a>.<\/p>\n<p>                    <script async src=\"\/\/www.instagram.com\/embed.js\"><\/script><\/p>\n","protected":false},"excerpt":{"rendered":"Par L\u00e9a Pippinato Publi\u00e9 le 26 janv. 2026 \u00e0 13h32 C\u2019est une petite r\u00e9volution dans l\u2019assiette des Montpelli\u00e9rains.&hellip;\n","protected":false},"author":2,"featured_media":690445,"comment_status":"","ping_status":"","sticky":false,"template":"","format":"standard","meta":{"footnotes":""},"categories":[9599],"tags":[1111,11,327,258,436,1777,674,1011,27,1305,2208,12,2680,25],"class_list":{"0":"post-690444","1":"post","2":"type-post","3":"status-publish","4":"format-standard","5":"has-post-thumbnail","7":"category-montpellier","8":"tag-actu","9":"tag-actualites","10":"tag-agriculture","11":"tag-alimentation","12":"tag-environnement","13":"tag-eu","14":"tag-europe","15":"tag-fr","16":"tag-france","17":"tag-lifestyle","18":"tag-montpellier","19":"tag-news","20":"tag-occitanie","21":"tag-republique-francaise"},"share_on_mastodon":{"url":"https:\/\/pubeurope.com\/@fr\/115961643868460367","error":""},"_links":{"self":[{"href":"https:\/\/www.europesays.com\/fr\/wp-json\/wp\/v2\/posts\/690444","targetHints":{"allow":["GET"]}}],"collection":[{"href":"https:\/\/www.europesays.com\/fr\/wp-json\/wp\/v2\/posts"}],"about":[{"href":"https:\/\/www.europesays.com\/fr\/wp-json\/wp\/v2\/types\/post"}],"author":[{"embeddable":true,"href":"https:\/\/www.europesays.com\/fr\/wp-json\/wp\/v2\/users\/2"}],"replies":[{"embeddable":true,"href":"https:\/\/www.europesays.com\/fr\/wp-json\/wp\/v2\/comments?post=690444"}],"version-history":[{"count":0,"href":"https:\/\/www.europesays.com\/fr\/wp-json\/wp\/v2\/posts\/690444\/revisions"}],"wp:featuredmedia":[{"embeddable":true,"href":"https:\/\/www.europesays.com\/fr\/wp-json\/wp\/v2\/media\/690445"}],"wp:attachment":[{"href":"https:\/\/www.europesays.com\/fr\/wp-json\/wp\/v2\/media?parent=690444"}],"wp:term":[{"taxonomy":"category","embeddable":true,"href":"https:\/\/www.europesays.com\/fr\/wp-json\/wp\/v2\/categories?post=690444"},{"taxonomy":"post_tag","embeddable":true,"href":"https:\/\/www.europesays.com\/fr\/wp-json\/wp\/v2\/tags?post=690444"}],"curies":[{"name":"wp","href":"https:\/\/api.w.org\/{rel}","templated":true}]}}