{"id":69051,"date":"2025-05-02T09:57:10","date_gmt":"2025-05-02T09:57:10","guid":{"rendered":"https:\/\/www.europesays.com\/fr\/69051\/"},"modified":"2025-05-02T09:57:10","modified_gmt":"2025-05-02T09:57:10","slug":"des-militants-dextinction-rebellion-desarment-des-stations-service-totalenergies","status":"publish","type":"post","link":"https:\/\/www.europesays.com\/fr\/69051\/","title":{"rendered":"des militants d\u2019Extinction r\u00e9bellion \u00ab\u00a0d\u00e9sarment\u00a0\u00bb des stations-service TotalEnergies"},"content":{"rendered":"<p>Dans la nuit du jeudi\u00a01er au vendredi 2\u00a0mai, des militants d\u2019 <a href=\"https:\/\/www.dna.fr\/faits-divers-justice\/2024\/11\/21\/votre-vehicule-a-ete-sabote-une-vague-de-pneus-de-suv-degonfles\" target=\"_blank\" rel=\"nofollow noopener\">Extinction r\u00e9bellion Strasbourg<\/a> ont sabot\u00e9 trois stations-service TotalEnergies \u00e0 Cronenbourg, au Port-du-Rhin et \u00e0 Schiltigheim pour \u00ab\u00a0perturber l\u2019activit\u00e9 \u00e9conomique de cette multinationale \u00e9cocidaire\u00a0\u00bb. Des tuyaux de pompes \u00e0 essence ont \u00e9t\u00e9 cadenass\u00e9s et des affiches \u00ab\u00a0Hors service#Carnagetotal\u00a0\u00bb placard\u00e9s sur les bornes de paiement.<\/p>\n<p>Les militants r\u00e9clament que la multinationale \u00ab\u00a0reconnaisse son r\u00f4le et sa responsabilit\u00e9 dans le changement climatique, participe \u00e0 des discussions constructives pour y mettre fin et mette ses ressources \u00e0 disposition dans la transition \u00e9nerg\u00e9tique\u00a0\u00bb, pr\u00e9cise le communiqu\u00e9. Le collectif a \u00e9galement agi pour que l\u2019entreprise \u00ab\u00a0abandonne tout nouveau projet d\u2019exploration et d\u2019exploitation d\u2019\u00e9nergies fossiles dans le monde\u00a0\u00bb.<\/p>\n<p>Leur action s\u2019inscrit aussi dans une d\u00e9marche de soutien aux victimes de la r\u00e9pression et du lobbying fossile, \u00ab\u00a0notamment les onze activistes actuellement en prison au Royaume-Uni et surtout les personnes dont la vie est mise en p\u00e9ril par <a href=\"https:\/\/www.dna.fr\/economie\/2022\/09\/16\/qu-est-ce-que-le-megaprojet-petrolier-de-totalenergies-en-ouganda-epingle-par-le-parlement-europeen\" target=\"_blank\" rel=\"nofollow noopener\">le projet EACOP<\/a> en Ouganda et Tanzanie\u00a0\u00bb, stipule encore le communiqu\u00e9.<\/p>\n<p>Une des stations a indiqu\u00e9 que l\u2019activit\u00e9 a pu reprendre ce vendredi matin, vers 8\u00a0h.<\/p>\n","protected":false},"excerpt":{"rendered":"Dans la nuit du jeudi\u00a01er au vendredi 2\u00a0mai, des militants d\u2019 Extinction r\u00e9bellion Strasbourg ont sabot\u00e9 trois stations-service&hellip;\n","protected":false},"author":2,"featured_media":69052,"comment_status":"","ping_status":"","sticky":false,"template":"","format":"standard","meta":{"footnotes":""},"categories":[2820],"tags":[1111,11,271,272,2880,436,1777,674,274,107,1011,27,775,12,25,640,2879],"class_list":{"0":"post-69051","1":"post","2":"type-post","3":"status-publish","4":"format-standard","5":"has-post-thumbnail","7":"category-strasbourg","8":"tag-actu","9":"tag-actualites","10":"tag-crime","11":"tag-delit-et-contravention","12":"tag-edition-strasbourg","13":"tag-environnement","14":"tag-eu","15":"tag-europe","16":"tag-faits-divers-justice","17":"tag-fil-info","18":"tag-fr","19":"tag-france","20":"tag-grand-est","21":"tag-news","22":"tag-republique-francaise","23":"tag-strasbourg","24":"tag-strasbourg-ville"},"share_on_mastodon":{"url":"https:\/\/pubeurope.com\/@fr\/114437648909234399","error":""},"_links":{"self":[{"href":"https:\/\/www.europesays.com\/fr\/wp-json\/wp\/v2\/posts\/69051","targetHints":{"allow":["GET"]}}],"collection":[{"href":"https:\/\/www.europesays.com\/fr\/wp-json\/wp\/v2\/posts"}],"about":[{"href":"https:\/\/www.europesays.com\/fr\/wp-json\/wp\/v2\/types\/post"}],"author":[{"embeddable":true,"href":"https:\/\/www.europesays.com\/fr\/wp-json\/wp\/v2\/users\/2"}],"replies":[{"embeddable":true,"href":"https:\/\/www.europesays.com\/fr\/wp-json\/wp\/v2\/comments?post=69051"}],"version-history":[{"count":0,"href":"https:\/\/www.europesays.com\/fr\/wp-json\/wp\/v2\/posts\/69051\/revisions"}],"wp:featuredmedia":[{"embeddable":true,"href":"https:\/\/www.europesays.com\/fr\/wp-json\/wp\/v2\/media\/69052"}],"wp:attachment":[{"href":"https:\/\/www.europesays.com\/fr\/wp-json\/wp\/v2\/media?parent=69051"}],"wp:term":[{"taxonomy":"category","embeddable":true,"href":"https:\/\/www.europesays.com\/fr\/wp-json\/wp\/v2\/categories?post=69051"},{"taxonomy":"post_tag","embeddable":true,"href":"https:\/\/www.europesays.com\/fr\/wp-json\/wp\/v2\/tags?post=69051"}],"curies":[{"name":"wp","href":"https:\/\/api.w.org\/{rel}","templated":true}]}}