{"id":690512,"date":"2026-01-26T14:07:12","date_gmt":"2026-01-26T14:07:12","guid":{"rendered":"https:\/\/www.europesays.com\/fr\/690512\/"},"modified":"2026-01-26T14:07:12","modified_gmt":"2026-01-26T14:07:12","slug":"mclaren-explique-les-raisons-derriere-sa-livree-temporaire","status":"publish","type":"post","link":"https:\/\/www.europesays.com\/fr\/690512\/","title":{"rendered":"McLaren explique les raisons derri\u00e8re sa livr\u00e9e temporaire"},"content":{"rendered":"<p>M\u00eame si <a href=\"https:\/\/fr.motorsport.com\/team\/mclaren\/609\/\" target=\"_blank\" rel=\"noopener\">McLaren<\/a> avait d\u00e9j\u00e0 annonc\u00e9 qu&rsquo;<a href=\"https:\/\/fr.motorsport.com\/f1\/news\/pourquoi-mclaren-absent-premier-jour-essais-hivernaux\/10791754\/\" target=\"_blank\" rel=\"noopener\">elle ne roulerait pas lors de la premi\u00e8re journ\u00e9e des essais hivernaux 2026<\/a> de F1 \u00e0 Barcelone, justifiant cela par le fait d&rsquo;avoir voulu pousser le plus loin possible le d\u00e9veloppement de la MCL40, l&rsquo;\u00e9curie n&rsquo;a pas \u00e9t\u00e9 totalement absente des discussions ce lundi.<\/p>\n<p>En effet, \u00e0 9 heures tapantes, soit au moment m\u00eame o\u00f9 le feu passait au vert et o\u00f9 <a href=\"https:\/\/fr.motorsport.com\/team\/mercedes\/611\/\" target=\"_blank\" rel=\"noopener\">Mercedes<\/a>, <a href=\"https:\/\/fr.motorsport.com\/team\/audi\/49049\/\" target=\"_blank\" rel=\"noopener\">Audi<\/a> ou <a href=\"https:\/\/fr.motorsport.com\/team\/alpine\/37490\/\" target=\"_blank\" rel=\"noopener\">Alpine<\/a> envoyaient leurs voitures en piste sur le trac\u00e9 de Barcelone, l&rsquo;\u00e9curie tenante des deux titres mondiaux a publi\u00e9 les premi\u00e8res images de sa voiture pour la saison \u00e0 venir.<\/p>\n<p>Le principal sujet de discussion &#8211; car il faut \u00e9videmment prendre ces images avec des pincettes pour ce qui est de l&rsquo;aspect technique &#8211; fut de d\u00e9couvrir une livr\u00e9e noire et chrom\u00e9e qui a fait son petit effet chez les nostalgiques. Elle rappelle en effet un peu les\u00a0McLaren de la fin des ann\u00e9es 1990 et du d\u00e9but des ann\u00e9es 2000, au d\u00e9but du premier partenariat avec Mercedes.<\/p>\n<p>Lire aussi :<\/p>\n<p>Bien entendu, il s&rsquo;agit l\u00e0 d&rsquo;une version temporaire pour les essais de cette semaine \u00e0 Barcelone. La MCL40 retrouvera sans nul doute, \u00e0 compter de la pr\u00e9sentation officielle le 9 f\u00e9vrier prochain (soit avant les deux sessions\u00a0d&rsquo;essais \u00e0 Bahre\u00efn), le papaye qui est de rigueur depuis d\u00e9sormais plusieurs ann\u00e9es.<\/p>\n<p>\u00ab\u00a0Pour ne pas g\u00e2cher la surprise [de la livr\u00e9e 2026], nous utiliserons un design unique noir et chrome, arborant le num\u00e9ro 2026 sur le capot moteur et les pontons, ce qui nous permettra de montrer la MCL40 sans d\u00e9voiler notre nouveau look avant d&rsquo;\u00eatre pr\u00eats \u00e0 le pr\u00e9senter \u00e0 Bahre\u00efn\u00a0\u00bb, a expliqu\u00e9 l&rsquo;\u00e9curie sur son site officiel.<\/p>\n<p>Plus int\u00e9ressant encore est l&rsquo;explication donn\u00e9e au choix d&rsquo;utiliser cette livr\u00e9e temporaire par rapport la possibilit\u00e9 de venir en Catalogne avec une version 2025 ou sans livr\u00e9e du tout\u00a0:\u00a0\u00ab\u00a0Utiliser un ancien design n&rsquo;aurait pas \u00e9t\u00e9 appropri\u00e9 alors que la F1 entre dans une nouvelle \u00e8re, et cela n&rsquo;aurait pas \u00e9t\u00e9 tr\u00e8s McLaren d&rsquo;envoyer une voiture sans livr\u00e9e.\u00a0\u00bb<\/p>\n<p>\u00ab\u00a0Bien que notre livr\u00e9e pour les essais ne soit pas identique \u00e0 celle que nous utiliserons en 2026, les deux pr\u00e9sentent de nombreuses similitudes physiques. Notre \u00e9quipe cr\u00e9ative a travaill\u00e9 en \u00e9troite collaboration avec les \u00e9quipes charg\u00e9es de la conception du v\u00e9hicule et de l&rsquo;a\u00e9rodynamique afin de cr\u00e9er un design qui nous permette d&rsquo;\u00e9valuer la voiture dans sa livr\u00e9e compl\u00e8te pendant ces premiers jours d&rsquo;essai.\u00a0\u00bb<\/p>\n<p>McLaren veut \u00e9valuer l&rsquo;impact d&rsquo;une nouvelle r\u00e8gle en F1<br \/>\n   <img decoding=\"async\" draggable=\"false\" src=\"https:\/\/www.europesays.com\/fr\/wp-content\/uploads\/2026\/01\/mclaren-mcl40-barcelona-test-l.jpg\" alt=\"La McLaren MCL40 avec sa livr\u00e9e pour les essais de Barcelone.\" width=\"1200\" height=\"800\" loading=\"lazy\"\/> <\/p>\n<p class=\"title\">La McLaren MCL40 avec sa livr\u00e9e pour les essais de Barcelone.<\/p>\n<p class=\"photographer\">Photo de: McLaren<\/p>\n<p>Un aspect qui n&rsquo;est pas si anodin que cela car, en effet, la saison 2026 voit une premi\u00e8re dans l&rsquo;Histoire de la F1, \u00e0 savoir <a href=\"https:\/\/fr.motorsport.com\/f1\/news\/fia-imposer-majorite-peinture-f1-2026\/10776774\/\" target=\"_blank\" rel=\"noopener\">l&rsquo;imposition aux \u00e9curies d&rsquo;une surface minimum qui doit \u00eatre recouverte par de la peinture<\/a>.<\/p>\n<p>Cette r\u00e8gle a \u00e9t\u00e9 mise en place pour \u00e9viter la d\u00e9rive des ann\u00e9es pr\u00e9c\u00e9dentes qui a vu de nombreuses \u00e9curies pr\u00e9f\u00e9rer laisser de larges portions de fibre de carbone \u00e0 nue, plut\u00f4t que de prendre le risque de s&rsquo;alourdir avec de la peinture. Cela est d&rsquo;autant plus crucial cette saison que le poids minimum des monoplaces a, pour la premi\u00e8re fois depuis longtemps, \u00e9t\u00e9 abaiss\u00e9 (d&rsquo;une trentaine de kilos).<\/p>\n<p>\u00ab\u00a0Cela implique notamment de comprendre l&rsquo;impact d&rsquo;une nouvelle r\u00e8gle FIA exigeant qu&rsquo;au moins 55% de la voiture soit recouverte [par une livr\u00e9e]\u00a0\u00bb, a poursuivi l&rsquo;\u00e9curie. \u00ab\u00a0En utilisant une livr\u00e9e repr\u00e9sentative, nous pouvons \u00e9valuer la long\u00e9vit\u00e9 du rev\u00eatement en vinyle sur des zones auparavant non recouvertes et particuli\u00e8rement sensibles \u00e0 la chaleur.\u00a0\u00bb<\/p>\n<p>McLaren n&rsquo;est pas la seule \u00e9curie qui dispose d&rsquo;une livr\u00e9e temporaire \u00e0 Barcelone depuis c&rsquo;est \u00e9galement le cas pour Cadillac (dont la livr\u00e9e sera r\u00e9v\u00e9l\u00e9e le 8 f\u00e9vrier pendant le Super Bowl)\u00a0et devrait, selon toute vraisemblance, \u00eatre le cas pour Aston Martin puisque la pr\u00e9sentation de l&rsquo;\u00e9curie de Silverstone est \u00e9galement pr\u00e9vue le 9 f\u00e9vrier.<\/p>\n<p><a href=\"https:\/\/fr.motorsport.com\/f1\/news\/williams-livree-f1-tests-hivernaux-2026\/10785743\/\" target=\"_blank\" rel=\"noopener\">Williams avait pr\u00e9vu une livr\u00e9e temporaire<\/a> &#8211; d\u00e9cid\u00e9e via un vote de ses fans &#8211; en attendant sa pr\u00e9sentation officielle pr\u00e9vue le 3 f\u00e9vrier, mais l&rsquo;\u00e9curie britannique a renonc\u00e9 \u00e0 participer au test de Barcelone.<\/p>\n<p>Lire aussi :<\/p>\n<p>            Votre avis nous int\u00e9resse !<\/p>\n<p class=\"mt-auto\">Qu&rsquo;aimeriez-vous voir sur Motorsport.com ?<\/p>\n<p>            <a href=\"#\" class=\"ms-link text-link font-bold\">R\u00e9pondez \u00e0 notre enqu\u00eate en 5 minutes.<\/a><\/p>\n<p class=\"mt-1 text-body\">&#8211; L&rsquo;\u00e9quipe Motorsport.com<\/p>\n","protected":false},"excerpt":{"rendered":"M\u00eame si McLaren avait d\u00e9j\u00e0 annonc\u00e9 qu&rsquo;elle ne roulerait pas lors de la premi\u00e8re journ\u00e9e des essais hivernaux&hellip;\n","protected":false},"author":2,"featured_media":690513,"comment_status":"","ping_status":"","sticky":false,"template":"","format":"standard","meta":{"footnotes":""},"categories":[2],"tags":[11,5040,1454,1011,27,2243,4475,78678,12,2241,78679,25],"class_list":{"0":"post-690512","1":"post","2":"type-post","3":"status-publish","4":"format-standard","5":"has-post-thumbnail","7":"category-actualites","8":"tag-actualites","9":"tag-bahrain-international-circuit","10":"tag-formule-1","11":"tag-fr","12":"tag-france","13":"tag-lando-norris","14":"tag-mclaren","15":"tag-mclaren-explique-les-raisons-derriu00e8re-sa-livru00e9e-temporaire","16":"tag-news","17":"tag-oscar-piastri","18":"tag-pru00e9sentation-mclaren","19":"tag-republique-francaise"},"share_on_mastodon":{"url":"https:\/\/pubeurope.com\/@fr\/115961793567499670","error":""},"_links":{"self":[{"href":"https:\/\/www.europesays.com\/fr\/wp-json\/wp\/v2\/posts\/690512","targetHints":{"allow":["GET"]}}],"collection":[{"href":"https:\/\/www.europesays.com\/fr\/wp-json\/wp\/v2\/posts"}],"about":[{"href":"https:\/\/www.europesays.com\/fr\/wp-json\/wp\/v2\/types\/post"}],"author":[{"embeddable":true,"href":"https:\/\/www.europesays.com\/fr\/wp-json\/wp\/v2\/users\/2"}],"replies":[{"embeddable":true,"href":"https:\/\/www.europesays.com\/fr\/wp-json\/wp\/v2\/comments?post=690512"}],"version-history":[{"count":0,"href":"https:\/\/www.europesays.com\/fr\/wp-json\/wp\/v2\/posts\/690512\/revisions"}],"wp:featuredmedia":[{"embeddable":true,"href":"https:\/\/www.europesays.com\/fr\/wp-json\/wp\/v2\/media\/690513"}],"wp:attachment":[{"href":"https:\/\/www.europesays.com\/fr\/wp-json\/wp\/v2\/media?parent=690512"}],"wp:term":[{"taxonomy":"category","embeddable":true,"href":"https:\/\/www.europesays.com\/fr\/wp-json\/wp\/v2\/categories?post=690512"},{"taxonomy":"post_tag","embeddable":true,"href":"https:\/\/www.europesays.com\/fr\/wp-json\/wp\/v2\/tags?post=690512"}],"curies":[{"name":"wp","href":"https:\/\/api.w.org\/{rel}","templated":true}]}}