{"id":690518,"date":"2026-01-26T14:12:09","date_gmt":"2026-01-26T14:12:09","guid":{"rendered":"https:\/\/www.europesays.com\/fr\/690518\/"},"modified":"2026-01-26T14:12:09","modified_gmt":"2026-01-26T14:12:09","slug":"6-nations-lequipe-de-france-a-besoin-de-sang-frais-assure-fabien-galthie-avant-de-debuter-le-tournoi","status":"publish","type":"post","link":"https:\/\/www.europesays.com\/fr\/690518\/","title":{"rendered":"6 Nations \u2013 \u00ab\u00a0L\u2019\u00e9quipe de France a besoin de sang frais\u00a0\u00bb, assure Fabien Galthi\u00e9 avant de d\u00e9buter le Tournoi"},"content":{"rendered":"<p>\n                \u00c0 l\u2019occasion du lancement du Tournoi des 6 Nations \u00e0 \u00c9dimbourg, Fabien Galthi\u00e9 est revenu sur les choix de sa liste avant de se projeter sur la reine des comp\u00e9titions de l\u2019h\u00e9misph\u00e8re nord.\n            <\/p>\n<p><strong>Uini Atonio et Paul Boudehent, les deux derniers forfaits de la liste, ont-ils une chance de revenir au fil de la comp\u00e9tition\u00a0?<\/strong><\/p>\n<p><a href=\"https:\/\/www.rugbyrama.fr\/2026\/01\/26\/tournoi-des-6-nations-xv-de-france-uini-atonio-et-paul-boudehent-forfaits-georges-henri-colombe-et-alexandre-roumat-pour-les-remplacer-avec-les-bleus-13187380.php\" target=\"_self\" rel=\"noopener\"><strong>Ils sont bless\u00e9s \u00e0 court terme, au moins jusqu\u2019\u00e0 mercredi<\/strong><\/a>. Apr\u00e8s, on verra ce qu\u2019il va se passer pour eux. Il peut y avoir encore des changements. Ce n\u2019est qu\u2019une premi\u00e8re liste de quarante-deux joueurs. Elle n\u2019est pas fig\u00e9e.<\/p>\n<p><strong>Y a-t-il un espoir de les voir sur le terrain pour France \u2013 Irlande\u00a0?<\/strong><\/p>\n<p>Un espoir, on verra\u2026 Nous sommes quoi qu\u2019il en soit habitu\u00e9s \u00e0 ces rotations-l\u00e0, nous nous y \u00e9tions pr\u00e9par\u00e9s. J\u2019ai d\u2019ailleurs une pens\u00e9e pour tous les joueurs qui ne seront pas des premiers rendez-vous \u00e0 Marcoussis.<\/p>\n<p><strong>A-t-il \u00e9t\u00e9 difficile de vous priver de plusieurs cadres, tels Damian Penaud, Gregory Alldritt ou Ga\u00ebl Fickou, pour pr\u00e9parer cette premi\u00e8re liste de quarante-deux joueurs\u00a0?<\/strong><\/p>\n<p>C\u2019est difficile mais c\u2019est notre travail. <a href=\"https:\/\/www.rugbyrama.fr\/2026\/01\/21\/tournoi-des-6-nations-premiere-pour-tom-staniforth-plusieurs-cadres-ecartes-la-liste-des-42-joueurs-retenus-par-fabien-galthie-pour-preparer-le-13175154.php\" target=\"_self\" rel=\"noopener\"><strong>La liste que nous avons sortie la semaine derni\u00e8re<\/strong><\/a>, elle est le fruit de trois semaines de travail intense. On prend en compte les joueurs bless\u00e9s, l\u2019\u00e9quilibre de l\u2019\u00e9quipe, l\u2019\u00e9mulation. Mais cette s\u00e9lection est une photo \u00e0 \u00ab\u00a0l\u2019instant T\u00a0\u00bb, une \u00e9quipe pour un match. Au d\u00e9but de mon mandat, j\u2019avais choisi le conservatisme pour cr\u00e9er de l\u2019exp\u00e9rience collective dans l\u2019\u00e9quipe de France. Apr\u00e8s six ans de vie commune, il est temps de trouver une \u00e9volution entre ce conservatisme et l\u2019innovation.<\/p>\n<p><strong>On vous suit.<\/strong><\/p>\n<p>Il y a deux saisons, qui connaissait Louis Bielle-Biarrey\u00a0? Peu de monde. Il faut donc donner la chance \u00e0 nos jeunes joueurs les plus talentueux de porter le maillot. Ils m\u00e9ritent d\u2019\u00eatre vus et revus. Parce que l\u2019\u00e9quipe de France a aussi besoin de sang frais.<\/p>\n<p><strong>N\u2019est-ce pas un risque, quelque part\u00a0?<\/strong><\/p>\n<p>Bien s\u00fbr. Mais la premi\u00e8re chose que sait un joueur du XV de France, c\u2019est qu\u2019il n\u2019est pas install\u00e9. Personne ne croit qu\u2019il va \u00eatre appel\u00e9 \u00e0 chaque rassemblement. Pour parler de ma propre exp\u00e9rience, j\u2019ai toujours su que la s\u00e9lection, c\u2019\u00e9tait \u00e0 court terme. En clair, on aurait pu rester sur le groupe ayant remport\u00e9 le Tournoi des 6 Nations 2025 mais nous avons aussi choisi d\u2019innover.<\/p>\n<p><strong>Que pouvez-vous nous dire au sujet de Matthieu Jalibert, qui pourrait conduire le jeu de l\u2019\u00e9quipe de France contre l\u2019Irlande\u00a0?<\/strong><\/p>\n<p>Il est tr\u00e8s bon et a toujours \u00e9t\u00e9 l\u00e0, avec nous, depuis 2020. Il y a en effet six ans que je fonctionne avec trois ouvreurs identifi\u00e9s\u00a0: Romain Ntamack, Matthieu Jalibert et Thomas Ramos. Les trois ont d\u2019ailleurs jou\u00e9 pendant le dernier Tournoi des 6 Nations.<\/p>\n<p><strong>Est-il compatible avec Antoine Dupont ou alors, le c\u00f4t\u00e9 purement \u00ab\u00a0\u00e9jecteur\u00a0\u00bb\u00a0de Maxime Lucu lui convient-il mieux\u00a0?<\/strong><\/p>\n<p>Sur un plan offensif, Matthieu (Jalibert) a toujours \u00e9t\u00e9 tr\u00e8s bon avec nous. La compatibilit\u00e9 entre un 9 et un 10, c\u2019est la question qu\u2019on se posera avant chaque match. Elle est fondamentale. Romain (Ntamack) et Antoine (Dupont) s\u2019entra\u00eenent tous les jours ensemble. Ce n\u2019est pas le cas d\u2019Antoine et Matthieu mais ils ont d\u00e9j\u00e0 jou\u00e9 de nombreuses fois ensemble.<\/p>\n<p><strong>Matthieu Jalibert a-t-il besoin d\u2019\u00eatre mis en confiance\u00a0? Il a parfois \u00e9t\u00e9 d\u00e9pass\u00e9 par Thomas Ramos, qui joue plut\u00f4t arri\u00e8re\u2026<\/strong><\/p>\n<p>En \u00e9quipe de France, il faut \u00eatre pr\u00eat pour l\u2019ascenseur \u00e9motionnel, de fa\u00e7on agr\u00e9able ou d\u00e9sagr\u00e9able. C\u2019est la qualit\u00e9 premi\u00e8re d\u2019un joueur qui arrive en s\u00e9lection.<\/p>\n<p><strong>Avez-vous une id\u00e9e de la composition d\u2019\u00e9quipe qui\u00a0affrontera l\u2019Irlande le 5\u00a0f\u00e9vrier\u00a0?<\/strong><\/p>\n<p>En partie. Maintenant, il y a challenge autour de vingt-huit joueurs. [\u2026] Vous savez, ce Tournoi est tellement beau, tellement difficile. Chaque match a sa propre histoire. [\u2026] Je suis tellement content d\u2019\u00eatre l\u00e0, \u00e0 \u00c9dimbourg, au milieu des plus grands coachs de la comp\u00e9tition. Comme dirait Socrate, \u00ab\u00a0qu\u2019est-ce que tu veux de plus quand tu aimes le rugby\u00a0?\u00a0\u00bb<\/p>\n","protected":false},"excerpt":{"rendered":"\u00c0 l\u2019occasion du lancement du Tournoi des 6 Nations \u00e0 \u00c9dimbourg, Fabien Galthi\u00e9 est revenu sur les choix&hellip;\n","protected":false},"author":2,"featured_media":690519,"comment_status":"","ping_status":"","sticky":false,"template":"","format":"standard","meta":{"footnotes":""},"categories":[1416],"tags":[74904,1011,27,479,1468,68796,60,68804],"class_list":{"0":"post-690518","1":"post","2":"type-post","3":"status-publish","4":"format-standard","5":"has-post-thumbnail","7":"category-rugby","8":"tag-fabien-galthiu00e9","9":"tag-fr","10":"tag-france","11":"tag-rugby","12":"tag-rugby-football","13":"tag-rugby-u00e0-xv","14":"tag-sports","15":"tag-tournoi-des-6-nations-2026"},"share_on_mastodon":{"url":"https:\/\/pubeurope.com\/@fr\/115961812955995327","error":""},"_links":{"self":[{"href":"https:\/\/www.europesays.com\/fr\/wp-json\/wp\/v2\/posts\/690518","targetHints":{"allow":["GET"]}}],"collection":[{"href":"https:\/\/www.europesays.com\/fr\/wp-json\/wp\/v2\/posts"}],"about":[{"href":"https:\/\/www.europesays.com\/fr\/wp-json\/wp\/v2\/types\/post"}],"author":[{"embeddable":true,"href":"https:\/\/www.europesays.com\/fr\/wp-json\/wp\/v2\/users\/2"}],"replies":[{"embeddable":true,"href":"https:\/\/www.europesays.com\/fr\/wp-json\/wp\/v2\/comments?post=690518"}],"version-history":[{"count":0,"href":"https:\/\/www.europesays.com\/fr\/wp-json\/wp\/v2\/posts\/690518\/revisions"}],"wp:featuredmedia":[{"embeddable":true,"href":"https:\/\/www.europesays.com\/fr\/wp-json\/wp\/v2\/media\/690519"}],"wp:attachment":[{"href":"https:\/\/www.europesays.com\/fr\/wp-json\/wp\/v2\/media?parent=690518"}],"wp:term":[{"taxonomy":"category","embeddable":true,"href":"https:\/\/www.europesays.com\/fr\/wp-json\/wp\/v2\/categories?post=690518"},{"taxonomy":"post_tag","embeddable":true,"href":"https:\/\/www.europesays.com\/fr\/wp-json\/wp\/v2\/tags?post=690518"}],"curies":[{"name":"wp","href":"https:\/\/api.w.org\/{rel}","templated":true}]}}