{"id":690536,"date":"2026-01-26T14:27:10","date_gmt":"2026-01-26T14:27:10","guid":{"rendered":"https:\/\/www.europesays.com\/fr\/690536\/"},"modified":"2026-01-26T14:27:10","modified_gmt":"2026-01-26T14:27:10","slug":"le-27-janvier-vahina-enleve-e","status":"publish","type":"post","link":"https:\/\/www.europesays.com\/fr\/690536\/","title":{"rendered":"le 27 janvier, Vahina enl\u00e8ve E &#8230;"},"content":{"rendered":"<p>EN BREF<\/p>\n<ul class=\"bloc_resume_post_list\">\n<li>Le 27 janvier dans Demain nous appartient sur TF1, les<br \/>\npires craintes de Roxane s\u00a0\u00bbav\u00e8rent justifi\u00e9es.<\/li>\n<li>Apr\u00e8s que Sara ait laiss\u00e9 Vahina r\u00e9cup\u00e9rer Enora \u00e0 la<br \/>\ncr\u00e8che, les deux femmes r\u00e9alisent que leur invit\u00e9e a enlev\u00e9 leur<br \/>\nfille.<\/li>\n<li>De leur c\u00f4t\u00e9, Chlo\u00e9 et Rapha\u00eblle mettent enfin les choses<br \/>\n\u00e0 plat.<\/li>\n<\/ul>\n<p>Le 27 janvier dans Demain nous appartient (<a href=\"https:\/\/www.tf1.fr\/\" rel=\"nofollow noopener\" target=\"_blank\">TF1<\/a>, 19h10), Roxane<br \/>\n(Rapha\u00eble Volkoff) questionne Vahina (Andr\u00e9a Furet) au<br \/>\npetit-d\u00e9jeuner et cette derni\u00e8re dit se souvenir maintenant que son<br \/>\nagresseur l\u2019a \u00e9trangl\u00e9e. Quand elle en parle avec Sara (Camille<br \/>\nGenau), <strong>Roxane exprime son scepticisme quant au fait que<br \/>\nVahina ait oubli\u00e9 ces marques<\/strong> et ne les ait ni vues ni<br \/>\nsenties ces derniers jours. Elle insiste pour que Karim (Samy<br \/>\nGharbi) l\u2019interroge \u00e0 nouveau. Au commissariat, ce dernier lui pose<br \/>\ndes questions mais <a href=\"https:\/\/www.telestar.fr\/serie_tv\/exclu-demain-nous-appartient-une-potentielle-rivale-vahina-andrea-furet-va-t-elle-briser-le-couple-sara-roxane-1751679\" rel=\"noopener\" target=\"_blank\">le r\u00e9cit de Vahina<\/a> est de plus en plus flou. Il se<br \/>\ndemande s\u2019il s\u2019agissait vraiment d\u2019un vol \u00e0 l\u2019arrach\u00e9 ou si ce<br \/>\nn\u2019\u00e9tait pas quelque chose de plus personnel. Quand il en parle \u00e0<br \/>\nRoxane et Sara, il fait part de ses doutes que Roxane partage, mais<br \/>\nsa femme continue de d\u00e9fendre leur invit\u00e9e.<\/p>\n<p>Roxane continue sa petite enqu\u00eate et d\u00e9couvre que Vahina leur a<br \/>\nmenti sur son travail et ses \u00e9tudes. Quand elle se confie \u00e0 Bart<br \/>\n(Hector Langevin), elle admet que ce qui la g\u00eane aussi est la fa\u00e7on<br \/>\ndont Vahina regarde Sara. Plus tard quand elle retrouve sa femme,<br \/>\nRoxane apprend que c\u2019est Vahina qui a \u00e9t\u00e9 chercher Enora \u00e0 la<br \/>\ncr\u00e8che. Inqui\u00e8te, elle s\u2019empresse de rentrer pour s\u2019assurer que<br \/>\ntout va bien, mais <strong>elle d\u00e9couvre leur maison vide<\/strong>.<br \/>\nEn panique, elle appelle Sara pour lui dire qu\u2019Enora et Vahina ont<br \/>\ndisparu et que les valises de cette derni\u00e8re ne sont plus l\u00e0 non<br \/>\nplus\u2026<\/p>\n<p>Demain nous appartient : Rapha\u00eblle et Chlo\u00e9 font la paix<\/p>\n<p>Ailleurs \u00e0 S\u00e8te, Diego (Enzo Rose) confie \u00e0 sa m\u00e8re qu\u2019il n\u2019est<br \/>\nplus avec Maud (Sixtine Dutheil), et Judith (Alice Varela) explique<br \/>\nque c\u2019est \u00e0 cause des tensions entre elle et Rapha\u00eblle (Jennifer<br \/>\nLauret) que le couple s\u2019est s\u00e9par\u00e9. Chlo\u00e9 (Ingrid Chauvin) n\u2019en<br \/>\nrevient pas que les choses aillent aussi loin, d\u2019autant plus<br \/>\nqu\u2019<strong>elle ne voulait pas que sa famille se m\u00eale de cette<br \/>\nhistoire.<\/strong> M\u00eame son de cloche pour Rapha\u00eblle, qui apprend<br \/>\nla rupture de son p\u00e8re avec Marianne (Luce Mouchel) et celle de sa<br \/>\nfille avec Diego. Face \u00e0 la gravit\u00e9 de la situation, <a href=\"https:\/\/www.telestar.fr\/serie_tv\/demain-nous-appartient-en-avance-le-23-janvier-sara-se-fait-attaquer-et-le-ton-monte-entre-chloe-et-raphaelle-1751717\" target=\"_blank\" rel=\"noopener\"><br \/>\nRapha\u00eblle et Chlo\u00e9<\/a> se retrouvent au Spoon pour mettre les<br \/>\nchoses \u00e0 plat. Elles finissent par se r\u00e9concilier, chacune<br \/>\nreconnaissant ses torts mais surtout l\u2019amour qu\u2019elles se portent<br \/>\nl\u2019une \u00e0 l\u2019autre.<\/p>\n<p>Quand Judith apprend la bonne nouvelle, <strong>elle peut<br \/>\nannoncer aux deux familles que leur plan a march\u00e9<\/strong>. De son<br \/>\nc\u00f4t\u00e9 <a href=\"https:\/\/www.telestar.fr\/serie_tv\/demain-nous-appartient-en-avance-le-26-janvier-aaron-devient-escort-et-roxane-decouvre-le-secret-de-vahina-1751863\" target=\"_blank\" rel=\"noopener\"><br \/>\nAaron (Stany Coppet) continue ses activit\u00e9s d\u2019escort<\/a> dans le<br \/>\nplus grand des secrets. Il refuse de dire quoi que ce soit \u00e0 Soizic<br \/>\n(Charlie Nune) de peur de la choquer &#8211; bien que cette derni\u00e8re<br \/>\ninsiste. Le soir, il retrouve une nouvelle cliente et ment \u00e0<br \/>\nVictoire (Sol\u00e8ne H\u00e9bert) en expliquant qu\u2019il ne d\u00eenera pas \u00e0 la<br \/>\ncoloc puisqu\u2019il est de garde.<\/p>\n<p>Erica avoue son secret \u00e0 Bart<\/p>\n<p>Enfin Erica (Shirley Bousquet), qui a repris la cigarette,<br \/>\ncontinue de mentir \u00e0 Bart mais elle se fait \u00e9pingler par Lizzie<br \/>\n(Juliette Mabilat) au lyc\u00e9e. Elle fait promettre \u00e0 cette derni\u00e8re<br \/>\nde ne rien dire \u00e0 son fils. Plus tard lors du d\u00e9m\u00e9nagement, Marceau<br \/>\n(David Mousset) tombe sur un paquet de cigarettes et pense qu\u2019il a<br \/>\n\u00e9t\u00e9 oubli\u00e9 l\u00e0 depuis un moment. Quand Bart se retrouve seul avec<br \/>\nErica, <strong>il lui fait admettre qu\u2019elle a effectivement<br \/>\nrecommenc\u00e9 \u00e0 fumer,<\/strong> mais elle ne veut pas que Marceau le<br \/>\nsache. Bart pointe du doigt qu\u2019elle ne pourra dans tous les cas pas<br \/>\nfumer dans sa nouvelle demeure\u2026<\/p>\n","protected":false},"excerpt":{"rendered":"EN BREF Le 27 janvier dans Demain nous appartient sur TF1, les pires craintes de Roxane s\u00a0\u00bbav\u00e8rent justifi\u00e9es.&hellip;\n","protected":false},"author":2,"featured_media":690537,"comment_status":"","ping_status":"","sticky":false,"template":"","format":"standard","meta":{"footnotes":""},"categories":[8],"tags":[548,3598,58,59,1011,27,65861],"class_list":{"0":"post-690536","1":"post","2":"type-post","3":"status-publish","4":"format-standard","5":"has-post-thumbnail","7":"category-divertissement","8":"tag-article-simple","9":"tag-demain-nous-appartient","10":"tag-divertissement","11":"tag-entertainment","12":"tag-fr","13":"tag-france","14":"tag-trend"},"share_on_mastodon":{"url":"https:\/\/pubeurope.com\/@fr\/115961872048822392","error":""},"_links":{"self":[{"href":"https:\/\/www.europesays.com\/fr\/wp-json\/wp\/v2\/posts\/690536","targetHints":{"allow":["GET"]}}],"collection":[{"href":"https:\/\/www.europesays.com\/fr\/wp-json\/wp\/v2\/posts"}],"about":[{"href":"https:\/\/www.europesays.com\/fr\/wp-json\/wp\/v2\/types\/post"}],"author":[{"embeddable":true,"href":"https:\/\/www.europesays.com\/fr\/wp-json\/wp\/v2\/users\/2"}],"replies":[{"embeddable":true,"href":"https:\/\/www.europesays.com\/fr\/wp-json\/wp\/v2\/comments?post=690536"}],"version-history":[{"count":0,"href":"https:\/\/www.europesays.com\/fr\/wp-json\/wp\/v2\/posts\/690536\/revisions"}],"wp:featuredmedia":[{"embeddable":true,"href":"https:\/\/www.europesays.com\/fr\/wp-json\/wp\/v2\/media\/690537"}],"wp:attachment":[{"href":"https:\/\/www.europesays.com\/fr\/wp-json\/wp\/v2\/media?parent=690536"}],"wp:term":[{"taxonomy":"category","embeddable":true,"href":"https:\/\/www.europesays.com\/fr\/wp-json\/wp\/v2\/categories?post=690536"},{"taxonomy":"post_tag","embeddable":true,"href":"https:\/\/www.europesays.com\/fr\/wp-json\/wp\/v2\/tags?post=690536"}],"curies":[{"name":"wp","href":"https:\/\/api.w.org\/{rel}","templated":true}]}}