{"id":690569,"date":"2026-01-26T14:46:09","date_gmt":"2026-01-26T14:46:09","guid":{"rendered":"https:\/\/www.europesays.com\/fr\/690569\/"},"modified":"2026-01-26T14:46:09","modified_gmt":"2026-01-26T14:46:09","slug":"une-association-souhaite-fournir-moins-daliments-sucres-et-sales-a-ses-beneficiaires","status":"publish","type":"post","link":"https:\/\/www.europesays.com\/fr\/690569\/","title":{"rendered":"une association souhaite fournir moins d&rsquo;aliments sucr\u00e9s et sal\u00e9s \u00e0 ses b\u00e9n\u00e9ficiaires"},"content":{"rendered":"<p>                    Par<br \/>\n        <strong><br \/>\n            <a href=\"https:\/\/actu.fr\/auteur\/journaliste-pm\" title=\"Consulter tous les articles de R\u00e9daction Saint-Malo\" target=\"_blank\" rel=\"noopener\">R\u00e9daction Saint-Malo<\/a><br \/>\n                    <\/strong><\/p>\n<p>        Publi\u00e9 le<\/p>\n<p>            26 janv. 2026 \u00e0 14h31        <\/p>\n<p>Partenaire de la Banque alimentaire, l\u2019association Solidarit\u00e9 pays de <a href=\"https:\/\/actu.fr\/bretagne\/dinard_35093\" target=\"_blank\" rel=\"noopener\">Dinard<\/a> (Ille-et-Vilaine) a aid\u00e9 516 foyers l\u2019an dernier. Dans sa qu\u00eate de denr\u00e9es alimentaires, elle s\u2019efforce de fournir davantage de prot\u00e9ines et voudrait r\u00e9duire la quantit\u00e9 de produits sucr\u00e9s\/sal\u00e9s.<\/p>\n<p class=\" wall-content\">\u00ab\u00a0L\u2019association a vu le jour en 1988, quatre ans apr\u00e8s la cr\u00e9ation des Banques alimentaires\u00a0\u00bb rappelle Annick Ranson-Portes, pr\u00e9sidente de Solidarit\u00e9 pays de Dinard depuis 2021. \u00ab\u00a0Notre mission consiste \u00e0 distribuer de l\u2019aide alimentaire et des produits d\u2019hygi\u00e8ne aux personnes d\u00e9munies dans six communes du pays de Dinard. Nous ne fonctionnons qu\u2019avec des b\u00e9n\u00e9voles, qui \u00e9taient au nombre de 209 en 2025. Nous assurons chaque semaine la distribution aux b\u00e9n\u00e9ficiaires sur trois sites : <a href=\"https:\/\/actu.fr\/bretagne\/dinard_35093\" target=\"_blank\" rel=\"noopener\">Dinar<\/a>d, <a href=\"https:\/\/actu.fr\/bretagne\/pleurtuit_35228\" target=\"_blank\" rel=\"noopener\">Pleurtuit<\/a> et <a href=\"https:\/\/actu.fr\/bretagne\/saint-briac-sur-mer_35256\" target=\"_blank\" rel=\"noopener\">Saint-Briac-sur-Mer<\/a>. Nous sommes tenus aux m\u00eames contraintes d\u2019hygi\u00e8ne et de s\u00e9curit\u00e9 que les magasins d\u2019alimentation.\u00a0\u00bb<\/p>\n<p class=\" wall-content\">Lors de l\u2019assembl\u00e9e g\u00e9n\u00e9rale qui s\u2019est tenue le 13 janvier, la pr\u00e9sidente a rendu hommage \u00e0 deux personnes disparues : \u00ab\u00a0Michel Hamon, mon pr\u00e9d\u00e9cesseur et Raymond Delaunay, un vieux de la vieille.\u00a0\u00bb<\/p>\n<p>516 foyers inscrits en 2025<\/p>\n<p class=\" wall-content\">En 2025, 516 foyers \u00e9taient inscrits chez Solidarit\u00e9 pays de Dinard (586 en 2024), ce qui repr\u00e9sentait une moyenne de 1,8 personne par foyer. Parmi eux, il y a 47% d\u2019hommes et 53% de femmes. L\u2019\u00e2ge moyen des b\u00e9n\u00e9ficiaires \u00e9tait de 35 ans, avec la r\u00e9partition suivante : 0 \u00e0 3 ans (6%) ; 4 \u00e0 14 ans (22%) ; 15 \u00e0 25 ans (12%) ; 26 \u00e0 64 ans (46%) ; 65 ans et plus (14%). \u00ab\u00a0Les CCAS et les services sociaux, qui connaissent les personnes en difficult\u00e9, orientent les potentiels b\u00e9n\u00e9ficiaires chez nous. Le bouche-\u00e0-oreille fonctionne beaucoup. Gr\u00e2ce \u00e0 un logiciel de gestion mis en place l\u2019an dernier par la Banque alimentaire, nous identifions plus rapidement qui sont les personnes en fin de droit pour refaire un point avec eux sur leur situation\u00a0\u00bb explique la pr\u00e9sidente.<\/p>\n<p>Trop de produits sucr\u00e9s et sal\u00e9s<\/p>\n<p class=\" wall-content\">L\u2019an dernier, Solidarit\u00e9 pays de Dinard a obtenu 102 896 kg de marchandises, contre 108 657 kg en 2024. L\u2019association trouve ces approvisionnements gr\u00e2ce \u00e0 la Banque alimentaire de Saint-Malo (57%), aux dons d\u2019entreprises (ramasses) et d\u2019associations (21%), aux dons de particuliers lors des collectes (18%), et par le biais d\u2019achats pour compl\u00e9ter les paniers (4%).<\/p>\n<p class=\" wall-content\">Si la part de fruits\/l\u00e9gumes (33,7%), de f\u00e9culents (21,2%) et de produits laitiers (20,2%) est honorable, Annick Ranson-Portes regrette que la part des produits sucr\u00e9s\/sal\u00e9s (14,1%) soit sup\u00e9rieure \u00e0 celle des viandes\/\u0153ufs\/poissons (8,72%). \u00ab\u00a0Distribuer des bonbons, des chocolats, des viennoiseries ou des chips en grande quantit\u00e9 ne rend pas service aux b\u00e9n\u00e9ficiaires, m\u00eame s\u2019ils les acceptent volontiers. Je ne sais pas quelle alternative on peut trouver, mais il est clair qu\u2019on ne veut pas jeter pour autant.\u00a0\u00bb<\/p>\n<p>Votre r\u00e9gion, votre actu !<\/p>\n<p>Recevez chaque jour les infos qui comptent pour vous.<\/p>\n<p>\t<a href=\"https:\/\/actu.fr\/newsletter\" class=\"ac-btn ac-btn--corner ac-btn--medium ac-btn--blue800\" target=\"_blank\" rel=\"noopener\">S&rsquo;incrire<\/a><br \/>\nProchaine collecte<\/p>\n<p class=\" wall-content\">La premi\u00e8re collecte de l\u2019ann\u00e9e pour Solidarit\u00e9 pays de Dinard aura lieu les vendredi 29 et samedi 30 mai dans une dizaine de magasins de la rive gauche. Une autre collecte aura lieu en novembre.<\/p>\n<p class=\" wall-content\">Personnalisez votre actualit\u00e9 en ajoutant vos villes et m\u00e9dias en favori avec <a href=\"https:\/\/moncompte.actu.fr\" title=\"D\u00e9couvez Mon Actu\" rel=\"nofollow noopener\" data-trk=\"{&quot;cta&quot;:{&quot;action&quot;:&quot;https:\\\/\\\/moncompte.actu.fr&quot;,&quot;category&quot;:&quot;mon compte&quot;,&quot;from&quot;:&quot;article footer&quot;,&quot;name&quot;:&quot;Mon actu&quot;,&quot;type&quot;:&quot;cta&quot;}}\" target=\"_blank\">Mon Actu<\/a>.<\/p>\n","protected":false},"excerpt":{"rendered":"Par R\u00e9daction Saint-Malo Publi\u00e9 le 26 janv. 2026 \u00e0 14h31 Partenaire de la Banque alimentaire, l\u2019association Solidarit\u00e9 pays&hellip;\n","protected":false},"author":2,"featured_media":690570,"comment_status":"","ping_status":"","sticky":false,"template":"","format":"standard","meta":{"footnotes":""},"categories":[2821],"tags":[1111,11,829,1777,674,1011,27,12,584,25,104,3400],"class_list":{"0":"post-690569","1":"post","2":"type-post","3":"status-publish","4":"format-standard","5":"has-post-thumbnail","7":"category-rennes","8":"tag-actu","9":"tag-actualites","10":"tag-bretagne","11":"tag-eu","12":"tag-europe","13":"tag-fr","14":"tag-france","15":"tag-news","16":"tag-rennes","17":"tag-republique-francaise","18":"tag-societe","19":"tag-solidarite"},"share_on_mastodon":{"url":"https:\/\/pubeurope.com\/@fr\/115961946718345584","error":""},"_links":{"self":[{"href":"https:\/\/www.europesays.com\/fr\/wp-json\/wp\/v2\/posts\/690569","targetHints":{"allow":["GET"]}}],"collection":[{"href":"https:\/\/www.europesays.com\/fr\/wp-json\/wp\/v2\/posts"}],"about":[{"href":"https:\/\/www.europesays.com\/fr\/wp-json\/wp\/v2\/types\/post"}],"author":[{"embeddable":true,"href":"https:\/\/www.europesays.com\/fr\/wp-json\/wp\/v2\/users\/2"}],"replies":[{"embeddable":true,"href":"https:\/\/www.europesays.com\/fr\/wp-json\/wp\/v2\/comments?post=690569"}],"version-history":[{"count":0,"href":"https:\/\/www.europesays.com\/fr\/wp-json\/wp\/v2\/posts\/690569\/revisions"}],"wp:featuredmedia":[{"embeddable":true,"href":"https:\/\/www.europesays.com\/fr\/wp-json\/wp\/v2\/media\/690570"}],"wp:attachment":[{"href":"https:\/\/www.europesays.com\/fr\/wp-json\/wp\/v2\/media?parent=690569"}],"wp:term":[{"taxonomy":"category","embeddable":true,"href":"https:\/\/www.europesays.com\/fr\/wp-json\/wp\/v2\/categories?post=690569"},{"taxonomy":"post_tag","embeddable":true,"href":"https:\/\/www.europesays.com\/fr\/wp-json\/wp\/v2\/tags?post=690569"}],"curies":[{"name":"wp","href":"https:\/\/api.w.org\/{rel}","templated":true}]}}