{"id":690571,"date":"2026-01-26T14:47:12","date_gmt":"2026-01-26T14:47:12","guid":{"rendered":"https:\/\/www.europesays.com\/fr\/690571\/"},"modified":"2026-01-26T14:47:12","modified_gmt":"2026-01-26T14:47:12","slug":"nathalie-appere-se-declare-officiellement-candidate","status":"publish","type":"post","link":"https:\/\/www.europesays.com\/fr\/690571\/","title":{"rendered":"Nathalie App\u00e9r\u00e9 se d\u00e9clare officiellement candidate"},"content":{"rendered":"<p>                    Par<br \/>\n        <strong><br \/>\n            <a href=\"https:\/\/actu.fr\/auteur\/redaction-rennes\" title=\"Consulter tous les articles de R\u00e9daction Rennes\" rel=\"nofollow noopener\" target=\"_blank\">R\u00e9daction Rennes<\/a><br \/>\n                    <\/strong><\/p>\n<p>        Publi\u00e9 le<\/p>\n<p>            26 janv. 2026 \u00e0 15h11        <\/p>\n<p>\u00ab\u2009Mon \u00e9nergie et ma d\u00e9termination sont intactes comme au premier jour.\u2009\u00bb<a href=\"https:\/\/actu.fr\/tag\/nathalie-appere\" rel=\"nofollow noopener\" target=\"_blank\"> <strong>Nathalie App\u00e9r\u00e9<\/strong><\/a>, maire de la ville de Rennes et pr\u00e9sidente de la M\u00e9tropole, est <strong>officiellement candidate aux \u00e9lections municipales<\/strong> en mars\u00a02026.<\/p>\n<p class=\" wall-content\">L\u2019\u00e9dile, qui avait d\u00e9clar\u00e9 <a href=\"https:\/\/actu.fr\/bretagne\/rennes_35238\/municipales-2026-la-maire-de-rennes-nathalie-appere-candidate-a-sa-reelection-le-rendez-vous-est-pris_63455268.html\" rel=\"nofollow noopener\" target=\"_blank\">sa volont\u00e9 de briguer un troisi\u00e8me mandat en novembre\u00a02025<\/a>, souhaitait attendre<strong> \u00ab\u2009le moment voulu\u2009\u00bb<\/strong> pour annoncer sa candidature. C\u2019est chose faite dans les colonnes de <a href=\"https:\/\/www.ouest-france.fr\/elections\/municipales\/pourquoi-je-suis-candidate-a-rennes-la-maire-nathalie-appere-descend-officiellement-dans-larene-a824a270-f6d7-11f0-95b0-d3ffbc2ef006\" rel=\"nofollow noopener\" target=\"_blank\">Ouest-France<\/a>, jeudi 22\u00a0janvier 2026.<\/p>\n<p class=\" wall-content\"><strong>Bient\u00f4t un premier meeting<\/strong><\/p>\n<p class=\" wall-content\">Dans cette interview, Nathalie App\u00e9r\u00e9 \u00e9voque <strong>les projets \u00e0 poursuivre<\/strong> et <strong>ceux \u00e0 construire<\/strong>\u2009; en lien notamment avec de \u00ab\u2009nouveaux d\u00e9fis\u2009\u00bb tels que \u00ab\u2009la mont\u00e9e des in\u00e9galit\u00e9s\u2009\u00bb, les id\u00e9ologies pr\u00f4nant le \u00ab\u2009rejet de l\u2019autre\u2009\u00bb et \u00ab\u2009le racisme\u2009\u00bb, mais \u00e9galement le changement climatique et ses cons\u00e9quences, en n\u2019oubliant pas \u00ab\u2009l\u2019augmentation forte des trafics de stup\u00e9fiants\u2009\u00bb.<\/p>\n<p class=\" wall-content\">La maire, qui avance avec <strong>une \u00ab\u2009large coalition\u2009\u00bb<\/strong> de la <strong>gauche socialiste et \u00e9cologiste rennaise<\/strong> (Parti socialiste, Les \u00c9cologistes, Parti Communiste Fran\u00e7ais, G\u00e9n\u00e9ration. s, Mouvement Radical, Union D\u00e9mocratique Bretonne, Confluences, Horizon Commun, Nouvelle Donne, Place Publique, L\u2019Apr\u00e8s et Debout\u2009!) pr\u00e9sentera son \u00e9quipe, ainsi que <strong>son programme<\/strong>, lors d\u2019un premier meeting \u00e0 l\u2019\u00c9tage du Libert\u00e9, <strong>le lundi 2\u00a0f\u00e9vrier<\/strong>.<\/p>\n<p class=\" wall-content\">Personnalisez votre actualit\u00e9 en ajoutant vos villes et m\u00e9dias en favori avec <a href=\"https:\/\/moncompte.actu.fr\" title=\"D\u00e9couvez Mon Actu\" rel=\"nofollow noopener\" data-trk=\"{&quot;cta&quot;:{&quot;action&quot;:&quot;https:\\\/\\\/moncompte.actu.fr&quot;,&quot;category&quot;:&quot;mon compte&quot;,&quot;from&quot;:&quot;article footer&quot;,&quot;name&quot;:&quot;Mon actu&quot;,&quot;type&quot;:&quot;cta&quot;}}\" target=\"_blank\">Mon Actu<\/a>.<\/p>\n","protected":false},"excerpt":{"rendered":"Par R\u00e9daction Rennes Publi\u00e9 le 26 janv. 2026 \u00e0 15h11 \u00ab\u2009Mon \u00e9nergie et ma d\u00e9termination sont intactes comme&hellip;\n","protected":false},"author":2,"featured_media":690572,"comment_status":"","ping_status":"","sticky":false,"template":"","format":"standard","meta":{"footnotes":"","_share_on_mastodon":"0"},"categories":[2821],"tags":[1111,11,829,4188,1777,674,1011,27,3434,10736,12,316,584,25],"class_list":["post-690571","post","type-post","status-publish","format-standard","has-post-thumbnail","category-rennes","tag-actu","tag-actualites","tag-bretagne","tag-elections-municipales","tag-eu","tag-europe","tag-fr","tag-france","tag-municipales-2026","tag-nathalie-appere","tag-news","tag-politique","tag-rennes","tag-republique-francaise"],"share_on_mastodon":{"url":"https:\/\/pubeurope.com\/@fr\/115961950622487510","error":""},"_links":{"self":[{"href":"https:\/\/www.europesays.com\/fr\/wp-json\/wp\/v2\/posts\/690571","targetHints":{"allow":["GET"]}}],"collection":[{"href":"https:\/\/www.europesays.com\/fr\/wp-json\/wp\/v2\/posts"}],"about":[{"href":"https:\/\/www.europesays.com\/fr\/wp-json\/wp\/v2\/types\/post"}],"author":[{"embeddable":true,"href":"https:\/\/www.europesays.com\/fr\/wp-json\/wp\/v2\/users\/2"}],"replies":[{"embeddable":true,"href":"https:\/\/www.europesays.com\/fr\/wp-json\/wp\/v2\/comments?post=690571"}],"version-history":[{"count":0,"href":"https:\/\/www.europesays.com\/fr\/wp-json\/wp\/v2\/posts\/690571\/revisions"}],"wp:featuredmedia":[{"embeddable":true,"href":"https:\/\/www.europesays.com\/fr\/wp-json\/wp\/v2\/media\/690572"}],"wp:attachment":[{"href":"https:\/\/www.europesays.com\/fr\/wp-json\/wp\/v2\/media?parent=690571"}],"wp:term":[{"taxonomy":"category","embeddable":true,"href":"https:\/\/www.europesays.com\/fr\/wp-json\/wp\/v2\/categories?post=690571"},{"taxonomy":"post_tag","embeddable":true,"href":"https:\/\/www.europesays.com\/fr\/wp-json\/wp\/v2\/tags?post=690571"}],"curies":[{"name":"wp","href":"https:\/\/api.w.org\/{rel}","templated":true}]}}