{"id":690595,"date":"2026-01-26T15:06:15","date_gmt":"2026-01-26T15:06:15","guid":{"rendered":"https:\/\/www.europesays.com\/fr\/690595\/"},"modified":"2026-01-26T15:06:15","modified_gmt":"2026-01-26T15:06:15","slug":"martine-vassal-ne-veut-plus-que-la-mairie-aide-sos-mediterranee","status":"publish","type":"post","link":"https:\/\/www.europesays.com\/fr\/690595\/","title":{"rendered":"Martine Vassal ne veut plus que la mairie aide SOS M\u00e9diterran\u00e9e"},"content":{"rendered":"<p>Martine Vassal ne veut plus que la <a href=\"https:\/\/www.laprovence.com\/article\/politique\/1840855749805614\/subvention-a-sos-mediterranee-menacee-dannulation-la-mairie-de-marseille-va-rectifier-le-tir\" target=\"_blank\" rel=\"noopener\">mairie de Marseille aide financi\u00e8rement SOS M\u00e9diterran\u00e9e<\/a>. L&rsquo;ONG, bas\u00e9e \u00e0 <a href=\"https:\/\/www.laprovence.com\/bouches-du-rhone\/marseille-13055\" target=\"_blank\" rel=\"noopener\">Marseille<\/a> et dont l&rsquo;action de secours des personnes migrantes en mer avait \u00e9t\u00e9 salu\u00e9e par le pape Fran\u00e7ois lors de sa visite en septembre 2023, b\u00e9n\u00e9ficie d&rsquo;une subvention municipale annuelle vot\u00e9e depuis 2021 par la majorit\u00e9 de gauche.<\/p>\n<p>\u00ab\u00a0Si je suis \u00e9lue maire, il n&rsquo;y aura plus aucun centime vers\u00e9 \u00e0 SOS M\u00e9diterran\u00e9e et aux associations similaires. Je n&rsquo;encouragerai pas le trafic d&rsquo;\u00eatres humains par dogmatisme politique\u00a0\u00bb, a-t-elle affirm\u00e9 au JDD, vendredi. Cette prise de position a suscit\u00e9 de vives r\u00e9actions dans l&rsquo;\u00e9quipe du maire sortant.<\/p>\n<p>\u00ab\u00a0\u00c0 Marseille, la droite pr\u00e9f\u00e8re d\u00e9signer des boucs \u00e9missaires plut\u00f4t que d&rsquo;assumer son bilan. Supprimer l&rsquo;aide humanitaire, c&rsquo;est courir apr\u00e8s l&rsquo;extr\u00eame droite de M. Allisio et Ravier, pas gouverner\u00a0\u00bb, a critiqu\u00e9 sur X la premi\u00e8re adjointe, Mich\u00e8le Rubirola (EELV). Sophie Beau, directrice de SOS M\u00e9diterran\u00e9e, a indiqu\u00e9 \u00e0 France\u00a03 que l&rsquo;association se \u00ab\u00a0r\u00e9servait le droit de porter plainte\u00a0\u00bb contre Martine Vassal.<\/p>\n<p>Au cours du mandat, deux recours avaient \u00e9t\u00e9 d\u00e9pos\u00e9s contre ces subventions par St\u00e9phane Ravier (ex-RN) et Lionel Royer-Perreaut (Renaissance). <a href=\"https:\/\/www.laprovence.com\/article\/politique\/89735430557803\/sos-mediterranee-une-aide-de-30000-euros-de-la-mairie-de-marseille-va-t-elle-etre-annulee\" target=\"_blank\" rel=\"noopener\">Ce dernier avait r\u00e9ussi en 2024 \u00e0 faire annuler la d\u00e9lib\u00e9ration pour des raisons de forme<\/a>. Ce qui n&rsquo;avait pas emp\u00each\u00e9 la municipalit\u00e9 de faire voter \u00e0 nouveau une subvention de 130\u00a0000\u00a0\u20ac en 2025.<\/p>\n","protected":false},"excerpt":{"rendered":"Martine Vassal ne veut plus que la mairie de Marseille aide financi\u00e8rement SOS M\u00e9diterran\u00e9e. L&rsquo;ONG, bas\u00e9e \u00e0 Marseille&hellip;\n","protected":false},"author":2,"featured_media":690596,"comment_status":"","ping_status":"","sticky":false,"template":"","format":"standard","meta":{"footnotes":""},"categories":[2814],"tags":[5734,1111,11,1777,674,1011,27,5415,884,10203,12,378,882,746,16,25,14243,9870],"class_list":{"0":"post-690595","1":"post","2":"type-post","3":"status-publish","4":"format-standard","5":"has-post-thumbnail","7":"category-marseille","8":"tag-5734","9":"tag-actu","10":"tag-actualites","11":"tag-eu","12":"tag-europe","13":"tag-fr","14":"tag-france","15":"tag-mairie","16":"tag-marseille","17":"tag-martine","18":"tag-news","19":"tag-plus","20":"tag-provence-alpes-cote-dazur","21":"tag-que","22":"tag-region","23":"tag-republique-francaise","24":"tag-vassal","25":"tag-veut"},"share_on_mastodon":{"url":"https:\/\/pubeurope.com\/@fr\/115962025480432504","error":""},"_links":{"self":[{"href":"https:\/\/www.europesays.com\/fr\/wp-json\/wp\/v2\/posts\/690595","targetHints":{"allow":["GET"]}}],"collection":[{"href":"https:\/\/www.europesays.com\/fr\/wp-json\/wp\/v2\/posts"}],"about":[{"href":"https:\/\/www.europesays.com\/fr\/wp-json\/wp\/v2\/types\/post"}],"author":[{"embeddable":true,"href":"https:\/\/www.europesays.com\/fr\/wp-json\/wp\/v2\/users\/2"}],"replies":[{"embeddable":true,"href":"https:\/\/www.europesays.com\/fr\/wp-json\/wp\/v2\/comments?post=690595"}],"version-history":[{"count":0,"href":"https:\/\/www.europesays.com\/fr\/wp-json\/wp\/v2\/posts\/690595\/revisions"}],"wp:featuredmedia":[{"embeddable":true,"href":"https:\/\/www.europesays.com\/fr\/wp-json\/wp\/v2\/media\/690596"}],"wp:attachment":[{"href":"https:\/\/www.europesays.com\/fr\/wp-json\/wp\/v2\/media?parent=690595"}],"wp:term":[{"taxonomy":"category","embeddable":true,"href":"https:\/\/www.europesays.com\/fr\/wp-json\/wp\/v2\/categories?post=690595"},{"taxonomy":"post_tag","embeddable":true,"href":"https:\/\/www.europesays.com\/fr\/wp-json\/wp\/v2\/tags?post=690595"}],"curies":[{"name":"wp","href":"https:\/\/api.w.org\/{rel}","templated":true}]}}