{"id":690599,"date":"2026-01-26T15:08:12","date_gmt":"2026-01-26T15:08:12","guid":{"rendered":"https:\/\/www.europesays.com\/fr\/690599\/"},"modified":"2026-01-26T15:08:12","modified_gmt":"2026-01-26T15:08:12","slug":"lyon-un-nouveau-pole-des-restos-du-coeur-va-sinstaller-dans-cet-arrondissement","status":"publish","type":"post","link":"https:\/\/www.europesays.com\/fr\/690599\/","title":{"rendered":"Lyon : un nouveau p\u00f4le\u00a0des Restos du C\u0153ur va s&rsquo;installer dans cet arrondissement"},"content":{"rendered":"<p>\u00c0 Lyon, l&rsquo;association Les Restos du C\u0153ur va ouvrir un nouveau p\u00f4le, avec notamment un centre de distribution alimentaire, dans le 7e arrondissement.<\/p>\n<p>Ce sont environ <b>1.600 familles<\/b> des 7e et 8e arrondissements de Lyon qui sont actuellement accueillies par <b>Les Restos du C\u0153ur<\/b>. Pour r\u00e9pondre \u00e0 cette demande croissante, l&rsquo;association va pouvoir installer <b>un nouveau centre d&rsquo;activit\u00e9<\/b>.<\/p>\n<p>Un centre de distribution alimentaire<\/p>\n<p>Ce futur p\u00f4le des Restos du C\u0153ur ouvrira <b>au 163 rue de Gerland<\/b> dans le 7e arrondissement. Dans le b\u00e2timent, on retrouvera :\u00a0<\/p>\n<p>&#8211; un centre de distribution alimentaire,<\/p>\n<p>&#8211; un espace d&rsquo;aide \u00e0 la personne,<\/p>\n<p>&#8211; le si\u00e8ge d\u00e9partemental de l&rsquo;association.<\/p>\n<p>Une subvention de la M\u00e9tropole de Lyon<\/p>\n<p>Dans un communiqu\u00e9 publi\u00e9 ce lundi 26 janvier, la M\u00e9tropole de Lyon annonce attribuer <b>une subvention de 120.000 euros<\/b> pour \u00ab\u00a0la r\u00e9novation et l&rsquo;am\u00e9nagement\u00a0\u00bb de ce nouveau centre d&rsquo;activit\u00e9.<img loading=\"lazy\" decoding=\"async\" src=\"https:\/\/www.europesays.com\/fr\/wp-content\/uploads\/2026\/01\/1769440092_666_img.png\" width=\"350\" height=\"200\" border=\"0\" title=\"Plus de verdure et de fra\u00c3\u00aecheur place Bellecour \u00c3\u00a0 Lyon ?\"\/><\/p>\n<p>\u25baSoci\u00e9t\u00e9<\/p>\n<p style=\"font-size: 22px;\"><b>Lyon : la Ville va v\u00e9g\u00e9taliser le nord de la place Bellecour\u00a0<\/b><\/p>\n<p>Moins de chaleur et plus de verdure au c\u0153ur de&#8230;<\/p>\n<p><\/p>\n","protected":false},"excerpt":{"rendered":"\u00c0 Lyon, l&rsquo;association Les Restos du C\u0153ur va ouvrir un nouveau p\u00f4le, avec notamment un centre de distribution&hellip;\n","protected":false},"author":2,"featured_media":690600,"comment_status":"","ping_status":"","sticky":false,"template":"","format":"standard","meta":{"footnotes":""},"categories":[1889],"tags":[1111,11,4077,2430,1777,674,1011,27,5303,67722,2428,12,25],"class_list":{"0":"post-690599","1":"post","2":"type-post","3":"status-publish","4":"format-standard","5":"has-post-thumbnail","7":"category-lyon","8":"tag-actu","9":"tag-actualites","10":"tag-association","11":"tag-auvergne-rhone-alpes","12":"tag-eu","13":"tag-europe","14":"tag-fr","15":"tag-france","16":"tag-gerland","17":"tag-les-restos-du-coeur","18":"tag-lyon","19":"tag-news","20":"tag-republique-francaise"},"share_on_mastodon":{"url":"https:\/\/pubeurope.com\/@fr\/115962033445222222","error":""},"_links":{"self":[{"href":"https:\/\/www.europesays.com\/fr\/wp-json\/wp\/v2\/posts\/690599","targetHints":{"allow":["GET"]}}],"collection":[{"href":"https:\/\/www.europesays.com\/fr\/wp-json\/wp\/v2\/posts"}],"about":[{"href":"https:\/\/www.europesays.com\/fr\/wp-json\/wp\/v2\/types\/post"}],"author":[{"embeddable":true,"href":"https:\/\/www.europesays.com\/fr\/wp-json\/wp\/v2\/users\/2"}],"replies":[{"embeddable":true,"href":"https:\/\/www.europesays.com\/fr\/wp-json\/wp\/v2\/comments?post=690599"}],"version-history":[{"count":0,"href":"https:\/\/www.europesays.com\/fr\/wp-json\/wp\/v2\/posts\/690599\/revisions"}],"wp:featuredmedia":[{"embeddable":true,"href":"https:\/\/www.europesays.com\/fr\/wp-json\/wp\/v2\/media\/690600"}],"wp:attachment":[{"href":"https:\/\/www.europesays.com\/fr\/wp-json\/wp\/v2\/media?parent=690599"}],"wp:term":[{"taxonomy":"category","embeddable":true,"href":"https:\/\/www.europesays.com\/fr\/wp-json\/wp\/v2\/categories?post=690599"},{"taxonomy":"post_tag","embeddable":true,"href":"https:\/\/www.europesays.com\/fr\/wp-json\/wp\/v2\/tags?post=690599"}],"curies":[{"name":"wp","href":"https:\/\/api.w.org\/{rel}","templated":true}]}}