{"id":690631,"date":"2026-01-26T15:25:15","date_gmt":"2026-01-26T15:25:15","guid":{"rendered":"https:\/\/www.europesays.com\/fr\/690631\/"},"modified":"2026-01-26T15:25:15","modified_gmt":"2026-01-26T15:25:15","slug":"lagence-moodys-pense-que-la-france-narrivera-pas-a-contenir-son-deficit-a-5-du-pib-en-2026","status":"publish","type":"post","link":"https:\/\/www.europesays.com\/fr\/690631\/","title":{"rendered":"L&rsquo;agence Moody&rsquo;s pense que la France n&rsquo;arrivera pas \u00e0 contenir son d\u00e9ficit \u00e0 5% du PIB en 2026"},"content":{"rendered":"<ul class=\"jsx-862013697 ArticleChapo__List\">\n<li class=\"jsx-862013697 ArticleChapo__List_Item flex\">Dans un communiqu\u00e9 publi\u00e9 ce lundi, l&rsquo;agence de notation Moody&rsquo;s estime que la France n&rsquo;arrivera pas \u00e0 atteindre son objectif de d\u00e9ficit de 5% en 2026.<\/li>\n<li class=\"jsx-862013697 ArticleChapo__List_Item flex\">Elle pr\u00e9dit plut\u00f4t un d\u00e9ficit de 5,2% du PIB.<\/li>\n<li class=\"jsx-862013697 ArticleChapo__List_Item flex\">Elle s&rsquo;inqui\u00e8te par ailleurs de la situation politique tendue de la France.<\/li>\n<\/ul>\n<p data-module=\"article-paragraph\" class=\"jsx-157965717 Paragraph\">Elle ne croit pas aux pr\u00e9visions du gouvernement. L&rsquo;agence de notation Moody&rsquo;s a indiqu\u00e9 ce lundi 26 janvier pr\u00e9voir en 2026 un d\u00e9ficit public de 5,2% du PIB pour la France, plus \u00e9lev\u00e9 que la pr\u00e9vision du gouvernement <a href=\"https:\/\/www.tf1info.fr\/politique\/en-bref-budget-2026-un-budget-different-du-projet-initial-les-propositions-de-sebastienlecornu-pour-trouver-un-compromis-2419166.html\" target=\"_blank\" rel=\"noopener\">qui table sur 5%<\/a>. \u00ab\u00a0L&rsquo;objectif de d\u00e9ficit de 5,0% est l\u00e9g\u00e8rement inf\u00e9rieur \u00e0 notre pr\u00e9vision d&rsquo;un d\u00e9ficit atteignant 5,2% en 2026\u00a0\u00bb, \u00e9crit Moody&rsquo;s Ratings dans un commentaire.\u00a0<\/p>\n<p data-module=\"article-paragraph\" class=\"jsx-157965717 Paragraph Paragraph__End\">\u00ab\u00a0La r\u00e9duction du d\u00e9ficit en 2026 reposera essentiellement sur une augmentation des recettes\u00a0\u00bb, rel\u00e8ve Moody&rsquo;s. De leur c\u00f4t\u00e9, \u00ab\u00a0les d\u00e9penses devraient augmenter dans une mesure sup\u00e9rieure \u00e0 celle pr\u00e9vue dans le projet de loi de finances du gouvernement, m\u00eame si leur taux de croissance r\u00e9elle devrait s&rsquo;av\u00e9rer l\u00e9g\u00e8rement inf\u00e9rieur \u00e0 celui du PIB en 2026\u00a0\u00bb, ajoute cette agence.<\/p>\n<p>\u00ab\u00a0Perspective n\u00e9gative\u00a0\u00bb<\/p>\n<p data-module=\"article-paragraph\" class=\"jsx-157965717 Paragraph Paragraph__End\">Moody&rsquo;s note la dette souveraine de la France Aa3, avec une \u00ab\u00a0perspective n\u00e9gative\u00a0\u00bb. L&rsquo;agence s&rsquo;inqui\u00e8te en effet d&rsquo;une situation politique tendue, peu favorable \u00e0 une r\u00e9duction de la d\u00e9pense publique qui, selon elle, ferait de la France un emprunteur plus fiable.<\/p>\n<p><a href=\"https:\/\/www.tf1info.fr\/economie\/rejet-des-motions-de-censure-les-marches-legerement-rassures-par-l-adoption-probable-du-budget-2026-2420549.html\" rel=\"noopener\" class=\"jsx-3308031228 Link flex\" target=\"_blank\"><img decoding=\"async\" src=\"https:\/\/www.europesays.com\/fr\/wp-content\/uploads\/2026\/01\/assemblee-nationale-15-janvier-2026-3d010f-0@1x.jpeg\" alt=\"L'h\u00e9micycle de l'Assembl\u00e9e nationale  le 15 janvier 2026\" loading=\"lazy\" importance=\"low\" fetchpriority=\"low\" class=\"\" aria-hidden=\"true\"\/><\/p>\n<p class=\"jsx-3657663356 ReadMoreArticle__Title\">Lire aussi<\/p>\n<p class=\"jsx-3657663356\">Rejet des motions de censure : les march\u00e9s (l\u00e9g\u00e8rement) rassur\u00e9s par l&rsquo;adoption probable du budget 2026<\/p>\n<p><\/a><\/p>\n<p data-module=\"article-paragraph\" class=\"jsx-157965717 Paragraph Paragraph__End\">L&rsquo;Assembl\u00e9e nationale, o\u00f9 le gouvernement de S\u00e9bastien Lecornu ne dispose pas de majorit\u00e9, n&rsquo;est pas parvenue \u00e0 voter le budget 2026 avant la fin de l&rsquo;ann\u00e9e 2025. L&rsquo;ex\u00e9cutif s&rsquo;est finalement r\u00e9solu \u00e0 utiliser l&rsquo;article 49.3 pour faire passer le texte sans vote. \u00ab\u00a0Le vote du budget 2027 aura lieu moins de six mois avant l&rsquo;\u00e9lection pr\u00e9sidentielle fran\u00e7aise pr\u00e9vue au printemps de la m\u00eame ann\u00e9e, ce qui risque de durcir les positions de n\u00e9gociation des partis et de compliquer davantage l&rsquo;obtention d&rsquo;un accord entre les blocs\u00a0\u00bb, commente-t-elle.<\/p>\n<p>J.F. avec AFP<\/p>\n","protected":false},"excerpt":{"rendered":"Dans un communiqu\u00e9 publi\u00e9 ce lundi, l&rsquo;agence de notation Moody&rsquo;s estime que la France n&rsquo;arrivera pas \u00e0 atteindre&hellip;\n","protected":false},"author":2,"featured_media":690632,"comment_status":"","ping_status":"","sticky":false,"template":"","format":"standard","meta":{"footnotes":""},"categories":[4],"tags":[1111,11,1921,416,1003,1011,27,1922,12,25,133,5642],"class_list":{"0":"post-690631","1":"post","2":"type-post","3":"status-publish","4":"format-standard","5":"has-post-thumbnail","7":"category-france","8":"tag-actu","9":"tag-actualites","10":"tag-article-video","11":"tag-assemblee-nationale","12":"tag-budget","13":"tag-fr","14":"tag-france","15":"tag-info","16":"tag-news","17":"tag-republique-francaise","18":"tag-video","19":"tag-video-economie"},"share_on_mastodon":{"url":"https:\/\/pubeurope.com\/@fr\/115962100060670804","error":""},"_links":{"self":[{"href":"https:\/\/www.europesays.com\/fr\/wp-json\/wp\/v2\/posts\/690631","targetHints":{"allow":["GET"]}}],"collection":[{"href":"https:\/\/www.europesays.com\/fr\/wp-json\/wp\/v2\/posts"}],"about":[{"href":"https:\/\/www.europesays.com\/fr\/wp-json\/wp\/v2\/types\/post"}],"author":[{"embeddable":true,"href":"https:\/\/www.europesays.com\/fr\/wp-json\/wp\/v2\/users\/2"}],"replies":[{"embeddable":true,"href":"https:\/\/www.europesays.com\/fr\/wp-json\/wp\/v2\/comments?post=690631"}],"version-history":[{"count":0,"href":"https:\/\/www.europesays.com\/fr\/wp-json\/wp\/v2\/posts\/690631\/revisions"}],"wp:featuredmedia":[{"embeddable":true,"href":"https:\/\/www.europesays.com\/fr\/wp-json\/wp\/v2\/media\/690632"}],"wp:attachment":[{"href":"https:\/\/www.europesays.com\/fr\/wp-json\/wp\/v2\/media?parent=690631"}],"wp:term":[{"taxonomy":"category","embeddable":true,"href":"https:\/\/www.europesays.com\/fr\/wp-json\/wp\/v2\/categories?post=690631"},{"taxonomy":"post_tag","embeddable":true,"href":"https:\/\/www.europesays.com\/fr\/wp-json\/wp\/v2\/tags?post=690631"}],"curies":[{"name":"wp","href":"https:\/\/api.w.org\/{rel}","templated":true}]}}