{"id":690651,"date":"2026-01-26T15:40:28","date_gmt":"2026-01-26T15:40:28","guid":{"rendered":"https:\/\/www.europesays.com\/fr\/690651\/"},"modified":"2026-01-26T15:40:28","modified_gmt":"2026-01-26T15:40:28","slug":"le-film-sinspire-t-il-dune-histoire-vraie-2","status":"publish","type":"post","link":"https:\/\/www.europesays.com\/fr\/690651\/","title":{"rendered":"le film s&rsquo;inspire-t-il d&rsquo;une histoire vraie ?"},"content":{"rendered":"<p>Antonio Chichiarelli, surnomm\u00e9 Toni, est n\u00e9 en 1948 dans les<br \/>\nAbruzzes. Tr\u00e8s t\u00f4t, son talent pour la peinture et le dessin<br \/>\nd\u00e9passe de loin celui de ses camarades, mais ne lui ouvre aucune<br \/>\ncarri\u00e8re artistique classique. Install\u00e9 \u00e0 Rome apr\u00e8s son service<br \/>\nmilitaire, <a href=\"https:\/\/www.melty.fr\/cinema\/lart-du-faux-la-fin-du-film-expliquee-2291732.html\" target=\"_blank\" rel=\"noopener\"><br \/>\nil bascule rapidement dans la petite criminalit\u00e9<\/a>. C\u2019est ainsi<br \/>\nque commence l\u2019ascension d\u2019un personnage devenu culte dans<br \/>\nl\u2019histoire souterraine italienne.<\/p>\n<p>\u00c0 l\u2019\u00e9cran, le film L\u00a0\u00bbArt du faux\u00a0embrasse cette<br \/>\ntrajectoire tortueuse : celle d\u2019un artiste qui devient<br \/>\nindispensable aux malfrats, non pour son art, mais pour sa capacit\u00e9<br \/>\n\u00e0 contrefaire l\u2019invraisemblable. Le film est, selon ses auteurs,<br \/>\n\u00ab\u00a0librement inspir\u00e9 de la vie r\u00e9elle d&rsquo;Antonio Toni<br \/>\nChichiarelli\u00a0\u00bb.<\/p>\n<p>Un faussaire au service du crime organis\u00e9<\/p>\n<p>Toni ne se contente pas de copier des tableaux : il s\u2019introduit<br \/>\ndans les r\u00e9seaux mafieux les plus puissants de Rome. Il tisse un<br \/>\nlien personnel et lucratif avec Danilo Abbruciati, figure de la<br \/>\nBanda della Magliana. Gr\u00e2ce \u00e0 ses talents, il \u00e9coule de fausses<br \/>\n\u0153uvres, blanchit de l\u2019argent, et finit par fabriquer un faux<br \/>\ndocument politique au c\u0153ur d\u2019un \u00e9v\u00e9nement tragique : l\u2019enl\u00e8vement<br \/>\nd\u2019Aldo Moro.<\/p>\n<p>Ce faux communiqu\u00e9, connu sous le nom de \u00ab\u00a0message n\u00b07 du lac de<br \/>\nDuchessa\u00a0\u00bb, est attribu\u00e9 \u00e0 Chichiarelli. Envoy\u00e9 pendant la<br \/>\ns\u00e9questration de l\u2019ex-premier ministre par les Brigades Rouges, il<br \/>\ns\u00e8me le chaos au sommet de l\u2019\u00c9tat. L\u2019impact ? Historique. \u00ab\u00a0Les<br \/>\nenqu\u00eateurs ont d\u00e9couvert la profondeur des activit\u00e9s criminelles du<br \/>\nfaussaire\u00a0\u00bb.<\/p>\n<p>Le casse du si\u00e8cle et une mort sous silence<\/p>\n<p>En 1984, Chichiarelli est li\u00e9 \u00e0 l\u2019un des plus gros braquages de<br \/>\nl\u2019histoire italienne : le vol des coffres de Brink\u2019s \u00e0 Rome, estim\u00e9<br \/>\n\u00e0 plus de 37 milliards de lires. Quelques mois plus tard, il est<br \/>\nabattu en pleine rue \u00e0 36 ans. Meurtre cibl\u00e9 ou r\u00e8glement de<br \/>\ncomptes ? Le myst\u00e8re plane toujours.<\/p>\n<p>Maurizio Abbatino, ancien chef du gang Magliana, nie toute<br \/>\nimplication : \u00ab\u00a0Si c\u2019\u00e9tait nous, on aurait su qui l\u2019a tu\u00e9 en cinq<br \/>\nminutes.\u00a0\u00bb Impossible aujourd\u2019hui d\u2019identifier formellement les<br \/>\ncommanditaires. <a href=\"https:\/\/www.melty.fr\/series\/reve-de-glace-la-serie-dinspire-t-elle-dune-histoire-vraie-2291337.html\" target=\"_blank\" rel=\"noopener\"><br \/>\nLa v\u00e9rit\u00e9 a \u00e9t\u00e9 enterr\u00e9e avec lui<\/a>.<\/p>\n<p>Un r\u00e9cit entre r\u00e9alit\u00e9, flou et fiction<br \/>\nma\u00eetris\u00e9e<\/p>\n<p>L&rsquo;Art du faux prend des libert\u00e9s assum\u00e9es. Certains<br \/>\npersonnages sont fusionn\u00e9s, d\u2019autres purement invent\u00e9s, et<br \/>\nplusieurs faits historiques sont volontairement d\u00e9plac\u00e9s dans le<br \/>\ntemps. \u00ab\u00a0Le sc\u00e9nario occulte certains aspects factuels de sa vie,<br \/>\nnotamment sa mort et ses cons\u00e9quences\u00a0\u00bb.<\/p>\n<p>Mais ce choix narratif renforce le pouvoir fictionnel du film.<br \/>\nIl d\u00e9peint une \u00e9poque trouble, un artiste perdu, une soci\u00e9t\u00e9 pr\u00eate<br \/>\n\u00e0 tout pour manipuler la v\u00e9rit\u00e9. Plus qu\u2019un biopic, c\u2019est un<br \/>\nthriller psychologique qui r\u00e9v\u00e8le la fragilit\u00e9 des fronti\u00e8res entre<br \/>\nmensonge et r\u00e9alit\u00e9.<\/p>\n","protected":false},"excerpt":{"rendered":"Antonio Chichiarelli, surnomm\u00e9 Toni, est n\u00e9 en 1948 dans les Abruzzes. Tr\u00e8s t\u00f4t, son talent pour la peinture&hellip;\n","protected":false},"author":2,"featured_media":690652,"comment_status":"","ping_status":"","sticky":false,"template":"","format":"standard","meta":{"footnotes":""},"categories":[1354],"tags":[58,59,1346,1011,27,1360,127],"class_list":{"0":"post-690651","1":"post","2":"type-post","3":"status-publish","4":"format-standard","5":"has-post-thumbnail","7":"category-films","8":"tag-divertissement","9":"tag-entertainment","10":"tag-films","11":"tag-fr","12":"tag-france","13":"tag-movies","14":"tag-netflix"},"share_on_mastodon":{"url":"https:\/\/pubeurope.com\/@fr\/115962159259233624","error":""},"_links":{"self":[{"href":"https:\/\/www.europesays.com\/fr\/wp-json\/wp\/v2\/posts\/690651","targetHints":{"allow":["GET"]}}],"collection":[{"href":"https:\/\/www.europesays.com\/fr\/wp-json\/wp\/v2\/posts"}],"about":[{"href":"https:\/\/www.europesays.com\/fr\/wp-json\/wp\/v2\/types\/post"}],"author":[{"embeddable":true,"href":"https:\/\/www.europesays.com\/fr\/wp-json\/wp\/v2\/users\/2"}],"replies":[{"embeddable":true,"href":"https:\/\/www.europesays.com\/fr\/wp-json\/wp\/v2\/comments?post=690651"}],"version-history":[{"count":0,"href":"https:\/\/www.europesays.com\/fr\/wp-json\/wp\/v2\/posts\/690651\/revisions"}],"wp:featuredmedia":[{"embeddable":true,"href":"https:\/\/www.europesays.com\/fr\/wp-json\/wp\/v2\/media\/690652"}],"wp:attachment":[{"href":"https:\/\/www.europesays.com\/fr\/wp-json\/wp\/v2\/media?parent=690651"}],"wp:term":[{"taxonomy":"category","embeddable":true,"href":"https:\/\/www.europesays.com\/fr\/wp-json\/wp\/v2\/categories?post=690651"},{"taxonomy":"post_tag","embeddable":true,"href":"https:\/\/www.europesays.com\/fr\/wp-json\/wp\/v2\/tags?post=690651"}],"curies":[{"name":"wp","href":"https:\/\/api.w.org\/{rel}","templated":true}]}}