{"id":690812,"date":"2026-01-26T17:12:11","date_gmt":"2026-01-26T17:12:11","guid":{"rendered":"https:\/\/www.europesays.com\/fr\/690812\/"},"modified":"2026-01-26T17:12:11","modified_gmt":"2026-01-26T17:12:11","slug":"strasbourg-une-croisiere-privee-en-tete-a-tete-pour-la-saint-valentin-batorama-exauce-tous-vos-souhaits","status":"publish","type":"post","link":"https:\/\/www.europesays.com\/fr\/690812\/","title":{"rendered":"Strasbourg. Une croisi\u00e8re priv\u00e9e en t\u00eate-\u00e0-t\u00eate\u00a0? Pour la Saint-Valentin, Batorama exauce tous vos souhaits\u00a0!"},"content":{"rendered":"<p>Le concept ayant s\u00e9duit l\u2019an pass\u00e9, <a href=\"https:\/\/www.dna.fr\/videos\/strasbourg-la-vie-d-un-capitaine-de-bateau-promenade-30l0vf5\" target=\"_blank\" rel=\"noopener\">Batorama<\/a> va r\u00e9it\u00e9rer son op\u00e9ration sp\u00e9ciale Saint-Valentin \u201cBatolove\u201d dans le cadre de <a href=\"https:\/\/www.dna.fr\/culture-loisirs\/2025\/12\/30\/strasbourg-mon-amour-l-appel-a-projets-prolonge\" target=\"_blank\" rel=\"noopener\">Strasbourg mon amour<\/a> , un moment unique et privil\u00e9gi\u00e9 o\u00f9 vous pourrez (re) d\u00e9couvrir Strasbourg en t\u00eate-\u00e0-t\u00eate. Une croisi\u00e8re f\u00e9erique o\u00f9 les couples \u2013 ou les amis \u2013 auront la chance de naviguer sur les flots de l\u2019amour. Le bateau de plaisance Nao, en fonction de mars \u00e0 octobre, va exceptionnellement \u00eatre de sortie et d\u00e9cor\u00e9 pour des croisi\u00e8res privatis\u00e9es, avec pilote exclusif.<\/p>\n<p>  Ouverts \u00e0 toute demande particuli\u00e8re<\/p>\n<p>Au programme de ce circuit intimiste, un passage devant le somptueux Palais Rohan et les traditionnelles maisons \u00e0 colombages de la Petite France, sans oublier tous les plus beaux sites de la ville. Un moment suspendu de 30 minutes o\u00f9 vous pourrez vous lover dans des plaids sur les confortables banquettes, verre de cr\u00e9mant, bi\u00e8re &#8211; moins glamour &#8211; ou soft \u00e0 la main. Comme l\u2019amour donne faim, vous aurez aussi droit \u00e0 une bretzel, notre p\u00e9ch\u00e9 mignon 100\u00a0% alsacien, en forme de c\u0153ur.<\/p>\n<p>Ce contenu est bloqu\u00e9 car vous n&rsquo;avez pas accept\u00e9 les cookies et autres traceurs.<\/p>\n<p>En cliquant sur \u00ab J\u2019accepte \u00bb, les cookies et autres traceurs seront d\u00e9pos\u00e9s et vous pourrez visualiser les contenus  (<a href=\"\" class=\"consentModule_policy\" target=\"_blank\" title=\"Consulter la politique de protection des donn\u00e9es du fournisseur\">plus d&rsquo;informations<\/a>).<\/p>\n<p>En cliquant sur \u00ab J\u2019accepte tous les cookies \u00bb, vous autorisez des d\u00e9p\u00f4ts de cookies et autres traceurs pour le stockage de vos donn\u00e9es sur nos sites et applications \u00e0 des fins de personnalisation et de ciblage publicitaire.<\/p>\n<p class=\"consentModule_secondaryText\">Vous gardez la possibilit\u00e9 de retirer votre consentement \u00e0 tout moment en consultant notre <a href=\"https:\/\/www.dna.fr\/protection-des-donnees\" target=\"_blank\" title=\"Consulter notre politique de protection des donn\u00e9es\" rel=\"noopener\">politique de protection des donn\u00e9es<\/a>. <br \/>&#13;<br \/>\n            <a href=\"https:\/\/www.dna.fr\/culture-loisirs\/2026\/01\/27\/javascript:Didomi.notice.show()\" class=\"consentModule_cmp\" target=\"_blank\" rel=\"noopener\">G\u00e9rer mes choix<\/a>&#13;\n        <\/p>\n<p>&#13;<br \/>\n                        J&rsquo;accepte&#13;<br \/>\n            J&rsquo;accepte tous les cookies&#13;\n        <\/p>\n<p>Une parenth\u00e8se enchant\u00e9e \u00e0 deux o\u00f9 il sera question de quitter la terre ferme, pour des souvenirs m\u00e9morables\u2026 Et justement, afin d\u2019immortaliser ce moment magique, une photo souvenir au format Polaro\u00efd vous sera offerte\u00a0! L\u2019occasion de faire une demande de fian\u00e7ailles \u00e0 votre \u00e2me s\u0153ur\u00a0? \u00ab On est pr\u00eat \u00e0 s\u2019adapter \u00e0 toute demande ou souhait, m\u00eame les plus fous\u00a0! Nous serons heureux d\u2019y participer, tout est possible\u00a0\u00bb, se r\u00e9jouit Sophia Stock, responsable communication pour Batorama.<\/p>\n<p class=\"note\">Les 6, 7, 8, 13, 14 et 15\u00a0f\u00e9vrier\u00a0: d\u00e9parts toutes les heures, de 12\u00a0h \u00e0 19\u00a0h\u00a045. Du 9 au 13\u00a0f\u00e9vrier\u00a0: d\u00e9parts toutes les heures, de 14\u00a0h\u00a030 \u00e0 19\u00a0h\u00a015. Tarif\u00a0: 89,90\u00a0\u20ac &#8211; la balade de 30 minutes toutes prestations comprises. R\u00e9servation sur www.batorama.com\/fr\/circuits\/batolove ou au 03\u00a069\u00a074\u00a044\u00a004.\u00a0Se pr\u00e9senter au bateau 15\u00a0minutes avant l\u2019heure de d\u00e9part indiqu\u00e9e sur le billet.<\/p>\n","protected":false},"excerpt":{"rendered":"Le concept ayant s\u00e9duit l\u2019an pass\u00e9, Batorama va r\u00e9it\u00e9rer son op\u00e9ration sp\u00e9ciale Saint-Valentin \u201cBatolove\u201d dans le cadre de&hellip;\n","protected":false},"author":2,"featured_media":690813,"comment_status":"","ping_status":"","sticky":false,"template":"","format":"standard","meta":{"footnotes":""},"categories":[2820],"tags":[1111,11,7782,9223,1687,2880,1777,674,107,1011,27,775,1930,12,25,104,640,2879],"class_list":{"0":"post-690812","1":"post","2":"type-post","3":"status-publish","4":"format-standard","5":"has-post-thumbnail","7":"category-strasbourg","8":"tag-actu","9":"tag-actualites","10":"tag-balades-et-randonnees","11":"tag-carnet-du-jour","12":"tag-culture-loisirs","13":"tag-edition-strasbourg","14":"tag-eu","15":"tag-europe","16":"tag-fil-info","17":"tag-fr","18":"tag-france","19":"tag-grand-est","20":"tag-mariage","21":"tag-news","22":"tag-republique-francaise","23":"tag-societe","24":"tag-strasbourg","25":"tag-strasbourg-ville"},"share_on_mastodon":{"url":"https:\/\/pubeurope.com\/@fr\/115962520836798801","error":""},"_links":{"self":[{"href":"https:\/\/www.europesays.com\/fr\/wp-json\/wp\/v2\/posts\/690812","targetHints":{"allow":["GET"]}}],"collection":[{"href":"https:\/\/www.europesays.com\/fr\/wp-json\/wp\/v2\/posts"}],"about":[{"href":"https:\/\/www.europesays.com\/fr\/wp-json\/wp\/v2\/types\/post"}],"author":[{"embeddable":true,"href":"https:\/\/www.europesays.com\/fr\/wp-json\/wp\/v2\/users\/2"}],"replies":[{"embeddable":true,"href":"https:\/\/www.europesays.com\/fr\/wp-json\/wp\/v2\/comments?post=690812"}],"version-history":[{"count":0,"href":"https:\/\/www.europesays.com\/fr\/wp-json\/wp\/v2\/posts\/690812\/revisions"}],"wp:featuredmedia":[{"embeddable":true,"href":"https:\/\/www.europesays.com\/fr\/wp-json\/wp\/v2\/media\/690813"}],"wp:attachment":[{"href":"https:\/\/www.europesays.com\/fr\/wp-json\/wp\/v2\/media?parent=690812"}],"wp:term":[{"taxonomy":"category","embeddable":true,"href":"https:\/\/www.europesays.com\/fr\/wp-json\/wp\/v2\/categories?post=690812"},{"taxonomy":"post_tag","embeddable":true,"href":"https:\/\/www.europesays.com\/fr\/wp-json\/wp\/v2\/tags?post=690812"}],"curies":[{"name":"wp","href":"https:\/\/api.w.org\/{rel}","templated":true}]}}