{"id":690828,"date":"2026-01-26T17:20:10","date_gmt":"2026-01-26T17:20:10","guid":{"rendered":"https:\/\/www.europesays.com\/fr\/690828\/"},"modified":"2026-01-26T17:20:10","modified_gmt":"2026-01-26T17:20:10","slug":"un-evenement-sur-linnovation-a-horizon-2030-au-novotel-de-toulouse-centre","status":"publish","type":"post","link":"https:\/\/www.europesays.com\/fr\/690828\/","title":{"rendered":"Un \u00e9v\u00e8nement sur l&rsquo;innovation \u00e0 horizon 2030 au Novotel de Toulouse Centre"},"content":{"rendered":"<p>La consultante en strat\u00e9gies Sophie Nanin organise, le 5\u00a0f\u00e9vrier prochain, son \u201cForum 2026\u201d sur la th\u00e9matique \u00ab\u00a0transmettre pour innover\u00a0\u00bb. Comment aligner innovation, performance et \u00e9quilibre humain d\u2019ici 2030\u00a0?<\/p>\n<p>Carole Gautier, directrice du d\u00e9veloppement Caisse d\u2019\u00c9pargne Midi-Pyr\u00e9n\u00e9es, C\u00e9line Gontero, animatrice Prescription professionnels au sein de la Caisse d\u2019\u00c9pargne Midi-Pyr\u00e9n\u00e9es et membre de la commission Les Elles du Groupe BPCE, qui vise \u00e0 \u00ab\u00a0la promotion des femmes dans l\u2019encadrement et les postes \u00e0 responsabilit\u00e9s\u00a0\u00bb, le docteur Mark\u00e9ta Saint Aroman, directrice m\u00e9dicale internationale des Laboratoires Pierre Fabre, interviendront notamment sur ces th\u00e9matiques.<\/p>\n<p><a href=\"https:\/\/www.linscription.com\/pro\/activite.php?P1=217605\" class=\"spip_out\" rel=\"external noopener\" target=\"_blank\">Plus d\u2019informations<\/a>et <a href=\"https:\/\/www.linscription.com\/pro\/inscription-v2.php?P1=217605$P2=$P3=1$P4=1$P5=\" class=\"spip_out\" rel=\"external noopener\" target=\"_blank\">inscriptions<\/a> en ligne.<\/p>\n<p>Forum 2026 Transmettre pour innover. Le jeudi 5\u00a0f\u00e9vrier 2026, de 9 \u00e0 14 heures, au Novotel Toulouse Centre, 15 place du Pr\u00e9sident Thomas Wilson.<\/p>\n","protected":false},"excerpt":{"rendered":"La consultante en strat\u00e9gies Sophie Nanin organise, le 5\u00a0f\u00e9vrier prochain, son \u201cForum 2026\u201d sur la th\u00e9matique \u00ab\u00a0transmettre pour&hellip;\n","protected":false},"author":2,"featured_media":373637,"comment_status":"","ping_status":"","sticky":false,"template":"","format":"standard","meta":{"footnotes":""},"categories":[2816],"tags":[1111,11,58916,1777,674,1011,27,5701,8657,12,2680,25,19436,2312],"class_list":{"0":"post-690828","1":"post","2":"type-post","3":"status-publish","4":"format-standard","5":"has-post-thumbnail","7":"category-toulouse","8":"tag-actu","9":"tag-actualites","10":"tag-egalite-professionnelle","11":"tag-eu","12":"tag-europe","13":"tag-fr","14":"tag-france","15":"tag-innovation","16":"tag-management","17":"tag-news","18":"tag-occitanie","19":"tag-republique-francaise","20":"tag-reseaux","21":"tag-toulouse"},"share_on_mastodon":{"url":"https:\/\/pubeurope.com\/@fr\/115962552208969074","error":""},"_links":{"self":[{"href":"https:\/\/www.europesays.com\/fr\/wp-json\/wp\/v2\/posts\/690828","targetHints":{"allow":["GET"]}}],"collection":[{"href":"https:\/\/www.europesays.com\/fr\/wp-json\/wp\/v2\/posts"}],"about":[{"href":"https:\/\/www.europesays.com\/fr\/wp-json\/wp\/v2\/types\/post"}],"author":[{"embeddable":true,"href":"https:\/\/www.europesays.com\/fr\/wp-json\/wp\/v2\/users\/2"}],"replies":[{"embeddable":true,"href":"https:\/\/www.europesays.com\/fr\/wp-json\/wp\/v2\/comments?post=690828"}],"version-history":[{"count":0,"href":"https:\/\/www.europesays.com\/fr\/wp-json\/wp\/v2\/posts\/690828\/revisions"}],"wp:featuredmedia":[{"embeddable":true,"href":"https:\/\/www.europesays.com\/fr\/wp-json\/wp\/v2\/media\/373637"}],"wp:attachment":[{"href":"https:\/\/www.europesays.com\/fr\/wp-json\/wp\/v2\/media?parent=690828"}],"wp:term":[{"taxonomy":"category","embeddable":true,"href":"https:\/\/www.europesays.com\/fr\/wp-json\/wp\/v2\/categories?post=690828"},{"taxonomy":"post_tag","embeddable":true,"href":"https:\/\/www.europesays.com\/fr\/wp-json\/wp\/v2\/tags?post=690828"}],"curies":[{"name":"wp","href":"https:\/\/api.w.org\/{rel}","templated":true}]}}