{"id":690839,"date":"2026-01-26T17:26:10","date_gmt":"2026-01-26T17:26:10","guid":{"rendered":"https:\/\/www.europesays.com\/fr\/690839\/"},"modified":"2026-01-26T17:26:10","modified_gmt":"2026-01-26T17:26:10","slug":"for-sure-quand-ce-celebre-duo-lyonnais-fait-un-remix-du-discours-demmanuel-macron","status":"publish","type":"post","link":"https:\/\/www.europesays.com\/fr\/690839\/","title":{"rendered":"\u00ab\u00a0For sure\u00a0\u00bb : quand ce c\u00e9l\u00e8bre duo lyonnais fait un remix du discours d&rsquo;Emmanuel Macron"},"content":{"rendered":"<p>Le groupe de musique \u00e9lectro Trinix, originaire de Lyon, a publi\u00e9 sur son compte Instagram un remix de la c\u00e9l\u00e8bre locution \u00ab\u00a0for sure\u00a0\u00bb d&rsquo;Emmanuel Macron au forum de Davos. Un remix qui a beaucoup fait rire leurs abonn\u00e9s.<\/p>\n<p>Apr\u00e8s les lunettes de soleil, l&rsquo;accent anglais du pr\u00e9sident de la R\u00e9publique semble nourrir lui aussi l&rsquo;imagination sur les r\u00e9seaux sociaux.<\/p>\n<p>Lors de son discours au <b>forum \u00e9conomique de Davos<\/b> (Suisse) la semaine derni\u00e8re, <b>Emmanuel Macron<\/b> a pris la parole dans un discours tr\u00e8s remarqu\u00e9 au vu du contexte g\u00e9opolitique et de l&rsquo;opposition de l&rsquo;Union europ\u00e9enne \u00e0 Donald Trump\u2026<\/p>\n<p>\u00ab\u00a0For sure\u00a0\u00bb cartonne sur les r\u00e9seaux<\/p>\n<p>Mais hormis le message offensif pass\u00e9 par le pr\u00e9sident de la R\u00e9publique, un autre moment de son allocution en anglais a retenu l&rsquo;attention des internautes.<\/p>\n<p>Dans une phrase, le chef de l&rsquo;\u00c9tat prononce deux fois les mots <b>\u00ab\u00a0for sure\u00a0\u00bb<\/b> (\u00ab\u00a0bien s\u00fbr\u00a0\u00bb en fran\u00e7ais) avec un accent qui en a fait rire plus d&rsquo;un.<\/p>\n<p>M\u00eame l&rsquo;OL s&rsquo;est permis de faire un tweet en lien lors de la victoire contre Metz dimanche.<\/p>\n<p>Trinix fait un remix du \u00ab\u00a0for sure\u00a0\u00bb d&rsquo;Emmanuel Macron<\/p>\n<p>Ce passage est m\u00eame devenu viral sur les r\u00e9seaux sociaux, si bien que certains n&rsquo;ont pas h\u00e9sit\u00e9 \u00e0 cr\u00e9er des remix musicaux.<\/p>\n<p>C&rsquo;est notamment le cas de <b>Trinix<\/b>. Le groupe de musique \u00e9lectro, originaire de Lyon (Rh\u00f4ne), a partag\u00e9 samedi son propre remix du \u00ab\u00a0for sure\u00a0\u00bb d&rsquo;Emmanuel Macron.<\/p>\n<p>Une cr\u00e9ation qui a provoqu\u00e9 le rire dans les commentaires de la publication et qui, peut-\u00eatre, fera danser cet \u00e9t\u00e9 dans les festivals.<\/p>\n<p><img loading=\"lazy\" decoding=\"async\" src=\"https:\/\/www.europesays.com\/fr\/wp-content\/uploads\/2026\/01\/1769448370_483_img.png\" width=\"350\" height=\"200\" border=\"0\" title=\"Les Enfoir\u00c3\u00a9s\"\/><\/p>\n<p>\u25baMusique<\/p>\n<p style=\"font-size: 22px;\"><b>Un invit\u00e9 surprise d\u00e9barque au concert des Enfoir\u00e9s !<\/b><\/p>\n<p>Grosse surprise lors du concert des Enfoir\u00e9s, \u00e0&#8230;<\/p>\n<p><\/p>\n","protected":false},"excerpt":{"rendered":"Le groupe de musique \u00e9lectro Trinix, originaire de Lyon, a publi\u00e9 sur son compte Instagram un remix de&hellip;\n","protected":false},"author":2,"featured_media":690840,"comment_status":"","ping_status":"","sticky":false,"template":"","format":"standard","meta":{"footnotes":""},"categories":[1889],"tags":[1111,11,2430,1777,674,78695,1011,27,2428,11514,12,25,78696],"class_list":{"0":"post-690839","1":"post","2":"type-post","3":"status-publish","4":"format-standard","5":"has-post-thumbnail","7":"category-lyon","8":"tag-actu","9":"tag-actualites","10":"tag-auvergne-rhone-alpes","11":"tag-eu","12":"tag-europe","13":"tag-for-sure","14":"tag-fr","15":"tag-france","16":"tag-lyon","17":"tag-macron","18":"tag-news","19":"tag-republique-francaise","20":"tag-trinix"},"share_on_mastodon":{"url":"https:\/\/pubeurope.com\/@fr\/115962575969201778","error":""},"_links":{"self":[{"href":"https:\/\/www.europesays.com\/fr\/wp-json\/wp\/v2\/posts\/690839","targetHints":{"allow":["GET"]}}],"collection":[{"href":"https:\/\/www.europesays.com\/fr\/wp-json\/wp\/v2\/posts"}],"about":[{"href":"https:\/\/www.europesays.com\/fr\/wp-json\/wp\/v2\/types\/post"}],"author":[{"embeddable":true,"href":"https:\/\/www.europesays.com\/fr\/wp-json\/wp\/v2\/users\/2"}],"replies":[{"embeddable":true,"href":"https:\/\/www.europesays.com\/fr\/wp-json\/wp\/v2\/comments?post=690839"}],"version-history":[{"count":0,"href":"https:\/\/www.europesays.com\/fr\/wp-json\/wp\/v2\/posts\/690839\/revisions"}],"wp:featuredmedia":[{"embeddable":true,"href":"https:\/\/www.europesays.com\/fr\/wp-json\/wp\/v2\/media\/690840"}],"wp:attachment":[{"href":"https:\/\/www.europesays.com\/fr\/wp-json\/wp\/v2\/media?parent=690839"}],"wp:term":[{"taxonomy":"category","embeddable":true,"href":"https:\/\/www.europesays.com\/fr\/wp-json\/wp\/v2\/categories?post=690839"},{"taxonomy":"post_tag","embeddable":true,"href":"https:\/\/www.europesays.com\/fr\/wp-json\/wp\/v2\/tags?post=690839"}],"curies":[{"name":"wp","href":"https:\/\/api.w.org\/{rel}","templated":true}]}}