{"id":690911,"date":"2026-01-26T18:09:12","date_gmt":"2026-01-26T18:09:12","guid":{"rendered":"https:\/\/www.europesays.com\/fr\/690911\/"},"modified":"2026-01-26T18:09:12","modified_gmt":"2026-01-26T18:09:12","slug":"une-annee-sur-le-theme-de-la-conquete-et-du-combat","status":"publish","type":"post","link":"https:\/\/www.europesays.com\/fr\/690911\/","title":{"rendered":"\u00ab\u00a0Une ann\u00e9e sur le th\u00e8me de la conqu\u00eate et du combat\u00a0\u00bb"},"content":{"rendered":"<p>Deux entit\u00e9s, une m\u00eame c\u00e9r\u00e9monie. Ce lundi soir, la chambre de commerce et d\u2019industrie et la chambre de m\u00e9tiers et de l\u2019artisanat de Meurthe-et-Moselle avaient convi\u00e9 les acteurs \u00e9conomiques du d\u00e9partement \u00e0 cette traditionnelle c\u00e9r\u00e9monie de v\u0153ux. Quelques heures avant le rendez-vous pr\u00e9vu dans les locaux de la CCI Grand Nancy M\u00e9tropole Meurthe-et-Moselle, <a href=\"https:\/\/www.estrepublicain.fr\/economie\/2025\/10\/27\/ecoparc-le-parc-d-activites-a-haute-qualite-environnementale\" target=\"_blank\" rel=\"noopener\">Fran\u00e7ois P\u00e9lissier <\/a>a fait le point sur la conjoncture \u00e9conomique et surtout les perspectives pour cette ann\u00e9e 2026\u2026<\/p>\n<p><strong>Une c\u00e9r\u00e9monie de v\u0153ux, c\u2019est d\u00e9j\u00e0 l\u2019occasion de dresser le bilan de l\u2019ann\u00e9e \u00e9coul\u00e9e. Quel regard portez-vous sur 2025\u00a0?<\/strong><\/p>\n<p>\u00ab\u00a0C\u2019est vrai que les chiffres sont difficiles. II n\u2019y a pas de r\u00e9duction des d\u00e9ficits, de la dette, 50\u00a0% de l\u2019emploi national est menac\u00e9, il y a eu quasiment 70\u00a0000 d\u00e9faillances d\u2019entreprise, c\u2019est un record historique\u2026 Apr\u00e8s, il y a un facteur int\u00e9ressant en termes de dynamique. Alors que l\u2019indice de confiance des chefs d\u2019entreprise est au plus bas, 65\u00a0% d\u2019entre eux restent confiants sur les perspectives pour leur entreprise. Mais on n\u2019a que cela dans le sac \u00e0 dos (sic).\u00a0\u00bb<\/p>\n<p><strong>Qu\u2019attendez-vous pour 2026\u00a0?<\/strong><\/p>\n<p>\u00ab\u00a0Absolument rien du c\u00f4t\u00e9 national car c\u2019est une ann\u00e9e \u00e9lectorale et les Pr\u00e9sidentielles arrivent l\u2019an prochain, ni de l\u2019Europe, car les d\u00e9cisions sont trop longues \u00e0 prendre. On va rester sous les fourches caudines des Chinois, des Am\u00e9ricains, des Russes [\u2026].\u00a0\u00bb<\/p>\n<p>  \u00ab\u00a0Notre mod\u00e8le est trop compliqu\u00e9\u00a0\u00bb<\/p>\n<p><strong>Comment les entreprises peuvent-elles rester comp\u00e9titives\u00a0?<\/strong><\/p>\n<p>\u00ab\u00a0Quand on est face \u00e0 un monde tr\u00e8s complexe, il faut revenir \u00e0 un d\u00e9coupage de petites s\u00e9quences qu\u2019on peut arriver \u00e0 ma\u00eetriser. Si je regarde les grands axes pour 2026, on est dans une d\u00e9marche de combat qui repose sur deux grands piliers, une vision et une ex\u00e9cution.\u00a0\u00bb<\/p>\n<p>\u00ab\u00a0Pour la vision, je pense qu\u2019il faut que les chambres consulaires se dirigent vers une chambre des affaires \u00e9conomiques. Chambre de commerce, d\u2019agriculture, industrie\u2026 Notre mod\u00e8le est trop compliqu\u00e9. Je milite pour qu\u2019on regroupe et qu\u2019on rapproche ces trois entit\u00e9s. Quand un agriculteur fait de la production alimentaire, de la production \u00e9nerg\u00e9tique biomasse, de la transformation agroalimentaire, du tourisme \u00e0 la ferme, il est \u00e0 la fois agriculteur, commer\u00e7ant et artisan. Il faut \u00e9galement que sur un territoire, on d\u00e9l\u00e8gue \u00e0 un acteur et qu\u2019on \u00e9vite la dilution. Le troisi\u00e8me axe, c\u2019est la simplification car c\u2019est la comp\u00e9titivit\u00e9 des entreprises et l\u2019attractivit\u00e9 des territoires [\u2026] On estime qu\u2019en 75 et 100\u00a0milliards d\u2019euros sont accroch\u00e9s \u00e0 une simplification de complexit\u00e9 inutile. Ce choc de simplification ne d\u00e9pend que de nous. Apr\u00e8s, c\u2019est dans l\u2019art de l\u2019ex\u00e9cution que tout se joue. Or, on n\u2019est pas assez rapides, efficaces, unis. Mais si on fait cela, on a des chances \u00e0 port\u00e9e de mains. Je vais placer l\u2019ann\u00e9e sur le th\u00e8me de la conqu\u00eate et du combat.\u00a0\u00bb<\/p>\n<p>  Un partenariat avec la Meuse et la Haute-Marne<\/p>\n<p><strong>Avec quels temps forts\u00a0?<\/strong><\/p>\n<p>\u00ab\u00a0Le premier, c\u2019est les vingt ans de l\u2019\u00e9cole de la deuxi\u00e8me chance. On va aussi poser la premi\u00e8re pierre du <a href=\"https:\/\/www.estrepublicain.fr\/economie\/2025\/10\/08\/cci-formation-un-campus-de-plus-de-4-000-metres-carres-inaugure\" target=\"_blank\" rel=\"noopener\">campus <\/a>\u00e0 l\u2019automne (\u00e0 Laxou, NDLR). Ce lundi soir, on signe \u00e9galement un rapprochement avec la Meuse et la Haute-Marne pour tout le champ de la formation. Ils prennent 5\u00a0% du capital de l\u2019\u00e9cole sup\u00e9rieure consulaire et, avec nos \u00e9quipes, on va d\u00e9ployer tout notre catalogue produits de formation en Meuse et en Haute-Marne. L\u2019id\u00e9e, c\u2019est d\u2019avoir un p\u00f4le pour configurer une offre de formation vis-\u00e0-vis des jeunes, des apprentis, des entreprises\u2026 C\u2019est une premi\u00e8re \u00e9tape importante [\u2026] On va \u00e9galement monter un temps fort avec le r\u00e9seau Entreprendre sur tout ce qui est cr\u00e9ation, innovation et transmission d\u2019entreprises, une nuit du digital, a priori en juin, un temps fort autour du sport\u2026 Je ne baisse pas les bras. Dans cette p\u00e9riode difficile, il faut au contraire aller de l\u2019avant en \u00e9tant en mode combat.\u00a0\u00bb<\/p>\n","protected":false},"excerpt":{"rendered":"Deux entit\u00e9s, une m\u00eame c\u00e9r\u00e9monie. Ce lundi soir, la chambre de commerce et d\u2019industrie et la chambre de&hellip;\n","protected":false},"author":2,"featured_media":690912,"comment_status":"","ping_status":"","sticky":false,"template":"","format":"standard","meta":{"footnotes":""},"categories":[9635],"tags":[1111,11,4406,33,1704,1777,674,1011,27,775,693,3457,1702,1703,12,25,216],"class_list":{"0":"post-690911","1":"post","2":"type-post","3":"status-publish","4":"format-standard","5":"has-post-thumbnail","7":"category-nancy","8":"tag-actu","9":"tag-actualites","10":"tag-commerce-et-services","11":"tag-economie","12":"tag-edition-nancy-et-agglomeration","13":"tag-eu","14":"tag-europe","15":"tag-fr","16":"tag-france","17":"tag-grand-est","18":"tag-industrie","19":"tag-meurthe-et-moselle","20":"tag-nancy","21":"tag-nancy-ville-54b","22":"tag-news","23":"tag-republique-francaise","24":"tag-vie-des-entreprises"},"share_on_mastodon":{"url":"https:\/\/pubeurope.com\/@fr\/115962744903439523","error":""},"_links":{"self":[{"href":"https:\/\/www.europesays.com\/fr\/wp-json\/wp\/v2\/posts\/690911","targetHints":{"allow":["GET"]}}],"collection":[{"href":"https:\/\/www.europesays.com\/fr\/wp-json\/wp\/v2\/posts"}],"about":[{"href":"https:\/\/www.europesays.com\/fr\/wp-json\/wp\/v2\/types\/post"}],"author":[{"embeddable":true,"href":"https:\/\/www.europesays.com\/fr\/wp-json\/wp\/v2\/users\/2"}],"replies":[{"embeddable":true,"href":"https:\/\/www.europesays.com\/fr\/wp-json\/wp\/v2\/comments?post=690911"}],"version-history":[{"count":0,"href":"https:\/\/www.europesays.com\/fr\/wp-json\/wp\/v2\/posts\/690911\/revisions"}],"wp:featuredmedia":[{"embeddable":true,"href":"https:\/\/www.europesays.com\/fr\/wp-json\/wp\/v2\/media\/690912"}],"wp:attachment":[{"href":"https:\/\/www.europesays.com\/fr\/wp-json\/wp\/v2\/media?parent=690911"}],"wp:term":[{"taxonomy":"category","embeddable":true,"href":"https:\/\/www.europesays.com\/fr\/wp-json\/wp\/v2\/categories?post=690911"},{"taxonomy":"post_tag","embeddable":true,"href":"https:\/\/www.europesays.com\/fr\/wp-json\/wp\/v2\/tags?post=690911"}],"curies":[{"name":"wp","href":"https:\/\/api.w.org\/{rel}","templated":true}]}}