{"id":690930,"date":"2026-01-26T18:19:24","date_gmt":"2026-01-26T18:19:24","guid":{"rendered":"https:\/\/www.europesays.com\/fr\/690930\/"},"modified":"2026-01-26T18:19:24","modified_gmt":"2026-01-26T18:19:24","slug":"ma-presence-na-plus-de-raison-detre-a-rennes-les-tensions-a-droite-secouent-un-groupe-dopposition-au-conseil-municipal","status":"publish","type":"post","link":"https:\/\/www.europesays.com\/fr\/690930\/","title":{"rendered":"\u00ab\u00a0Ma pr\u00e9sence n\u2019a plus de raison d\u2019\u00eatre\u00a0\u00bb\u00a0: \u00e0 Rennes, les tensions \u00e0 droite secouent un groupe d\u2019opposition au conseil municipal"},"content":{"rendered":"<p>La tension entre les deux candidats de la droite et du centre aux municipales \u00e0 Rennes ne semble pas partie pour se dissiper. Alors que Charles Compagnon (Horizon), principal opposant \u00e0 la maire Nathalie App\u00e9r\u00e9, et Thomas Rousseau, candidat Les R\u00e9publicains, ne sont pas parvenus \u00e0 s\u2019entendre en vue du premier tour, les fractures ont rejoint les bancs du conseil municipal.<\/p>\n<p>Ce lundi 26 janvier 2026, \u00e0 quelques heures du premier conseil municipal de l\u2019ann\u00e9e, Catherine Rolandin, seule \u00e9lue LR du conseil municipal \u00e0 Rennes, a annonc\u00e9 son retrait du groupe Libre d\u2019Agir de Charles Compagnon. Conseill\u00e8re municipale et m\u00e9tropolitaine de 2014 \u00e0 2020, elle a fait son retour au conseil en mai 2025. Elle a remplac\u00e9 Ana\u00efs J\u00e9hanno, d\u00e9missionnaire de son poste suite \u00e0 un d\u00e9m\u00e9nagement.<\/p>\n<p>\u00ab Choqu\u00e9e par un certain nombre de propos diffamatoires \u00bb<\/p>\n<p>\u00ab J\u2019ai accept\u00e9 de revenir au sein du groupe pour \u00e9viter des divisions en vue de faciliter l\u2019union pour les \u00e9lections municipales. Charles Compagnon a oppos\u00e9 une fin de non-recevoir \u00e0 Thomas Rousseau, ma pr\u00e9sence dans ce groupe n\u2019a donc plus de raison d\u2019\u00eatre \u00bb, explique Catherine Rolandin dans un communiqu\u00e9. Avant de mettre un tacle \u00e0 Charles Compagnon. \u00ab Je suis d\u2019ailleurs choqu\u00e9e par un certain nombre de propos diffamatoires qui n\u2019ont pas de place dans une comp\u00e9tition d\u00e9mocratique de qualit\u00e9 et les Rennais m\u00e9ritent mieux. Je quitte \u00e9videmment ce groupe par souci de clart\u00e9 et de coh\u00e9rence pour soutenir Thomas Rousseau pour les \u00e9lections municipales \u00e0 venir \u00bb.<\/p>\n<p>Entre Catherine Rolandin et le groupe de Charles Compagnon, les dissensions s\u2019\u00e9taient fait jour d\u00e8s la rentr\u00e9e. Lors du conseil municipal de septembre 2025, <a href=\"https:\/\/www.letelegramme.fr\/ille-et-vilaine\/rennes-35000\/une-tension-comme-on-nen-a-jamais-vecu-a-rennes-dans-les-coulisses-dun-conseil-municipal-electrique-6895751.php\" target=\"_blank\" rel=\"noopener\">Catherine Rolandin avait vot\u00e9 contre l\u2019octroi de subventions<\/a> de solidarit\u00e9 internationale en faveur d\u2019associations qui se mobilisent en faveur des populations palestiniennes, alors que le reste de l\u2019opposition s\u2019\u00e9tait abstenu.<\/p>\n","protected":false},"excerpt":{"rendered":"La tension entre les deux candidats de la droite et du centre aux municipales \u00e0 Rennes ne semble&hellip;\n","protected":false},"author":2,"featured_media":690931,"comment_status":"","ping_status":"","sticky":false,"template":"","format":"standard","meta":{"footnotes":""},"categories":[2821],"tags":[1111,11,829,1777,674,1011,27,848,4555,12,584,25],"class_list":{"0":"post-690930","1":"post","2":"type-post","3":"status-publish","4":"format-standard","5":"has-post-thumbnail","7":"category-rennes","8":"tag-actu","9":"tag-actualites","10":"tag-bretagne","11":"tag-eu","12":"tag-europe","13":"tag-fr","14":"tag-france","15":"tag-ille-et-vilaine","16":"tag-local","17":"tag-news","18":"tag-rennes","19":"tag-republique-francaise"},"share_on_mastodon":{"url":"https:\/\/pubeurope.com\/@fr\/115962784257205022","error":""},"_links":{"self":[{"href":"https:\/\/www.europesays.com\/fr\/wp-json\/wp\/v2\/posts\/690930","targetHints":{"allow":["GET"]}}],"collection":[{"href":"https:\/\/www.europesays.com\/fr\/wp-json\/wp\/v2\/posts"}],"about":[{"href":"https:\/\/www.europesays.com\/fr\/wp-json\/wp\/v2\/types\/post"}],"author":[{"embeddable":true,"href":"https:\/\/www.europesays.com\/fr\/wp-json\/wp\/v2\/users\/2"}],"replies":[{"embeddable":true,"href":"https:\/\/www.europesays.com\/fr\/wp-json\/wp\/v2\/comments?post=690930"}],"version-history":[{"count":0,"href":"https:\/\/www.europesays.com\/fr\/wp-json\/wp\/v2\/posts\/690930\/revisions"}],"wp:featuredmedia":[{"embeddable":true,"href":"https:\/\/www.europesays.com\/fr\/wp-json\/wp\/v2\/media\/690931"}],"wp:attachment":[{"href":"https:\/\/www.europesays.com\/fr\/wp-json\/wp\/v2\/media?parent=690930"}],"wp:term":[{"taxonomy":"category","embeddable":true,"href":"https:\/\/www.europesays.com\/fr\/wp-json\/wp\/v2\/categories?post=690930"},{"taxonomy":"post_tag","embeddable":true,"href":"https:\/\/www.europesays.com\/fr\/wp-json\/wp\/v2\/tags?post=690930"}],"curies":[{"name":"wp","href":"https:\/\/api.w.org\/{rel}","templated":true}]}}