{"id":691009,"date":"2026-01-26T19:08:09","date_gmt":"2026-01-26T19:08:09","guid":{"rendered":"https:\/\/www.europesays.com\/fr\/691009\/"},"modified":"2026-01-26T19:08:09","modified_gmt":"2026-01-26T19:08:09","slug":"un-facteur-majeur-de-depression-post-partum","status":"publish","type":"post","link":"https:\/\/www.europesays.com\/fr\/691009\/","title":{"rendered":"un facteur majeur de d\u00e9pression post-partum"},"content":{"rendered":"<p>L\u2019arriv\u00e9e d\u2019un enfant est souvent id\u00e9alis\u00e9e, pr\u00e9sent\u00e9e comme l\u2019apog\u00e9e du bonheur familial. Pourtant, en ce mois de janvier 2026, alors que l\u2019hiver nous invite souvent \u00e0 l\u2019introspection, il est temps de briser un silence qui p\u00e8se lourdement sur le moral des jeunes m\u00e8res. Pour beaucoup, la r\u00e9alit\u00e9 v\u00e9cue en salle de naissance s\u2019\u00e9loigne drastiquement de l\u2019image d\u2019\u00c9pinal, laissant des traces bien plus profondes qu\u2019une simple fatigue physique. Une r\u00e9alit\u00e9 statistique vient \u00e9clairer d\u2019un jour nouveau le lien t\u00e9nu entre le v\u00e9cu de l\u2019accouchement et la sant\u00e9 mentale : les conditions d\u2019accueil et les gestes subis \u00e0 la maternit\u00e9 seraient un <strong>d\u00e9terminant puissant de l\u2019\u00e9tat psychologique<\/strong> des femmes dans les semaines suivant la naissance. Plongeons ensemble, avec bienveillance, au c\u0153ur de ce constat n\u00e9cessaire.<\/p>\n<p>Le choc des chiffres : une femme sur quatre garde un souvenir amer de la salle de naissance<\/p>\n<p>Une grande enqu\u00eate men\u00e9e par l\u2019Inserm et l\u2019AP-HP aupr\u00e8s des jeunes m\u00e8res<\/p>\n<p>Pour comprendre l\u2019ampleur du ph\u00e9nom\u00e8ne, il ne faut pas se fier aux simples anecdotes \u00e9chang\u00e9es entre amies, mais regarder les donn\u00e9es objectives. C\u2019est pr\u00e9cis\u00e9ment ce qu\u2019ont fait l\u2019<strong>Inserm<\/strong> et l\u2019<strong>AP-HP<\/strong> \u00e0 travers une vaste consultation. L\u2019objectif \u00e9tait de d\u00e9passer le ressenti individuel pour dresser un v\u00e9ritable \u00e9tat des lieux de la maternit\u00e9 en France. Ces institutions de r\u00e9f\u00e9rence ont interrog\u00e9 un large panel de femmes sur le d\u00e9roulement de leur accouchement, s\u2019int\u00e9ressant non seulement aux aspects techniques, mais <strong>surtout \u00e0 l\u2019aspect relationnel et humain<\/strong> des soins prodigu\u00e9s.<\/p>\n<p>Un quart des patientes concern\u00e9es : l\u2019ampleur insoup\u00e7onn\u00e9e du ph\u00e9nom\u00e8ne<\/p>\n<p>Le r\u00e9sultat de cette investigation est sans appel et force la r\u00e9flexion : <strong>pr\u00e8s d\u2019une femme sur quatre<\/strong> (environ 25 %) rapporte avoir subi des comportements qu\u2019elle juge inappropri\u00e9s lors de son s\u00e9jour en maternit\u00e9. Ce chiffre est consid\u00e9rable. Il signifie que dans chaque groupe de futures mamans conversant dans une salle d\u2019attente, une partie significative d\u2019entre elles vivra des moments qu\u2019elle percevra comme anormaux ou irrespectueux. Nous ne parlons pas ici d\u2019exceptions isol\u00e9es, mais d\u2019une r\u00e9alit\u00e9 syst\u00e9mique qui touche une part importante de la population f\u00e9minine, soulignant l\u2019urgence de s\u2019int\u00e9resser davantage au bien-\u00eatre \u00e9motionnel durant cet \u00e9v\u00e9nement charni\u00e8re.<\/p>\n<p>Mots blessants et gestes impos\u00e9s : la r\u00e9alit\u00e9 derri\u00e8re les \u00ab comportements inappropri\u00e9s \u00bb<\/p>\n<p>De l\u2019absence de consentement aux pressions abdominales : des actes m\u00e9dicaux contest\u00e9s<\/p>\n<p>Mais de quoi parle-t-on exactement lorsque l\u2019on \u00e9voque ces comportements ? Il s\u2019agit souvent d\u2019actes r\u00e9alis\u00e9s sans le consentement \u00e9clair\u00e9 de la patiente, ou sans que celle-ci ait eu le temps de comprendre ce qui se passait sur son propre corps. Parmi les gestes point\u00e9s du doigt, on retrouve notamment l\u2019expression abdominale, une <strong>pression forte exerc\u00e9e sur le ventre pour expulser le b\u00e9b\u00e9<\/strong>, pourtant d\u00e9cri\u00e9e, ou encore des \u00e9pisiotomies pratiqu\u00e9es sans explication pr\u00e9alable. Ces intrusions physiques, lorsqu\u2019elles sont subies sans accord, sont v\u00e9cues comme une v\u00e9ritable n\u00e9gation de l\u2019int\u00e9grit\u00e9 corporelle de la femme.<\/p>\n<p>L\u2019impact d\u00e9vastateur des remarques d\u00e9plac\u00e9es et du manque d\u2019\u00e9coute du personnel<\/p>\n<p>Au-del\u00e0 des gestes techniques, la violence peut aussi \u00eatre verbale ou psychologique. Le manque d\u2019\u00e9coute face \u00e0 la douleur exprim\u00e9e, des remarques infantilisantes, voire humiliantes sur le physique ou le comportement de la m\u00e8re, laissent des <strong>cicatrices invisibles mais douloureuses<\/strong>. Entendre des phrases minimisant sa souffrance ou se voir reprocher de \u00ab\u00a0trop crier\u00a0\u00bb dans un moment de vuln\u00e9rabilit\u00e9 extr\u00eame constitue un manque d\u2019empathie flagrant. Ce climat, per\u00e7u comme hostile ou indiff\u00e9rent, transforme ce qui devrait \u00eatre un moment de soutien en une \u00e9preuve solitaire.<\/p>\n<p>Quand le traumatisme s\u2019installe : un risque de d\u00e9pression post-partum qui bondit de 37 %<\/p>\n<p>La corr\u00e9lation statistique prouv\u00e9e entre le v\u00e9cu de l\u2019accouchement et la sant\u00e9 mentale<\/p>\n<p>C\u2019est ici que se trouve le c\u0153ur du probl\u00e8me de sant\u00e9 publique. Ces incidents ne sont pas de simples \u00ab\u00a0mauvais souvenirs\u00a0\u00bb qui s\u2019effacent avec le temps. Les donn\u00e9es r\u00e9v\u00e8lent une corr\u00e9lation directe : avoir subi ces comportements inappropri\u00e9s augmenterait de <strong>37 % le risque de traverser un \u00e9pisode d\u00e9pressif caract\u00e9ris\u00e9<\/strong> deux mois apr\u00e8s l\u2019accouchement. Ce chiffre illustre parfaitement comment la qualit\u00e9 de l\u2019accueil en maternit\u00e9 agit comme un facteur pr\u00e9cipitant des troubles psychiques. Le lien de cause \u00e0 effet entre la maltraitance ressentie et l\u2019effondrement moral est d\u00e9sormais clairement identifi\u00e9.<\/p>\n<p>Au-del\u00e0 du \u00ab\u00a0baby blues\u00a0\u00bb : quand la souffrance s\u2019ancre dans la dur\u00e9e<\/p>\n<p>Il est crucial de distinguer cette d\u00e9pression d\u2019un simple \u00ab\u00a0baby blues\u00a0\u00bb, cet \u00e9tat passager d\u00fb \u00e0 la chute hormonale. Ici, nous parlons d\u2019une souffrance qui s\u2019ancre, nourrie par un sentiment d\u2019injustice ou de traumatisme. La d\u00e9pression post-partum, lorsqu\u2019elle est aliment\u00e9e par un v\u00e9cu difficile de l\u2019accouchement, peut <strong>alt\u00e9rer le lien m\u00e8re-enfant, la confiance en soi et l\u2019\u00e9quilibre familial<\/strong> global. Comprendre que l\u2019origine de ce mal-\u00eatre peut \u00eatre ext\u00e9rieure, li\u00e9e \u00e0 l\u2019environnement hospitalier, d\u00e9culpabilise de nombreuses m\u00e8res qui pensaient \u00eatre seules responsables de leur d\u00e9tresse.<\/p>\n<p>La violence obst\u00e9tricale, ce tabou qui brise la confiance d\u00e8s les premiers instants<\/p>\n<p>Comprendre la m\u00e9canique de la violence syst\u00e9mique et institutionnelle<\/p>\n<p>Il ne s\u2019agit pas de jeter la pierre \u00e0 l\u2019ensemble du corps m\u00e9dical, souvent \u00e0 bout de souffle, mais de comprendre une m\u00e9canique institutionnelle. Parfois, le manque de personnel, la fatigue ou des protocoles rigides conduisent \u00e0 une d\u00e9shumanisation des soins. C\u2019est ce que l\u2019on nomme la <strong>violence syst\u00e9mique<\/strong> : elle n\u2019est pas toujours l\u2019\u0153uvre d\u2019un individu malveillant, mais le r\u00e9sultat d\u2019une organisation qui ne place plus l\u2019humain et le temps d\u2019\u00e9coute au centre des priorit\u00e9s. Reconna\u00eetre ce syst\u00e8me est la premi\u00e8re \u00e9tape pour prot\u00e9ger celles qui donnent la vie.<\/p>\n<p>La diff\u00e9rence cruciale entre un acte m\u00e9dical n\u00e9cessaire et une violence ressentie<\/p>\n<p>La nuance est importante : un acte m\u00e9dical d\u2019urgence, m\u00eame invasif, s\u2019il est expliqu\u00e9 et accompagn\u00e9 avec bienveillance, est g\u00e9n\u00e9ralement bien v\u00e9cu. La violence na\u00eet du d\u00e9calage entre l\u2019acte et la mani\u00e8re dont il est impos\u00e9. Une c\u00e9sarienne d\u2019urgence peut \u00eatre traumatisante si elle est faite dans la froideur et le silence, ou <strong>salvatrice si l\u2019\u00e9quipe entoure la m\u00e8re de paroles rassurantes<\/strong>. Tout se joue dans la communication et le respect de la personne : le soin ne se limite pas \u00e0 la technique.<\/p>\n<p>Se sentir invisible ou ignor\u00e9e au moment le plus vuln\u00e9rable de sa vie<\/p>\n<p>La perte de contr\u00f4le sur son propre corps comme facteur aggravant<\/p>\n<p>L\u2019accouchement est un moment de puissance, mais aussi de grande vuln\u00e9rabilit\u00e9. Se sentir d\u00e9poss\u00e9d\u00e9e de son corps, devenir un simple objet de soins sur lequel on s\u2019active sans interaction, est un facteur aggravant majeur. Cette <strong>perte de contr\u00f4le<\/strong>, ressentie par de nombreuses femmes interrog\u00e9es, cr\u00e9e un sentiment d\u2019impuissance qui peut resurgir violemment des semaines plus tard sous forme d\u2019anxi\u00e9t\u00e9 ou de d\u00e9pression. Retrouver la ma\u00eetrise de son corps est un cheminement parfois long apr\u00e8s une telle exp\u00e9rience.<\/p>\n<p>La douleur ignor\u00e9e et ses r\u00e9percussions psychologiques imm\u00e9diates<\/p>\n<p>La gestion de la douleur est \u00e9galement centrale. Lorsqu\u2019une femme dit avoir mal et qu\u2019on lui r\u00e9pond que \u00ab\u00a0c\u2019est normal\u00a0\u00bb, on nie son v\u00e9cu. Cette invalidation de la parole est toxique. Le cerveau enregistre ce moment comme une <strong>mise en danger, o\u00f9 les appels \u00e0 l\u2019aide sont rest\u00e9s vains<\/strong>. Les r\u00e9percussions psychologiques sont imm\u00e9diates : sentiment d\u2019abandon, perte de confiance envers le corps m\u00e9dical et repli sur soi, autant de terreaux fertiles pour la d\u00e9pression post-partum.<\/p>\n<p>Remettre l\u2019humain et le consentement au c\u0153ur de la naissance pour prot\u00e9ger les m\u00e8res<\/p>\n<p>Former les soignants \u00e0 la bienveillance et au respect strict du consentement<\/p>\n<p>Face \u00e0 ces constats, des solutions existent et passent par la formation. Sensibiliser les soignants \u00e0 l\u2019importance cruciale de la bienveillance, de la demande de consentement syst\u00e9matique (m\u00eame pour un geste simple) et de l\u2019\u00e9coute active peut tout changer. Un simple <strong>\u00ab\u00a0je vais vous examiner, \u00eates-vous d\u2019accord ?\u00a0\u00bb<\/strong> redonne \u00e0 la patiente sa place de sujet. C\u2019est une d\u00e9marche de pr\u00e9vention en sant\u00e9 mentale aussi importante que l\u2019hygi\u00e8ne l\u2019est pour la sant\u00e9 physique.<\/p>\n<p>L\u2019importance cruciale de lib\u00e9rer la parole pour soigner les maux de la maternit\u00e9<\/p>\n<p>Enfin, pour les femmes ayant v\u00e9cu ces situations, la lib\u00e9ration de la parole est salvatrice. Pouvoir dire \u00ab\u00a0ce que j\u2019ai v\u00e9cu n\u2019\u00e9tait pas normal\u00a0\u00bb est le d\u00e9but de la gu\u00e9rison. Il est essentiel de cr\u00e9er des espaces, que ce soit via des <strong>groupes de parole ou des suivis psychologiques adapt\u00e9s<\/strong>, o\u00f9 ces r\u00e9cits peuvent \u00eatre accueillis sans jugement. Reconna\u00eetre les violences obst\u00e9tricales, c\u2019est valider la souffrance des m\u00e8res et commencer \u00e0 r\u00e9parer ce qui a \u00e9t\u00e9 bris\u00e9.<\/p>\n<p>La reconnaissance de ces violences constitue la premi\u00e8re \u00e9tape indispensable pour endiguer la vague de d\u00e9pressions post-partum. Il devient urgent de repenser l\u2019accompagnement des femmes, non plus seulement sous l\u2019angle technique, mais avec une approche globale o\u00f9 le <strong>respect de la dignit\u00e9 maternelle<\/strong> devient le meilleur rempart contre l\u2019effondrement psychologique. Si vous, ou une proche, ressentez ce mal-\u00eatre persistant apr\u00e8s une naissance difficile, n\u2019h\u00e9sitez jamais \u00e0 consulter un professionnel de sant\u00e9 : votre ressenti est l\u00e9gitime et m\u00e9rite d\u2019\u00eatre entendu.<\/p>\n","protected":false},"excerpt":{"rendered":"L\u2019arriv\u00e9e d\u2019un enfant est souvent id\u00e9alis\u00e9e, pr\u00e9sent\u00e9e comme l\u2019apog\u00e9e du bonheur familial. Pourtant, en ce mois de janvier&hellip;\n","protected":false},"author":2,"featured_media":691010,"comment_status":"","ping_status":"","sticky":false,"template":"","format":"standard","meta":{"footnotes":""},"categories":[10],"tags":[1011,27,72,56,71],"class_list":{"0":"post-691009","1":"post","2":"type-post","3":"status-publish","4":"format-standard","5":"has-post-thumbnail","7":"category-sante","8":"tag-fr","9":"tag-france","10":"tag-health","11":"tag-push","12":"tag-sante"},"share_on_mastodon":{"url":"https:\/\/pubeurope.com\/@fr\/115962976931288366","error":""},"_links":{"self":[{"href":"https:\/\/www.europesays.com\/fr\/wp-json\/wp\/v2\/posts\/691009","targetHints":{"allow":["GET"]}}],"collection":[{"href":"https:\/\/www.europesays.com\/fr\/wp-json\/wp\/v2\/posts"}],"about":[{"href":"https:\/\/www.europesays.com\/fr\/wp-json\/wp\/v2\/types\/post"}],"author":[{"embeddable":true,"href":"https:\/\/www.europesays.com\/fr\/wp-json\/wp\/v2\/users\/2"}],"replies":[{"embeddable":true,"href":"https:\/\/www.europesays.com\/fr\/wp-json\/wp\/v2\/comments?post=691009"}],"version-history":[{"count":0,"href":"https:\/\/www.europesays.com\/fr\/wp-json\/wp\/v2\/posts\/691009\/revisions"}],"wp:featuredmedia":[{"embeddable":true,"href":"https:\/\/www.europesays.com\/fr\/wp-json\/wp\/v2\/media\/691010"}],"wp:attachment":[{"href":"https:\/\/www.europesays.com\/fr\/wp-json\/wp\/v2\/media?parent=691009"}],"wp:term":[{"taxonomy":"category","embeddable":true,"href":"https:\/\/www.europesays.com\/fr\/wp-json\/wp\/v2\/categories?post=691009"},{"taxonomy":"post_tag","embeddable":true,"href":"https:\/\/www.europesays.com\/fr\/wp-json\/wp\/v2\/tags?post=691009"}],"curies":[{"name":"wp","href":"https:\/\/api.w.org\/{rel}","templated":true}]}}