{"id":691021,"date":"2026-01-26T19:14:11","date_gmt":"2026-01-26T19:14:11","guid":{"rendered":"https:\/\/www.europesays.com\/fr\/691021\/"},"modified":"2026-01-26T19:14:11","modified_gmt":"2026-01-26T19:14:11","slug":"apres-avoir-grandi-dans-la-maison-de-lhorreur-suzanne-24-ans-temoigne-des-violences-subies-et-vues","status":"publish","type":"post","link":"https:\/\/www.europesays.com\/fr\/691021\/","title":{"rendered":"Apr\u00e8s avoir grandi dans \u00ab\u00a0la maison de l\u2019horreur\u00a0\u00bb, Suzanne, 24 ans, t\u00e9moigne des violences subies et vues"},"content":{"rendered":"<p>Elle est extraordinairement sereine en apparence. Mais dans le fond, Suzanne est ab\u00eem\u00e9e. Celle qui a grandi dans \u00ab\u00a0la maison de l\u2019horreur\u00a0\u00bb, aupr\u00e8s du \u00ab\u00a0gourou\u00a0\u00bb Makhete Mare, \u00e0 Nogaro dans le <a href=\"https:\/\/www.20minutes.fr\/dossier\/gers\" class=\"c-link c-link--is-underlined\" target=\"_blank\" rel=\"noopener\">Gers<\/a>, a racont\u00e9 <a href=\"https:\/\/www.tf1info.fr\/justice-faits-divers\/videos\/video-le-portrait-suzanne-18-ans-dans-la-maison-de-l-horreur-65914-2420739.html\" rel=\"nofollow noopener\" target=\"_blank\" class=\"c-link c-link--is-underlined\">aux \u00e9quipes de \u00ab\u00a0Sept \u00e0 Huit\u00a0\u00bb sur TF1<\/a> son histoire et celle de sa m\u00e8re. L\u2019homme a \u00e9t\u00e9 <a href=\"https:\/\/www.20minutes.fr\/justice\/4186708-20251119-gers-30-ans-prison-gourou-polygame-violait-compagnes-battait-enfants\" class=\"c-link c-link--is-underlined\" target=\"_blank\" rel=\"noopener\">reconnu coupable d\u2019actes de torture et barbarie en novembre dernier.<\/a><\/p>\n<p><img decoding=\"async\" alt=\" Suzanne a subi de multiples violences de l\u2019\u00e2ge de ses 3 ans jusqu\u2019\u00e0 ses 21 ans de la part \" class=\"c-img\" loading=\"lazy\" fetchpriority=\"auto\" width=\"718\"  src=\"https:\/\/img.20mn.fr\/EKUK7k7vRpus24qyJbUG8Ck\/718x0\" \/> Suzanne a subi de multiples violences de l\u2019\u00e2ge de ses 3 ans jusqu\u2019\u00e0 ses 21 ans de la part \u2002-\u00a0capture<\/p>\n<p>Des violences psychologiques et physiques, inflig\u00e9es avec la main, le pied, voire des objets dont un tuyau saisi au domicile\u2026 Suzanne a subi de multiples violences de l\u2019\u00e2ge de ses 3 ans jusqu\u2019\u00e0 ses 21 ans. \u00ab\u00a0Il coupait les tuyaux et il en faisait des martinets. J\u2019avais peur de mourir. Il pouvait raser la t\u00eate de ma m\u00e8re, lui donner des douches froides, coups de ceinture, coups de pied\u2026\u00a0\u00bb, raconte Suzanne, affirmant n\u2019avoir pas parl\u00e9 parce qu\u2019elle pensait que c\u2019\u00e9tait \u00ab\u00a0normal\u00a0\u00bb.<\/p>\n<p>30 ans de r\u00e9clusion<\/p>\n<p>L\u2019accus\u00e9, sans emploi d\u00e9clar\u00e9, observait une pratique \u00ab\u00a0particuli\u00e8rement exigeante et rigoureuse de l\u2019islam\u00a0\u00bb, selon les enqu\u00eateurs. Il avait d\u00e9pouill\u00e9 le domicile de la plupart de ses meubles et calfeutr\u00e9 les fen\u00eatres afin \u00ab\u00a0d\u2019emp\u00eacher le diable d\u2019entrer\u00a0\u00bb.<\/p>\n<p><a href=\"https:\/\/www.20minutes.fr\/justice\/4183685-20251110-gers-viols-aggraves-tortures-actes-barbarie-bourreau-maison-horreur-nogaro-juge-assises\" class=\"c-link c-link--is-underlined\" target=\"_blank\" rel=\"noopener\">La justice a pris connaissance de la situation<\/a> lorsque l\u2019une de ses compagnes<a href=\"https:\/\/www.20minutes.fr\/faits_divers\/3267915-20220408-gers-viol-coups-homme-ultra-violent-maltraitait-28-enfants-batisse-isolee\" class=\"c-link c-link--is-underlined\" target=\"_blank\" rel=\"noopener\"> a pris la fuite d\u00e9but\u00a02022<\/a>. L\u2019accus\u00e9 a \u00e9t\u00e9 plac\u00e9 en d\u00e9tention en avril de la m\u00eame ann\u00e9e et ses enfants mineurs ont \u00e9t\u00e9 plac\u00e9s.<\/p>\n<p>Il a \u00e9t\u00e9 condamn\u00e9 \u00e0 trente ann\u00e9es d\u2019emprisonnement pour viols contre ses compagnes et violences aggrav\u00e9es contre 28 de ses 29 enfants pr\u00e9sum\u00e9s.<\/p>\n","protected":false},"excerpt":{"rendered":"Elle est extraordinairement sereine en apparence. Mais dans le fond, Suzanne est ab\u00eem\u00e9e. Celle qui a grandi dans&hellip;\n","protected":false},"author":2,"featured_media":691022,"comment_status":"","ping_status":"","sticky":false,"template":"","format":"standard","meta":{"footnotes":""},"categories":[4],"tags":[47,11,1011,27,11328,2721,12,2680,25,104,1265,34347,798,797,799],"class_list":{"0":"post-691021","1":"post","2":"type-post","3":"status-publish","4":"format-standard","5":"has-post-thumbnail","7":"category-france","8":"tag-actualite","9":"tag-actualites","10":"tag-fr","11":"tag-france","12":"tag-gers","13":"tag-midi-pyrenees","14":"tag-news","15":"tag-occitanie","16":"tag-republique-francaise","17":"tag-societe","18":"tag-viol","19":"tag-violences-sur-mineurs","20":"tag-violences-conjugales","21":"tag-violences-faites-aux-femmes","22":"tag-violences-sexuelles"},"share_on_mastodon":{"url":"https:\/\/pubeurope.com\/@fr\/115963000498239990","error":""},"_links":{"self":[{"href":"https:\/\/www.europesays.com\/fr\/wp-json\/wp\/v2\/posts\/691021","targetHints":{"allow":["GET"]}}],"collection":[{"href":"https:\/\/www.europesays.com\/fr\/wp-json\/wp\/v2\/posts"}],"about":[{"href":"https:\/\/www.europesays.com\/fr\/wp-json\/wp\/v2\/types\/post"}],"author":[{"embeddable":true,"href":"https:\/\/www.europesays.com\/fr\/wp-json\/wp\/v2\/users\/2"}],"replies":[{"embeddable":true,"href":"https:\/\/www.europesays.com\/fr\/wp-json\/wp\/v2\/comments?post=691021"}],"version-history":[{"count":0,"href":"https:\/\/www.europesays.com\/fr\/wp-json\/wp\/v2\/posts\/691021\/revisions"}],"wp:featuredmedia":[{"embeddable":true,"href":"https:\/\/www.europesays.com\/fr\/wp-json\/wp\/v2\/media\/691022"}],"wp:attachment":[{"href":"https:\/\/www.europesays.com\/fr\/wp-json\/wp\/v2\/media?parent=691021"}],"wp:term":[{"taxonomy":"category","embeddable":true,"href":"https:\/\/www.europesays.com\/fr\/wp-json\/wp\/v2\/categories?post=691021"},{"taxonomy":"post_tag","embeddable":true,"href":"https:\/\/www.europesays.com\/fr\/wp-json\/wp\/v2\/tags?post=691021"}],"curies":[{"name":"wp","href":"https:\/\/api.w.org\/{rel}","templated":true}]}}