{"id":691030,"date":"2026-01-26T19:19:19","date_gmt":"2026-01-26T19:19:19","guid":{"rendered":"https:\/\/www.europesays.com\/fr\/691030\/"},"modified":"2026-01-26T19:19:19","modified_gmt":"2026-01-26T19:19:19","slug":"spectacle-cabaret-madame-arthur-enflamme-nancy","status":"publish","type":"post","link":"https:\/\/www.europesays.com\/fr\/691030\/","title":{"rendered":"Spectacle cabaret Madame Arthur enflamme Nancy"},"content":{"rendered":"<p>Madame Arthur enflamme Nancy , le nouveau spectacle musical du cabaret mythique de Pigalle. Diamanda Callas, La Brioch\u00e9e, Grand Soir, Pierre et la rose, quatre artistes drag, affolent la France enti\u00e8re avec un tour de chant original qui revisite les plus grands classiques de la chanson fran\u00e7aise. Toujours au piano-voix, les cr\u00e9atures embrasent la f\u00eate sans retenue et vous emm\u00e8nent en voyage loin des sentiers battus.<\/p>\n<p class=\"note\">Jeudi 29\u00a0janvier, \u00e0 20\u00a0h, \u00e0 l\u2019Autre Canal, 45, boulevard d\u2019Austrasie, \u00e0 Nancy. Tarif\u00a0: 35\u00a0\u20ac.<\/p>\n","protected":false},"excerpt":{"rendered":"Madame Arthur enflamme Nancy , le nouveau spectacle musical du cabaret mythique de Pigalle. Diamanda Callas, La Brioch\u00e9e,&hellip;\n","protected":false},"author":2,"featured_media":691031,"comment_status":"","ping_status":"","sticky":false,"template":"","format":"standard","meta":{"footnotes":""},"categories":[9635],"tags":[1111,11,1687,1704,1777,674,1011,27,775,1702,1703,12,25,3140],"class_list":{"0":"post-691030","1":"post","2":"type-post","3":"status-publish","4":"format-standard","5":"has-post-thumbnail","7":"category-nancy","8":"tag-actu","9":"tag-actualites","10":"tag-culture-loisirs","11":"tag-edition-nancy-et-agglomeration","12":"tag-eu","13":"tag-europe","14":"tag-fr","15":"tag-france","16":"tag-grand-est","17":"tag-nancy","18":"tag-nancy-ville-54b","19":"tag-news","20":"tag-republique-francaise","21":"tag-spectacle"},"share_on_mastodon":{"url":"https:\/\/pubeurope.com\/@fr\/115963020161815027","error":""},"_links":{"self":[{"href":"https:\/\/www.europesays.com\/fr\/wp-json\/wp\/v2\/posts\/691030","targetHints":{"allow":["GET"]}}],"collection":[{"href":"https:\/\/www.europesays.com\/fr\/wp-json\/wp\/v2\/posts"}],"about":[{"href":"https:\/\/www.europesays.com\/fr\/wp-json\/wp\/v2\/types\/post"}],"author":[{"embeddable":true,"href":"https:\/\/www.europesays.com\/fr\/wp-json\/wp\/v2\/users\/2"}],"replies":[{"embeddable":true,"href":"https:\/\/www.europesays.com\/fr\/wp-json\/wp\/v2\/comments?post=691030"}],"version-history":[{"count":0,"href":"https:\/\/www.europesays.com\/fr\/wp-json\/wp\/v2\/posts\/691030\/revisions"}],"wp:featuredmedia":[{"embeddable":true,"href":"https:\/\/www.europesays.com\/fr\/wp-json\/wp\/v2\/media\/691031"}],"wp:attachment":[{"href":"https:\/\/www.europesays.com\/fr\/wp-json\/wp\/v2\/media?parent=691030"}],"wp:term":[{"taxonomy":"category","embeddable":true,"href":"https:\/\/www.europesays.com\/fr\/wp-json\/wp\/v2\/categories?post=691030"},{"taxonomy":"post_tag","embeddable":true,"href":"https:\/\/www.europesays.com\/fr\/wp-json\/wp\/v2\/tags?post=691030"}],"curies":[{"name":"wp","href":"https:\/\/api.w.org\/{rel}","templated":true}]}}