{"id":69104,"date":"2025-05-02T10:24:09","date_gmt":"2025-05-02T10:24:09","guid":{"rendered":"https:\/\/www.europesays.com\/fr\/69104\/"},"modified":"2025-05-02T10:24:09","modified_gmt":"2025-05-02T10:24:09","slug":"une-offre-a-plusieurs-milliards-de-leurope-pour-regler-le-conflit","status":"publish","type":"post","link":"https:\/\/www.europesays.com\/fr\/69104\/","title":{"rendered":"une offre \u00e0 plusieurs milliards de l\u2019Europe pour r\u00e9gler le conflit ?"},"content":{"rendered":"<p><strong>La guerre commerciale<\/strong> avec l\u2019administration Trump bat <strong>son plein<\/strong> actuellement. L\u2019Europe pourrait <strong>augmenter<\/strong> ses achats de produits am\u00e9ricains pour <strong>50 milliards d\u2019euros.<\/strong> Suffisant pour faire <strong>stopper<\/strong> les droits de douane ?<\/p>\n<p>la surtaxe des USA fait du mal \u00e0 certains constructeurs europ\u00e9ens, comme les marques allemandes qui exportent beaucoup sur <strong>le continent am\u00e9ricain.<\/strong> Afin d\u2019essayer de r\u00e9gler la situation, les autorit\u00e9s europ\u00e9ennes ont propos\u00e9 <strong>une mesure.<\/strong> Par la voix de <a href=\"https:\/\/commission.europa.eu\/about\/organisation\/college-commissioners\/maros-sefcovic_en\" target=\"_blank\" rel=\"noopener nofollow\">Maros Sefcovic<\/a>, commissaire europ\u00e9en en charge du Commerce, <strong>l\u2019Europe<\/strong> serait le point d\u2019augmenter de 50 milliards ses achats de <strong>produits am\u00e9ricains.<\/strong><br \/> \u201cSi nous consid\u00e9rons que le d\u00e9ficit s\u2019\u00e9l\u00e8ve \u00e0 50 milliards d\u2019euros, je pense que nous pouvons vraiment r\u00e9soudre ce probl\u00e8me tr\u00e8s rapidement gr\u00e2ce aux achats de GNL (gaz naturel), ou certains produits agricoles comme le soja\u00a0\u00bb, a alors affirm\u00e9 le commissaire europ\u00e9en.<br \/> Suffisant pour faire <strong>lever<\/strong> les droits de douane impos\u00e9s par Trump ? Pour rappel, l\u2019industrie automobile est touch\u00e9e par<strong> une surtaxe de 25 %.<\/strong> Un accord qui doit \u00eatre valid\u00e9 par les 27 Etats membres <\/p>\n<p><a href=\"https:\/\/www.autojournal.fr\/actu\/taxes-americaines-cette-annonce-de-donald-trump-va-ravir-les-constructeurs-382968.html\" target=\"_blank\" rel=\"noopener nofollow\">L\u2019administration de Donald Trump<\/a> a mis en place <strong>les droits de douane<\/strong> car elle consid\u00e8re que l\u2019Europe cause un d\u00e9ficit commercial envers <strong>les USA.<\/strong> Ce d\u00e9ficit est \u00e9valu\u00e9 \u00e0 plusieurs centaines de milliards de dollars. C\u2019est ainsi que l\u2019Europe propose <strong>un achat suppl\u00e9mentaire<\/strong> des produits am\u00e9ricain de <strong>50 milliards d\u2019euros.<\/strong><br \/>Peu importe la d\u00e9cision de <a href=\"https:\/\/www.autojournal.fr\/actu\/controle-technique-annuel-qui-sera-concerne-par-la-reforme-europeenne-382995.html\" target=\"_blank\" rel=\"noopener nofollow\">la Commission europ\u00e9enne<\/a>, l\u2019accord devra ensuite \u00eatre approuv\u00e9 par <strong>les 27 Etats membres.<\/strong> Une fois cela effectu\u00e9, il faudra que <strong>cet accord<\/strong> soit ratifi\u00e9 par le Parlement europ\u00e9en.<br \/>L\u2019Europe n\u2019est pas <strong>le seul coin<\/strong> du monde \u00e0 subir ces droits de douane. C\u2019est le cas \u00e9galement de la Chine. A l\u2019heure o\u00f9 nous \u00e9crivons ces lignes, les Etats-Unis imposent une surtaxe de <strong>145 %<\/strong> sur de nombreux produits chinois. A l\u2019inverse, la Chine a mis en place des droits de douane de <strong>125 %<\/strong> sur les produis am\u00e9ricains. Cependant, <strong>des n\u00e9gociations<\/strong> pourraient arriver prochainement entre <strong>les deux parties.<\/strong><br \/>Les constructeurs fran\u00e7ais sont, pour le moment, relativement peu touch\u00e9s. La raison est simple : ils n\u2019exportent que tr\u00e8s peu de mod\u00e8les <strong>aux Etats-Unis.<\/strong><\/p>\n<p>Paradoxalement, ce sont les constructeurs am\u00e9ricains qui subissent le plus <strong>le conflit commercial<\/strong> actuel dans <strong>le monde.<\/strong> Une situation qui devrait cependant rapidement<strong> \u00e9voluer.<\/strong><\/p>\n","protected":false},"excerpt":{"rendered":"La guerre commerciale avec l\u2019administration Trump bat son plein actuellement. L\u2019Europe pourrait augmenter ses achats de produits am\u00e9ricains&hellip;\n","protected":false},"author":2,"featured_media":69105,"comment_status":"","ping_status":"","sticky":false,"template":"","format":"standard","meta":{"footnotes":""},"categories":[1586],"tags":[11,1777,674,1011,27,1638,12,25],"class_list":{"0":"post-69104","1":"post","2":"type-post","3":"status-publish","4":"format-standard","5":"has-post-thumbnail","7":"category-europe","8":"tag-actualites","9":"tag-eu","10":"tag-europe","11":"tag-fr","12":"tag-france","13":"tag-has_diapo","14":"tag-news","15":"tag-republique-francaise"},"share_on_mastodon":{"url":"https:\/\/pubeurope.com\/@fr\/114437755084226038","error":""},"_links":{"self":[{"href":"https:\/\/www.europesays.com\/fr\/wp-json\/wp\/v2\/posts\/69104","targetHints":{"allow":["GET"]}}],"collection":[{"href":"https:\/\/www.europesays.com\/fr\/wp-json\/wp\/v2\/posts"}],"about":[{"href":"https:\/\/www.europesays.com\/fr\/wp-json\/wp\/v2\/types\/post"}],"author":[{"embeddable":true,"href":"https:\/\/www.europesays.com\/fr\/wp-json\/wp\/v2\/users\/2"}],"replies":[{"embeddable":true,"href":"https:\/\/www.europesays.com\/fr\/wp-json\/wp\/v2\/comments?post=69104"}],"version-history":[{"count":0,"href":"https:\/\/www.europesays.com\/fr\/wp-json\/wp\/v2\/posts\/69104\/revisions"}],"wp:featuredmedia":[{"embeddable":true,"href":"https:\/\/www.europesays.com\/fr\/wp-json\/wp\/v2\/media\/69105"}],"wp:attachment":[{"href":"https:\/\/www.europesays.com\/fr\/wp-json\/wp\/v2\/media?parent=69104"}],"wp:term":[{"taxonomy":"category","embeddable":true,"href":"https:\/\/www.europesays.com\/fr\/wp-json\/wp\/v2\/categories?post=69104"},{"taxonomy":"post_tag","embeddable":true,"href":"https:\/\/www.europesays.com\/fr\/wp-json\/wp\/v2\/tags?post=69104"}],"curies":[{"name":"wp","href":"https:\/\/api.w.org\/{rel}","templated":true}]}}