{"id":691049,"date":"2026-01-26T19:31:21","date_gmt":"2026-01-26T19:31:21","guid":{"rendered":"https:\/\/www.europesays.com\/fr\/691049\/"},"modified":"2026-01-26T19:31:21","modified_gmt":"2026-01-26T19:31:21","slug":"strasbourg-journees-exil-de-la-licra-le-courage-de-lhospitalite","status":"publish","type":"post","link":"https:\/\/www.europesays.com\/fr\/691049\/","title":{"rendered":"Strasbourg. Journ\u00e9es \u00ab\u00a0Exil\u00a0\u00bb de la Licra\u00a0: le courage de l\u2019hospitalit\u00e9"},"content":{"rendered":"<p>La Ligue internationale contre le racisme et l\u2019antis\u00e9mitisme (Licra) du Bas-Rhin organise la 4e \u00e9dition de ses journ\u00e9es consacr\u00e9es \u00e0 l\u2019exil, les vendredi\u00a030 et samedi 31\u00a0janvier \u00e0 l\u2019h\u00f4tel d\u2019Alsace, si\u00e8ge de la CEA, place du Quartier-Blanc \u00e0 Strasbourg, et \u00e0 l\u2019h\u00f4tel de la R\u00e9gion Grand Est, place Adrien-Zeller \u00e0 Strasbourg. La Licra veut r\u00e9affirmer sa \u00ab\u00a0position politique\u00a0\u00bb en donnant le th\u00e8me \u00ab\u00a0avoir le courage de l\u2019hospitalit\u00e9\u00a0\u00bb \u00e0 ces journ\u00e9es, dans un contexte national et europ\u00e9en marqu\u00e9 par \u00ab\u00a0la mont\u00e9e des replis identitaires\u00a0\u00bb et la \u00ab\u00a0banalisation des discours x\u00e9nophobes\u00a0\u00bb, des \u00ab\u00a0attaques r\u00e9p\u00e9t\u00e9es contre le droit d\u2019asile\u00a0\u00bb. Ce sera donc l\u2019occasion d\u2019aborder ces questions autour de la remise en cause du droit d\u2019asile et du risque que l\u2019Europe devienne inaccessible aux personnes en exil.<\/p>\n<p>  Les temps forts<\/p>\n<p>Quelques temps forts de ces journ\u00e9es\u00a0: vendredi\u00a030, \u00e0 15\u00a0h\u00a030 \u00e0 la CEA, d\u00e9bat avec les \u00e9tudiants de l\u2019\u00e9cole de journalisme de Strasbourg, autour du r\u00f4le des m\u00e9dias dans la construction des repr\u00e9sentations de l\u2019immigration\u00a0; samedi\u00a031, \u00e0 la R\u00e9gion Grand Est, toute la journ\u00e9e, plusieurs tables rondes (8\u00a0h\u00a030, accueil\u00a0; 9\u00a0h\u00a030, introduction\u00a0; 10\u00a0h-11\u00a0h\u00a030, droits d\u00e9mat\u00e9rialis\u00e9s, discriminations et d\u00e9sint\u00e9gration sociale\u00a0; 11\u00a0h\u00a040-13\u00a0h\u00a010, immigration et ins\u00e9curit\u00e9, mythes et r\u00e9alit\u00e9s\u00a0; 14\u00a0h\u00a030-15\u00a0h\u00a045, politiques restrictives contre politiques d\u2019hospitalit\u00e9, un paradoxe europ\u00e9en\u00a0; 15\u00a0h\u00a055-17\u00a0h\u00a025, l\u2019int\u00e9gration au d\u00e9fi des r\u00e9alit\u00e9s).<\/p>\n<p>Plusieurs personnalit\u00e9s seront pr\u00e9sentes\u00a0: Fran\u00e7ois H\u00e9ran, professeur au Coll\u00e8ge de France, Yvan Gastaut, historien, Grigorios Tsioukas, officier aupr\u00e8s de Frontex, Andr\u00e9a Raspanti, ville de Livourne, L\u00e9a Enon-Banon, directrice de l\u2019Association nationale des villes et territoires accueillants\u00a0; Nicolas Samsoen, maire de Massy, Tiago Da Cruz, du programme \u00ab\u00a0From the sea to city\u00a0\u00bb, Didier Leschi, directeur g\u00e9n\u00e9ral de l\u2019OFII, Sylvestre Wozniak, directeur g\u00e9n\u00e9ral de Forum R\u00e9fugi\u00e9s\u2026<\/p>\n","protected":false},"excerpt":{"rendered":"La Ligue internationale contre le racisme et l\u2019antis\u00e9mitisme (Licra) du Bas-Rhin organise la 4e \u00e9dition de ses journ\u00e9es&hellip;\n","protected":false},"author":2,"featured_media":691050,"comment_status":"","ping_status":"","sticky":false,"template":"","format":"standard","meta":{"footnotes":""},"categories":[2820],"tags":[1111,11,2880,1777,674,1011,27,775,937,1061,12,25,104,640,2879,1631],"class_list":{"0":"post-691049","1":"post","2":"type-post","3":"status-publish","4":"format-standard","5":"has-post-thumbnail","7":"category-strasbourg","8":"tag-actu","9":"tag-actualites","10":"tag-edition-strasbourg","11":"tag-eu","12":"tag-europe","13":"tag-fr","14":"tag-france","15":"tag-grand-est","16":"tag-histoire","17":"tag-immigration","18":"tag-news","19":"tag-republique-francaise","20":"tag-societe","21":"tag-strasbourg","22":"tag-strasbourg-ville","23":"tag-vie-associative"},"share_on_mastodon":{"url":"https:\/\/pubeurope.com\/@fr\/115963067372175578","error":""},"_links":{"self":[{"href":"https:\/\/www.europesays.com\/fr\/wp-json\/wp\/v2\/posts\/691049","targetHints":{"allow":["GET"]}}],"collection":[{"href":"https:\/\/www.europesays.com\/fr\/wp-json\/wp\/v2\/posts"}],"about":[{"href":"https:\/\/www.europesays.com\/fr\/wp-json\/wp\/v2\/types\/post"}],"author":[{"embeddable":true,"href":"https:\/\/www.europesays.com\/fr\/wp-json\/wp\/v2\/users\/2"}],"replies":[{"embeddable":true,"href":"https:\/\/www.europesays.com\/fr\/wp-json\/wp\/v2\/comments?post=691049"}],"version-history":[{"count":0,"href":"https:\/\/www.europesays.com\/fr\/wp-json\/wp\/v2\/posts\/691049\/revisions"}],"wp:featuredmedia":[{"embeddable":true,"href":"https:\/\/www.europesays.com\/fr\/wp-json\/wp\/v2\/media\/691050"}],"wp:attachment":[{"href":"https:\/\/www.europesays.com\/fr\/wp-json\/wp\/v2\/media?parent=691049"}],"wp:term":[{"taxonomy":"category","embeddable":true,"href":"https:\/\/www.europesays.com\/fr\/wp-json\/wp\/v2\/categories?post=691049"},{"taxonomy":"post_tag","embeddable":true,"href":"https:\/\/www.europesays.com\/fr\/wp-json\/wp\/v2\/tags?post=691049"}],"curies":[{"name":"wp","href":"https:\/\/api.w.org\/{rel}","templated":true}]}}