{"id":691080,"date":"2026-01-26T19:48:09","date_gmt":"2026-01-26T19:48:09","guid":{"rendered":"https:\/\/www.europesays.com\/fr\/691080\/"},"modified":"2026-01-26T19:48:09","modified_gmt":"2026-01-26T19:48:09","slug":"son-pere-meurt-dans-le-transilien-il-lance-un-appel-a-temoins-pour-connaitre-ses-derniers-mots","status":"publish","type":"post","link":"https:\/\/www.europesays.com\/fr\/691080\/","title":{"rendered":"Son p\u00e8re meurt dans le Transilien, il lance un appel \u00e0 t\u00e9moins pour conna\u00eetre ses derniers mots"},"content":{"rendered":"<p>                    Par<br \/>\n        <strong><br \/>\n            <a href=\"https:\/\/actu.fr\/auteur\/julie-bossart-actu-fr\" title=\"Consulter tous les articles de Julie Bossart\" target=\"_blank\" rel=\"noopener\">Julie Bossart<\/a><br \/>\n                    <\/strong><\/p>\n<p>        Publi\u00e9 le<\/p>\n<p>            26 janv. 2026 \u00e0 20h22        <\/p>\n<p>Les transports en commun charrient chaque jour leur lot de contrari\u00e9t\u00e9s, de d\u00e9couvertes, de drames. Vendredi 23 janvier 2026, peu apr\u00e8s 18 heures, un incident a \u00e9t\u00e9 signal\u00e9 sur la ligne L du <a href=\"https:\/\/actu.fr\/tag\/transilien\" target=\"_blank\" rel=\"noopener\">Transilien<\/a>, dans les Hauts-de-Seine. Un <a href=\"https:\/\/x.com\/lignesNetU_SNCF\/status\/2014751214622126231\">voyageur a fait un malaise<\/a> dans un train stationn\u00e9 en gare de <a href=\"https:\/\/actu.fr\/ile-de-france\/sevres_92072\" target=\"_blank\" rel=\"noopener\">S\u00e8vres<\/a>-Ville-d\u2019Avray, rendait compte le compte X de la <a href=\"https:\/\/actu.fr\/tag\/sncf\" target=\"_blank\" rel=\"noopener\">SNCF<\/a>, ce qui fortement perturb\u00e9 la circulation dans les deux sens. Pendant que les usagers cherchaient \u00e0 savoir quand le trafic reprendrait ou quel itin\u00e9raire bis emprunter, un drame se jouait\u2009: le malaise emportait le voyageur.<\/p>\n<p>\u00ab\u2009Il y a du bon dans ce monde. Encore merci \u00bb<\/p>\n<p class=\" wall-content\">L\u2019information de son d\u00e9c\u00e8s a \u00e9t\u00e9 communiqu\u00e9e le lendemain par son fils. En d\u00e9but d\u2019apr\u00e8s-midi samedi, cet homme a post\u00e9 sur X un appel \u00e0 t\u00e9moins. Il recherchait qui les personnes qui \u00ab\u2009\u00e9taient dans la ligne U \u00e0 S\u00e8vres hier lors du malaise voyageur\u2009\u00bb et demandait ceci\u2009: \u00ab\u2009Si vous avez \u00e9t\u00e9 aux c\u00f4t\u00e9s de mon p\u00e8re avant son d\u00e9c\u00e8s, s\u2019il a prononc\u00e9 des mots avant sa mort, si vous pouviez m\u2019apporter un peu de r\u00e9confort, je vous en serais tr\u00e8s reconnaissant.\u2009\u00bb<\/p>\n<p class=\" wall-content\">Vue plus de 500\u2009000 fois, sa publication a donn\u00e9 lieu \u00e0 de nombreux messages de soutien et de sympathie. Elle lui aurait aussi permis d\u2019obtenir les r\u00e9ponses qu\u2019il cherchait \u2013 contact\u00e9, il n\u2019\u00e9tait pas revenu vers nous \u00e0 l\u2019heure o\u00f9 nous \u00e9crivions ces liens\u2009; dans une de ses r\u00e9ponses, cet homme en deuil a indiqu\u00e9 qu\u2019une des \u00ab\u2009personnes ayant port\u00e9 secours \u00e0 s[o]n p\u00e8re \u00e9tait venue lui apporter le t\u00e9moignage de ce qu\u2019il s\u2019\u00e9tait pass\u00e9, ce qui a att\u00e9nu\u00e9 un peu la douleur de le perdre sans avoir pu lui dire au revoir\u2009\u00bb. Il aurait aussi compris que \u00ab\u2009tout a[vait] \u00e9t\u00e9 fait pour le sauver.\u2009\u00bb<\/p>\n<p class=\" wall-content\">Dans un tweet ce lundi soir, cet homme a ferm\u00e9 son appel \u00e0 t\u00e9moins en \u00ab\u2009remerciant toutes les personnes qui se sont mobilis\u00e9es pour partager et chercher une ou des personnes ayant \u00e9t\u00e9 t\u00e9moins de la sc\u00e8ne\u2009\u00bb. Il se dit aussi \u00ab\u2009touch\u00e9 par la solidarit\u00e9 et l\u2019empathie dont vous avez tous et toutes fait preuve\u2009\u00bb et conclut\u2009: \u00ab\u2009Il y a du bon dans ce monde. Encore merci.\u2009\u00bb<\/p>\n<p class=\" wall-content\">Personnalisez votre actualit\u00e9 en ajoutant vos villes et m\u00e9dias en favori avec <a href=\"https:\/\/moncompte.actu.fr\" title=\"D\u00e9couvez Mon Actu\" rel=\"nofollow noopener\" data-trk=\"{&quot;cta&quot;:{&quot;action&quot;:&quot;https:\\\/\\\/moncompte.actu.fr&quot;,&quot;category&quot;:&quot;mon compte&quot;,&quot;from&quot;:&quot;article footer&quot;,&quot;name&quot;:&quot;Mon actu&quot;,&quot;type&quot;:&quot;cta&quot;}}\" target=\"_blank\">Mon Actu<\/a>.<\/p>\n","protected":false},"excerpt":{"rendered":"Par Julie Bossart Publi\u00e9 le 26 janv. 2026 \u00e0 20h22 Les transports en commun charrient chaque jour leur&hellip;\n","protected":false},"author":2,"featured_media":691081,"comment_status":"","ping_status":"","sticky":false,"template":"","format":"standard","meta":{"footnotes":""},"categories":[1592],"tags":[1111,11,1777,674,118,1011,27,662,803,12,626,25,2215,12443],"class_list":{"0":"post-691080","1":"post","2":"type-post","3":"status-publish","4":"format-standard","5":"has-post-thumbnail","7":"category-ile-de-france","8":"tag-actu","9":"tag-actualites","10":"tag-eu","11":"tag-europe","12":"tag-faits-divers","13":"tag-fr","14":"tag-france","15":"tag-ile-de-france","16":"tag-info-trafic","17":"tag-news","18":"tag-paris","19":"tag-republique-francaise","20":"tag-sncf","21":"tag-transilien"},"share_on_mastodon":{"url":"https:\/\/pubeurope.com\/@fr\/115963134211136337","error":""},"_links":{"self":[{"href":"https:\/\/www.europesays.com\/fr\/wp-json\/wp\/v2\/posts\/691080","targetHints":{"allow":["GET"]}}],"collection":[{"href":"https:\/\/www.europesays.com\/fr\/wp-json\/wp\/v2\/posts"}],"about":[{"href":"https:\/\/www.europesays.com\/fr\/wp-json\/wp\/v2\/types\/post"}],"author":[{"embeddable":true,"href":"https:\/\/www.europesays.com\/fr\/wp-json\/wp\/v2\/users\/2"}],"replies":[{"embeddable":true,"href":"https:\/\/www.europesays.com\/fr\/wp-json\/wp\/v2\/comments?post=691080"}],"version-history":[{"count":0,"href":"https:\/\/www.europesays.com\/fr\/wp-json\/wp\/v2\/posts\/691080\/revisions"}],"wp:featuredmedia":[{"embeddable":true,"href":"https:\/\/www.europesays.com\/fr\/wp-json\/wp\/v2\/media\/691081"}],"wp:attachment":[{"href":"https:\/\/www.europesays.com\/fr\/wp-json\/wp\/v2\/media?parent=691080"}],"wp:term":[{"taxonomy":"category","embeddable":true,"href":"https:\/\/www.europesays.com\/fr\/wp-json\/wp\/v2\/categories?post=691080"},{"taxonomy":"post_tag","embeddable":true,"href":"https:\/\/www.europesays.com\/fr\/wp-json\/wp\/v2\/tags?post=691080"}],"curies":[{"name":"wp","href":"https:\/\/api.w.org\/{rel}","templated":true}]}}