{"id":691089,"date":"2026-01-26T19:53:11","date_gmt":"2026-01-26T19:53:11","guid":{"rendered":"https:\/\/www.europesays.com\/fr\/691089\/"},"modified":"2026-01-26T19:53:11","modified_gmt":"2026-01-26T19:53:11","slug":"guerre-en-ukraine-le-kremlin-temporise-kiev-croise-les-doigts-et-leurope-met-un-vent-a-la-russie","status":"publish","type":"post","link":"https:\/\/www.europesays.com\/fr\/691089\/","title":{"rendered":"Guerre en Ukraine : Le Kremlin temporise, Kiev croise les doigts et l\u2019Europe met un vent \u00e0 la Russie"},"content":{"rendered":"<p class=\"mb-4 text-lg md:leading-8 break-words\"><strong>r\u00e9cap &#8211; \u00ab\u00a020 Minutes\u00a0\u00bb fait le point pour vous tous les soirs sur le conflit en Ukraine. Ce lundi, une nouvelle r\u00e9union de n\u00e9gociations r\u00e9unissant l\u2019Ukraine, la Russie et les Etats-Unis a \u00e9t\u00e9 annonc\u00e9e pour dimanche<\/strong><\/p>\n<p class=\"mb-4 text-lg md:leading-8 break-words\">Vous avez rat\u00e9 les derniers \u00e9v\u00e9nements sur la <a href=\"https:\/\/www.20minutes.fr\/monde\/ukraine\/?at_medium=RSS%20feed&amp;at_campaign=ynews&amp;utm_source=yahoo&amp;utm_medium=rss&amp;utm_campaign=news_feed&amp;utm_content=in_article_link\" rel=\"nofollow noopener\" target=\"_blank\" data-ylk=\"slk:guerre en Ukraine;elm:context_link;itc:0;sec:content-canvas\" class=\"link \">guerre en Ukraine<\/a>\u00a0? 20 Minutes fait le point pour vous tous les soirs. Voici l\u2019essentiel de ce lundi 26\u00a0janvier, au 1.432e jour du conflit.<\/p>\n<p>Le fait du jour<\/p>\n<p class=\"mb-4 text-lg md:leading-8 break-words\">Le Kremlin de <a href=\"https:\/\/www.20minutes.fr\/monde\/vladimir_poutine\/?at_medium=RSS%20feed&amp;at_campaign=ynews&amp;utm_source=yahoo&amp;utm_medium=rss&amp;utm_campaign=news_feed&amp;utm_content=in_article_link\" rel=\"nofollow noopener\" target=\"_blank\" data-ylk=\"slk:Vladimir Poutine;elm:context_link;itc:0;sec:content-canvas\" class=\"link \">Vladimir Poutine<\/a> a trouv\u00e9 que n\u00e9gociations du week-end \u00e0 Abou Dhabi, les premi\u00e8res directes avec une d\u00e9l\u00e9gation ukrainienne depuis\u00a02022 se sont tenues \u00ab\u00a0dans un esprit constructif\u00a0\u00bb. Mais, Dmitri Peskov, le porte-parole de la pr\u00e9sidence russe a imm\u00e9diatement ajout\u00e9, qu&rsquo; \u00ab\u00a0il serait erron\u00e9 de compter sur des r\u00e9sultats significatifs \u00e0 la suite de ces premiers contacts\u00a0\u00bb en soulignant qu\u2019un \u00ab\u00a0travail tr\u00e8s s\u00e9rieux reste encore \u00e0 faire\u00a0\u00bb pour parvenir \u00e0 un r\u00e8glement du conflit en Ukraine.<\/p>\n<p class=\"mb-4 text-lg md:leading-8 break-words\">Un travail qui devrait se poursuivre le dimanche 1er\u00a0f\u00e9vrier avec une nouvelle r\u00e9union de n\u00e9gociations trilat\u00e9rale sous l\u2019\u00e9gide des Am\u00e9ricains, selon <a href=\"https:\/\/www.20minutes.fr\/monde\/volodymyr-zelensky\/?at_medium=RSS%20feed&amp;at_campaign=ynews&amp;utm_source=yahoo&amp;utm_medium=rss&amp;utm_campaign=news_feed&amp;utm_content=in_article_link\" rel=\"nofollow noopener\" target=\"_blank\" data-ylk=\"slk:Volodymyr Zelensky;elm:context_link;itc:0;sec:content-canvas\" class=\"link \">Volodymyr Zelensky<\/a>. Le pr\u00e9sident ukrainien assure que sa d\u00e9l\u00e9gation sera pr\u00eate \u00e0 discuter de \u00ab\u00a0tous les points qui doivent \u00eatre discut\u00e9s et faire l\u2019objet d\u2019un accord\u00a0\u00bb. Il dit \u00e9galement esp\u00e9rer que ce nouveau cycle de pourparlers ne serait pas utilis\u00e9 de \u00ab\u00a0fa\u00e7on cynique\u00a0\u00bb par Moscou \u00ab\u00a0pour retarder de nouvelles mesures de pression sur la Russie qui pourraient \u00eatre efficaces\u00a0\u00bb.<\/p>\n<p>La d\u00e9claration du jour<\/p>\n<blockquote class=\"mb-4 border-l-2 pl-5 italic text-tertiary\">\n<p class=\"mb-4 text-lg md:leading-8 break-words\">Si quelqu\u2019un pense encore ici que l\u2019Union europ\u00e9enne, ou l\u2019Europe dans son ensemble, peut se d\u00e9fendre sans les \u00c9tats-Unis, continuez de r\u00eaver. Vous ne le pouvez pas.<\/p>\n<\/blockquote>\n<p class=\"mb-4 text-lg md:leading-8 break-words\">Devant les eurod\u00e9put\u00e9s \u00e0 Bruxelles, Mark Rutte, le secr\u00e9taire g\u00e9n\u00e9ral de l(&#8230;)<\/p>\n<p class=\"mb-4 text-lg md:leading-8 break-words\"><a href=\"https:\/\/www.20minutes.fr\/monde\/ukraine\/4198089-20260126-guerre-ukraine-kremlin-temporise-kiev-croise-doigts-europe-met-vent-russie?at_medium=RSS%20feed&amp;at_campaign=ynews&amp;utm_source=yahoo&amp;utm_medium=rss&amp;utm_campaign=news_feed&amp;utm_content=read_more_link&quot;\" rel=\"nofollow noopener\" target=\"_blank\" data-ylk=\"slk:Lire la suite sur 20minutes;elm:context_link;itc:0;sec:content-canvas\" class=\"link \">Lire la suite sur 20minutes<\/a><\/p>\n<p>\u00c0 lire aussi :<br \/><a href=\"https:\/\/www.20minutes.fr\/monde\/ukraine\/4197883-20260125-guerre-ukraine-chasse-petroliers-fantomes-russes-zelensky-veut-mieux-proteger-ciel-ukrainien?at_medium=RSS%20feed&amp;at_campaign=ynews&amp;utm_source=yahoo&amp;utm_medium=rss&amp;utm_campaign=news_feed&amp;utm_content=related_content_link\" rel=\"nofollow noopener\" target=\"_blank\" data-ylk=\"slk:Guerre en Ukraine\u00a0: Chasse aux p\u00e9troliers fant\u00f4mes russes, Zelensky veut mieux prot\u00e9ger le ciel ukrainien;elm:context_link;itc:0;sec:content-canvas\" class=\"link \">Guerre en Ukraine\u00a0: Chasse aux p\u00e9troliers fant\u00f4mes russes, Zelensky veut mieux prot\u00e9ger le ciel ukrainien<\/a><br \/><a href=\"https:\/\/www.20minutes.fr\/monde\/ukraine\/4197818-20260124-guerre-ukraine-kiev-moscou-vont-continuer-parler-otan-veut-zone-defense-automatisee?at_medium=RSS%20feed&amp;at_campaign=ynews&amp;utm_source=yahoo&amp;utm_medium=rss&amp;utm_campaign=news_feed&amp;utm_content=related_content_link\" rel=\"nofollow noopener\" target=\"_blank\" data-ylk=\"slk:Guerre en Ukraine\u00a0: Kiev et Moscou vont continuer \u00e0 parler et l\u2019Otan veut une zone de d\u00e9fense \u00ab\u00a0automatis\u00e9e\u00a0\u00bb;elm:context_link;itc:0;sec:content-canvas\" class=\"link \">Guerre en Ukraine\u00a0: Kiev et Moscou vont continuer \u00e0 parler et l\u2019Otan veut une zone de d\u00e9fense \u00ab\u00a0automatis\u00e9e\u00a0\u00bb<\/a><\/p>\n","protected":false},"excerpt":{"rendered":"r\u00e9cap &#8211; \u00ab\u00a020 Minutes\u00a0\u00bb fait le point pour vous tous les soirs sur le conflit en Ukraine. Ce&hellip;\n","protected":false},"author":2,"featured_media":691090,"comment_status":"","ping_status":"","sticky":false,"template":"","format":"standard","meta":{"footnotes":""},"categories":[1591],"tags":[642,11,5438,1887,12,1885,1886,132,220,135,134],"class_list":{"0":"post-691089","1":"post","2":"type-post","3":"status-publish","4":"format-standard","5":"has-post-thumbnail","7":"category-russie","8":"tag-20-minutes","9":"tag-actualites","10":"tag-dmitri-peskov","11":"tag-federation-de-russie","12":"tag-news","13":"tag-russia","14":"tag-russian-federation","15":"tag-russie","16":"tag-ukraine","17":"tag-vladimir-poutine","18":"tag-volodymyr-zelensky"},"share_on_mastodon":{"url":"https:\/\/pubeurope.com\/@fr\/115963153910295276","error":""},"_links":{"self":[{"href":"https:\/\/www.europesays.com\/fr\/wp-json\/wp\/v2\/posts\/691089","targetHints":{"allow":["GET"]}}],"collection":[{"href":"https:\/\/www.europesays.com\/fr\/wp-json\/wp\/v2\/posts"}],"about":[{"href":"https:\/\/www.europesays.com\/fr\/wp-json\/wp\/v2\/types\/post"}],"author":[{"embeddable":true,"href":"https:\/\/www.europesays.com\/fr\/wp-json\/wp\/v2\/users\/2"}],"replies":[{"embeddable":true,"href":"https:\/\/www.europesays.com\/fr\/wp-json\/wp\/v2\/comments?post=691089"}],"version-history":[{"count":0,"href":"https:\/\/www.europesays.com\/fr\/wp-json\/wp\/v2\/posts\/691089\/revisions"}],"wp:featuredmedia":[{"embeddable":true,"href":"https:\/\/www.europesays.com\/fr\/wp-json\/wp\/v2\/media\/691090"}],"wp:attachment":[{"href":"https:\/\/www.europesays.com\/fr\/wp-json\/wp\/v2\/media?parent=691089"}],"wp:term":[{"taxonomy":"category","embeddable":true,"href":"https:\/\/www.europesays.com\/fr\/wp-json\/wp\/v2\/categories?post=691089"},{"taxonomy":"post_tag","embeddable":true,"href":"https:\/\/www.europesays.com\/fr\/wp-json\/wp\/v2\/tags?post=691089"}],"curies":[{"name":"wp","href":"https:\/\/api.w.org\/{rel}","templated":true}]}}