{"id":691101,"date":"2026-01-26T19:59:12","date_gmt":"2026-01-26T19:59:12","guid":{"rendered":"https:\/\/www.europesays.com\/fr\/691101\/"},"modified":"2026-01-26T19:59:12","modified_gmt":"2026-01-26T19:59:12","slug":"a-poitiers-comment-linsertion-professionnelle-a-change-leur-vie","status":"publish","type":"post","link":"https:\/\/www.europesays.com\/fr\/691101\/","title":{"rendered":"\u00e0 Poitiers, comment l\u2019insertion professionnelle a chang\u00e9 leur vie ?"},"content":{"rendered":"<p>Vingt-deux ans et plusieurs missions d\u2019int\u00e9rim au compteur, Bastien Ritzler touche enfin du doigt son r\u00eave de devenir m\u00e9canicien moto. Zabihullah Yaqobi, 38\u00a0ans, a quitt\u00e9 son Afghanistan natal en 2008 pour \u00ab\u00a0mettre sa famille \u00e0 l\u2019abri\u00a0\u00bb en Europe et se former comme peintre en b\u00e2timent. \u00c0 premi\u00e8re vue, leurs parcours n\u2019ont rien de commun.<\/p>\n<p>\u00ab\u00a0\u00c7a m\u2019a permis de remettre un pied dans le travail\u00a0\u00bb<\/p>\n<p>Habitant Poitiers, tous deux ont pourtant b\u00e9n\u00e9fici\u00e9 de l\u2019insertion par l\u2019activit\u00e9 \u00e9conomique (IAE), qui permet chaque ann\u00e9e d\u2019accompagner 13.000 personnes \u00e9loign\u00e9es de l\u2019emploi. En novembre, le secteur a tir\u00e9 la sonnette d\u2019alarme dans la Vienne, o\u00f9 la baisse des subventions de l\u2019\u00c9tat s\u2019est traduite par <a title=\"Lien vers la NR\" target=\"_blank\" href=\"https:\/\/www.lanouvellerepublique.fr\/vienne\/vienne-les-entreprises-de-reinsertion-durement-touchees-1764009210\" rel=\"noopener\">une perte d\u2019environ 200 b\u00e9n\u00e9ficiaires en 2025<\/a>, sur 3.000 par an en moyenne.<\/p>\n<p>L\u2019occasion de rappeler que dans l\u2019ombre, l\u2019IAE change parfois des vies. Le jour de notre rencontre dans les locaux de la r\u00e9gie de quartiers Insersud, le 23\u00a0janvier 2026, Zabihullah Yaqobi f\u00eate l\u2019obtention de son CAP peintre. Il s\u2019offre en prime le choix du roi, les deux entreprises l\u2019ayant re\u00e7u en tant que stagiaire souhaitant le recruter&#8230;. <\/p>\n<p>    Cet article a \u00e9t\u00e9 tronqu\u00e9. Abonnez-vous pour lire l&rsquo;article complet sur notre site.<\/p>\n<p style=\"margin: 0 !important; padding: 0 !important; font-size: 12px !important;\">Cet article a \u00e9t\u00e9 tronqu\u00e9. Abonnez-vous pour lire l&rsquo;article complet.<\/p>\n<p>    <a href=\"https:\/\/www.lanouvellerepublique.fr\/abonnements\" style=\"display: inline-block; margin-top: 5px !important; padding: 6px 12px !important; background: #cb1c27; color: white; text-decoration: none; border-radius: 4px; font-size: 12px !important;\" target=\"_blank\" rel=\"noopener\"><br \/>\n      S&rsquo;abonner<br \/>\n    <\/a><\/p>\n","protected":false},"excerpt":{"rendered":"Vingt-deux ans et plusieurs missions d\u2019int\u00e9rim au compteur, Bastien Ritzler touche enfin du doigt son r\u00eave de devenir&hellip;\n","protected":false},"author":2,"featured_media":691102,"comment_status":"","ping_status":"","sticky":false,"template":"","format":"standard","meta":{"footnotes":""},"categories":[1586],"tags":[1392,11,33,341,1777,674,1779,1119,1011,27,42182,12,1653,25,801,1778,364,1584],"class_list":{"0":"post-691101","1":"post","2":"type-post","3":"status-publish","4":"format-standard","5":"has-post-thumbnail","7":"category-europe","8":"tag-a-la-une-local","9":"tag-actualites","10":"tag-economie","11":"tag-emploi","12":"tag-eu","13":"tag-europe","14":"tag-european-union","15":"tag-formation","16":"tag-fr","17":"tag-france","18":"tag-grand-poitiers","19":"tag-news","20":"tag-poitiers","21":"tag-republique-francaise","22":"tag-social","23":"tag-ue","24":"tag-union-europeenne","25":"tag-vienne"},"share_on_mastodon":{"url":"https:\/\/pubeurope.com\/@fr\/115963177490303496","error":""},"_links":{"self":[{"href":"https:\/\/www.europesays.com\/fr\/wp-json\/wp\/v2\/posts\/691101","targetHints":{"allow":["GET"]}}],"collection":[{"href":"https:\/\/www.europesays.com\/fr\/wp-json\/wp\/v2\/posts"}],"about":[{"href":"https:\/\/www.europesays.com\/fr\/wp-json\/wp\/v2\/types\/post"}],"author":[{"embeddable":true,"href":"https:\/\/www.europesays.com\/fr\/wp-json\/wp\/v2\/users\/2"}],"replies":[{"embeddable":true,"href":"https:\/\/www.europesays.com\/fr\/wp-json\/wp\/v2\/comments?post=691101"}],"version-history":[{"count":0,"href":"https:\/\/www.europesays.com\/fr\/wp-json\/wp\/v2\/posts\/691101\/revisions"}],"wp:featuredmedia":[{"embeddable":true,"href":"https:\/\/www.europesays.com\/fr\/wp-json\/wp\/v2\/media\/691102"}],"wp:attachment":[{"href":"https:\/\/www.europesays.com\/fr\/wp-json\/wp\/v2\/media?parent=691101"}],"wp:term":[{"taxonomy":"category","embeddable":true,"href":"https:\/\/www.europesays.com\/fr\/wp-json\/wp\/v2\/categories?post=691101"},{"taxonomy":"post_tag","embeddable":true,"href":"https:\/\/www.europesays.com\/fr\/wp-json\/wp\/v2\/tags?post=691101"}],"curies":[{"name":"wp","href":"https:\/\/api.w.org\/{rel}","templated":true}]}}