{"id":691147,"date":"2026-01-26T20:28:19","date_gmt":"2026-01-26T20:28:19","guid":{"rendered":"https:\/\/www.europesays.com\/fr\/691147\/"},"modified":"2026-01-26T20:28:19","modified_gmt":"2026-01-26T20:28:19","slug":"lorraine-vivant-dans-un-logement-insalubre-ces-huit-chats-ont-ete-sauves-et-cherchent-une-nouvelle-famille","status":"publish","type":"post","link":"https:\/\/www.europesays.com\/fr\/691147\/","title":{"rendered":"Lorraine. Vivant dans un logement insalubre, ces huit chats ont \u00e9t\u00e9 sauv\u00e9s et cherchent une nouvelle famille"},"content":{"rendered":"<p>                    Par<br \/>\n        <strong><br \/>\n            <a href=\"https:\/\/actu.fr\/auteur\/pierre-emile-bouchy-actu-fr\" title=\"Consulter tous les articles de Paul-Emile Bouchy\" target=\"_blank\" rel=\"noopener\">Paul-Emile Bouchy<\/a><br \/>\n                    <\/strong><\/p>\n<p>        Publi\u00e9 le<\/p>\n<p>            26 janv. 2026 \u00e0 16h37        <\/p>\n<p>Mi-janvier, les \u00e9quipes de la SLPA (Soci\u00e9t\u00e9 lorraine de protection animale) de Velaine-en-Haye sont intervenues dans une commune pr\u00e8s de Toul (<a href=\"https:\/\/actu.fr\/grand-est\/meurthe-et-moselle_54\" target=\"_blank\" rel=\"noopener\">Meurthe-et-Moselle<\/a>).<\/p>\n<p class=\" wall-content\">Elles ont secouru<strong> huit chats affaiblis qui vivaient dans un logement insalubre<\/strong>.<\/p>\n<p>Les chats n\u2019avaient pas \u00e9t\u00e9 nourris pendant dix jours<\/p>\n<p class=\" wall-content\">Sur les r\u00e9seaux sociaux, l\u2019association explique avoir \u00e9t\u00e9 alert\u00e9e par les <a href=\"https:\/\/actu.fr\/tag\/pompiers\" target=\"_blank\" rel=\"noopener\">pompiers<\/a> qui \u00e9taient intervenus chez une dame victime d\u2019une chute et ont d\u00e9couvert un logement insalubre o\u00f9 vivaient huit chats\u2009: \u00ab\u2009Avec l\u2019accord de la propri\u00e9taire, hospitalis\u00e9e et fragilis\u00e9e par des difficult\u00e9s personnelles, <strong>nous avons pris en charge les animaux qui n\u2019avaient pas \u00e9t\u00e9 nourris pendant environ dix jours.<\/strong>\u2009\u00bb<\/p>\n<p class=\" wall-content\">\u00ab\u2009Le logement \u00e9tait dans un \u00e9tat d\u00e9plorable, encombr\u00e9 au point de rendre la recherche des animaux extr\u00eamement difficile. <strong>La propri\u00e9taire pr\u00e9sentait des signes d\u2019un syndrome de Diog\u00e8ne<\/strong>, ayant accumul\u00e9 de nombreux objets qui remplissaient chaque espace, compliquant fortement l\u2019intervention\u2009\u00bb, explique la SLPA.<\/p>\n<p>    <a href=\"https:\/\/www.facebook.com\/plugins\/post.php?href=https%3A%2F%2Fwww.facebook.com%2FSPA.Lorraine.Velaine%2Fposts%2Fpfbid026mLqfGdGSQaz7fxCegpJE9d4aarVh7Buks6pevH5joYfBgnQYmp9utoas9VqxGx4l&amp;show_text=true&amp;width=350\" title=\"Ouvrie le lien\" target=\"_blank\" rel=\"noopener\">Cliquez ici pour visualiser le contenu<\/a><\/p>\n<p>Des chats qui recherchent une nouvelle famille<\/p>\n<p class=\" wall-content\">En raison des conditions du logement, plusieurs heures ont \u00e9t\u00e9 n\u00e9cessaires pour attraper la totalit\u00e9<strong> des chats qui \u00e9taient stress\u00e9s et parfois m\u00e9fiants<\/strong>.<\/p>\n<p class=\" wall-content\">Pris en charge rapidement par un v\u00e9t\u00e9rinaire, <strong>les animaux pr\u00e9sentaient tous une an\u00e9mie li\u00e9e au manque de nourriture et une infestation massive de puces<\/strong>\u2009: \u00ab\u2009Un seul a n\u00e9cessit\u00e9 une hospitalisation de quelques jours pour reprendre des forces\u2009; les autres ont \u00e9t\u00e9 soign\u00e9s et stabilis\u00e9s.\u2009\u00bb<\/p>\n<p>Votre r\u00e9gion, votre actu !<\/p>\n<p>Recevez chaque jour les infos qui comptent pour vous.<\/p>\n<p>\t<a href=\"https:\/\/actu.fr\/newsletter\" class=\"ac-btn ac-btn--corner ac-btn--medium ac-btn--blue800\" target=\"_blank\" rel=\"noopener\">S&rsquo;incrire<\/a><\/p>\n<p class=\" wall-content\"><strong>Ces chats \u00ab\u2009d\u2019une douceur bouleversante, sociables et confiants\u2009\u00bb<\/strong> sont d\u00e9sormais hors de danger et attendent de rejoindre une nouvelle famille.<\/p>\n<p>Pour aider l\u2019association \u00e0 payer les soins v\u00e9t\u00e9rinaires, une cagnotte a \u00e9t\u00e9 ouverte et est disponible\u00a0via\u00a0<a href=\"https:\/\/www.helloasso.com\/associations\/slpa-societe-lorraine-protectrice-des-animaux\/formulaires\/1?fbclid=IwY2xjawPkZL9leHRuA2FlbQIxMABicmlkETFUMzBzRlBacDZWRFlCb1FUc3J0YwZhcHBfaWQQMjIyMDM5MTc4ODIwMDg5MgABHtL7xw-m_jMQRyfO6PVSU9KY0sYRLZ2OxsV07S6Cd9xx2JcbFmjI7qLVBmZq_aem_b5rfgO4hwDB5idTaeEUIeg\" target=\"_blank\" rel=\"noopener\">ce lien<\/a>.<\/p>\n<p class=\" wall-content\">Personnalisez votre actualit\u00e9 en ajoutant vos villes et m\u00e9dias en favori avec <a href=\"https:\/\/moncompte.actu.fr\" title=\"D\u00e9couvez Mon Actu\" rel=\"nofollow noopener\" data-trk=\"{&quot;cta&quot;:{&quot;action&quot;:&quot;https:\\\/\\\/moncompte.actu.fr&quot;,&quot;category&quot;:&quot;mon compte&quot;,&quot;from&quot;:&quot;article footer&quot;,&quot;name&quot;:&quot;Mon actu&quot;,&quot;type&quot;:&quot;cta&quot;}}\" target=\"_blank\">Mon Actu<\/a>.<\/p>\n","protected":false},"excerpt":{"rendered":"Par Paul-Emile Bouchy Publi\u00e9 le 26 janv. 2026 \u00e0 16h37 Mi-janvier, les \u00e9quipes de la SLPA (Soci\u00e9t\u00e9 lorraine&hellip;\n","protected":false},"author":2,"featured_media":691148,"comment_status":"","ping_status":"","sticky":false,"template":"","format":"standard","meta":{"footnotes":""},"categories":[9635],"tags":[1111,11,1867,7654,1777,674,1011,27,775,1702,12,25,104],"class_list":{"0":"post-691147","1":"post","2":"type-post","3":"status-publish","4":"format-standard","5":"has-post-thumbnail","7":"category-nancy","8":"tag-actu","9":"tag-actualites","10":"tag-animaux","11":"tag-chat","12":"tag-eu","13":"tag-europe","14":"tag-fr","15":"tag-france","16":"tag-grand-est","17":"tag-nancy","18":"tag-news","19":"tag-republique-francaise","20":"tag-societe"},"share_on_mastodon":{"url":"https:\/\/pubeurope.com\/@fr\/115963291752994225","error":""},"_links":{"self":[{"href":"https:\/\/www.europesays.com\/fr\/wp-json\/wp\/v2\/posts\/691147","targetHints":{"allow":["GET"]}}],"collection":[{"href":"https:\/\/www.europesays.com\/fr\/wp-json\/wp\/v2\/posts"}],"about":[{"href":"https:\/\/www.europesays.com\/fr\/wp-json\/wp\/v2\/types\/post"}],"author":[{"embeddable":true,"href":"https:\/\/www.europesays.com\/fr\/wp-json\/wp\/v2\/users\/2"}],"replies":[{"embeddable":true,"href":"https:\/\/www.europesays.com\/fr\/wp-json\/wp\/v2\/comments?post=691147"}],"version-history":[{"count":0,"href":"https:\/\/www.europesays.com\/fr\/wp-json\/wp\/v2\/posts\/691147\/revisions"}],"wp:featuredmedia":[{"embeddable":true,"href":"https:\/\/www.europesays.com\/fr\/wp-json\/wp\/v2\/media\/691148"}],"wp:attachment":[{"href":"https:\/\/www.europesays.com\/fr\/wp-json\/wp\/v2\/media?parent=691147"}],"wp:term":[{"taxonomy":"category","embeddable":true,"href":"https:\/\/www.europesays.com\/fr\/wp-json\/wp\/v2\/categories?post=691147"},{"taxonomy":"post_tag","embeddable":true,"href":"https:\/\/www.europesays.com\/fr\/wp-json\/wp\/v2\/tags?post=691147"}],"curies":[{"name":"wp","href":"https:\/\/api.w.org\/{rel}","templated":true}]}}