{"id":691191,"date":"2026-01-26T20:53:15","date_gmt":"2026-01-26T20:53:15","guid":{"rendered":"https:\/\/www.europesays.com\/fr\/691191\/"},"modified":"2026-01-26T20:53:15","modified_gmt":"2026-01-26T20:53:15","slug":"le-directeur-de-la-criee-robin-renucci-a-invite-quinze-lecteurs-de-la-provence-dans-les-entrailles-de-la-creation","status":"publish","type":"post","link":"https:\/\/www.europesays.com\/fr\/691191\/","title":{"rendered":"le directeur de La Cri\u00e9e, Robin Renucci, a invit\u00e9 quinze lecteurs de \u00ab\u00a0La Provence\u00a0\u00bb dans les entrailles de la cr\u00e9ation"},"content":{"rendered":"<p>Nous sommes \u00e0 une semaine de la cr\u00e9ation. Et quinze lecteurs de La Provence, s\u00e9lectionn\u00e9s par le journal \u00e0 la suite d\u2019un appel \u00e0 candidatures, ont eu la primeur de d\u00e9couvrir le d\u00e9cor et un extrait de <a href=\"https:\/\/www.laprovence.com\/article\/culture-loisirs\/354689134700214\/robin-renucci-directeur-du-theatre-national-de-marseille-ionesco-decrit-les-derives-de-l-autorite\" target=\"_blank\" rel=\"noopener\">la nouvelle cr\u00e9ation de Robin Renucci<\/a>. Le directeur de La Cri\u00e9e est, sur ce projet, \u00e0 la fois metteur en sc\u00e8ne et com\u00e9dien\u00a0: il a choisi La Le\u00e7on, de Ionesco, qui sera cr\u00e9\u00e9e du 29\u00a0janvier au 13\u00a0f\u00e9vrier.<\/p>\n<p><img alt=\"Quinze lecteurs de &quot;La Provence&quot; ont eu le plaisir d\u2019\u00e9changer avec Robin Renucci apr\u00e8s avoir assist\u00e9 \u00e0 une heure de r\u00e9p\u00e9tition.\" loading=\"lazy\" decoding=\"async\" data-nimg=\"fill\" class=\" TwicCore_img__i9TC1 undefined  undefined\" style=\"position:absolute;height:100%;width:100%;left:0;top:0;right:0;bottom:0;color:transparent;background-size:cover;background-position:50% 50%;background-repeat:no-repeat;background-image:url(&quot;data:image\/svg+xml;charset=utf-8,%3Csvg xmlns='http:\/\/www.w3.org\/2000\/svg' %3E%3Cfilter id='b' color-interpolation-filters='sRGB'%3E%3CfeGaussianBlur stdDeviation='20'\/%3E%3CfeColorMatrix values='1 0 0 0 0 0 1 0 0 0 0 0 1 0 0 0 0 0 100 -1' result='s'\/%3E%3CfeFlood x='0' y='0' width='100%25' height='100%25'\/%3E%3CfeComposite operator='out' in='s'\/%3E%3CfeComposite in2='SourceGraphic'\/%3E%3CfeGaussianBlur stdDeviation='20'\/%3E%3C\/filter%3E%3Cimage width='100%25' height='100%25' x='0' y='0' preserveAspectRatio='none' style='filter: url(%23b);' href='data:image\/webp;base64,UklGRjYDAABXRUJQVlA4ICoDAABwOwCdASpYAjMBPkkkkEYipC2hIHHIYbAJCWlu4XY+BNqD18Y8NfsAGklspy5cuXLly5cuXLly5cuXLly5cuXLly5cuXLly5cuXLly5cuXLly5cuXLly5cuXLly5cuXLly5cuXLly5cuXLly5cuXLly5cOmSMpCYAqxrZTly5cuXLlb+kGzWSu8K3E1y5cuXLly5cuXLly586rC9hJ59veBEwBVjWynLly5cuXLug2VFzeerXpFBoE1DzVqRnK9boVWdU5uGOkJgCrGtlOXLl3LvfxUZpxwRcmsj79wb4EbKlE\/r22O42hBnpQFwx0hMAVY1spy4YzRxqGxu6c2HW2qsf0YBKFRSEwBVjWynLly5cuaOzYEbNk92seqt0qoLUhMAVY1spy5crUBhXE756j\/F5H4PuLhYztBdg85f1XvYrGtlOXLly5cuXLly8BqjFLIyVJAdajjWODMD9LlVAXDHSEwBVjWynLly9tbE8pMCyjcR7xcMdITAFWNbKcuXLly+D+fa3VF4N6KxrZTly5cuXLly5cuXLly5cuXLly5cuXLly5cuXLly5cuXLly5cuXLly5cuXLly5cuXLly5cuXLly5cuXLly5cuXLly5cuXLly5cuXLly5cuXLly5cuXLhAAAP7\/oF7\/uk\/U\/0X960XRsIAEB2AAAAAAN70kr1HHyAOX3hkoohV27A67FGK7ZDJxBrJxh4Ojbr\/WDeEfz\/7o3pHj59TQ8XGsQUhr3sN7hFK2Jryx8ktgST6T5ReQQ3\/8iFy18d24oI\/ehYDZRlXUy0Kupe8Eo1oGLy7EtnzszCA7wOSYi2TuBOTEajrI03t4X5RtPEfwApDODep6IxUiWEqwc10ClsN9PiXJYP\/ftxQ4kB\/fvVojv0hPD+UslrCvnBMHKjiIKuNWc2UVssi9Sc7OFkej4bXkVzuyn3wK6aai9cjlMoDj0aFvX1cABgc2Kb52QF9UStQKG7NBnYzqQyNQam2c8hYLfhjPkZw8Wtbagqpsowi5hfki1bc1bmdFsUiBCz012jpiep8diCSRABf4vizRKv35xIIAoAAAAAAAAAAAAAA='\/%3E%3C\/svg%3E&quot;)\"   src=\"https:\/\/www.europesays.com\/fr\/wp-content\/uploads\/2026\/01\/face-aux-lecteurs-avec-robin-renucci-directeur-du-theatre-de-la-criee-autour-de-la-piece-la-lecon-de.jpeg\"\/>Quinze lecteurs de \u00ab\u00a0La Provence\u00a0\u00bb ont eu le plaisir d\u2019\u00e9changer avec Robin Renucci apr\u00e8s avoir assist\u00e9 \u00e0 une heure de r\u00e9p\u00e9tition. \/ Photo Fr\u00e9d\u00e9ric Speich<\/p>\n<p>Dans la grande salle, ces spectateurs privil\u00e9gi\u00e9s prennent place dans les fauteuils rouges. En ce vendredi soir, ils sont seuls. Sur le plateau, <a href=\"https:\/\/www.laprovence.com\/article\/papier\/5627366\/une-avignonnaise-dans-lombre-des-decors-des-plus-grandes-stars.html\" target=\"_blank\" rel=\"noopener\">un d\u00e9cor de formes g\u00e9om\u00e9triques<\/a> aux lignes tranchantes et un tableau de salle de classe dessin\u00e9 \u00e0 la craie en guise de sol. La com\u00e9dienne In\u00e8s Valarcher dans son pull rose prend un temps de pause. On le saura plus tard, mais l\u2019\u00e9quipe travaille depuis 13\u00a0h et jusqu\u2019\u00e0 20 h ce jour-l\u00e0. C\u2019est l\u2019acteur et assistant de Robin Renucci, Sven Narbonne, qui prend en premier la parole, pr\u00e9sentant tour \u00e0 tour les protagonistes de ce \u00ab\u00a0spectacle\u00a0\u00bb insolite, que l\u2019on ne voit jamais\u00a0: celui du temps de r\u00e9p\u00e9tition. Sarah Marcotte \u00e0 la lumi\u00e8re, Orane Duclos au son\u2026 Ils sont quinze personnes \u00e0 travailler sur ce spectacle.<\/p>\n<p><img alt=\"Robin Renucci, qui cr\u00e9e &quot;La le\u00e7on&quot; d\u2019Eug\u00e8ne Ionesco du 29 janvier au 13 f\u00e9vrier 2026, a particip\u00e9 \u00e0 un &quot;Face aux lecteurs&quot;.\" loading=\"lazy\" decoding=\"async\" data-nimg=\"fill\" class=\" TwicCore_img__i9TC1 undefined  undefined\" style=\"position:absolute;height:100%;width:100%;left:0;top:0;right:0;bottom:0;color:transparent;background-size:cover;background-position:50% 50%;background-repeat:no-repeat;background-image:url(&quot;data:image\/svg+xml;charset=utf-8,%3Csvg xmlns='http:\/\/www.w3.org\/2000\/svg' %3E%3Cfilter id='b' color-interpolation-filters='sRGB'%3E%3CfeGaussianBlur stdDeviation='20'\/%3E%3CfeColorMatrix values='1 0 0 0 0 0 1 0 0 0 0 0 1 0 0 0 0 0 100 -1' result='s'\/%3E%3CfeFlood x='0' y='0' width='100%25' height='100%25'\/%3E%3CfeComposite operator='out' in='s'\/%3E%3CfeComposite in2='SourceGraphic'\/%3E%3CfeGaussianBlur stdDeviation='20'\/%3E%3C\/filter%3E%3Cimage width='100%25' height='100%25' x='0' y='0' preserveAspectRatio='none' style='filter: url(%23b);' href='data:image\/webp;base64,UklGRjYDAABXRUJQVlA4ICoDAABwOwCdASpYAjMBPkkkkEYipC2hIHHIYbAJCWlu4XY+BNqD18Y8NfsAGklspy5cuXLly5cuXLly5cuXLly5cuXLly5cuXLly5cuXLly5cuXLly5cuXLly5cuXLly5cuXLly5cuXLly5cuXLly5cuXLly5cOmSMpCYAqxrZTly5cuXLlb+kGzWSu8K3E1y5cuXLly5cuXLly586rC9hJ59veBEwBVjWynLly5cuXLug2VFzeerXpFBoE1DzVqRnK9boVWdU5uGOkJgCrGtlOXLl3LvfxUZpxwRcmsj79wb4EbKlE\/r22O42hBnpQFwx0hMAVY1spy4YzRxqGxu6c2HW2qsf0YBKFRSEwBVjWynLly5cuaOzYEbNk92seqt0qoLUhMAVY1spy5crUBhXE756j\/F5H4PuLhYztBdg85f1XvYrGtlOXLly5cuXLly8BqjFLIyVJAdajjWODMD9LlVAXDHSEwBVjWynLly9tbE8pMCyjcR7xcMdITAFWNbKcuXLly+D+fa3VF4N6KxrZTly5cuXLly5cuXLly5cuXLly5cuXLly5cuXLly5cuXLly5cuXLly5cuXLly5cuXLly5cuXLly5cuXLly5cuXLly5cuXLly5cuXLly5cuXLly5cuXLhAAAP7\/oF7\/uk\/U\/0X960XRsIAEB2AAAAAAN70kr1HHyAOX3hkoohV27A67FGK7ZDJxBrJxh4Ojbr\/WDeEfz\/7o3pHj59TQ8XGsQUhr3sN7hFK2Jryx8ktgST6T5ReQQ3\/8iFy18d24oI\/ehYDZRlXUy0Kupe8Eo1oGLy7EtnzszCA7wOSYi2TuBOTEajrI03t4X5RtPEfwApDODep6IxUiWEqwc10ClsN9PiXJYP\/ftxQ4kB\/fvVojv0hPD+UslrCvnBMHKjiIKuNWc2UVssi9Sc7OFkej4bXkVzuyn3wK6aai9cjlMoDj0aFvX1cABgc2Kb52QF9UStQKG7NBnYzqQyNQam2c8hYLfhjPkZw8Wtbagqpsowi5hfki1bc1bmdFsUiBCz012jpiep8diCSRABf4vizRKv35xIIAoAAAAAAAAAAAAAA='\/%3E%3C\/svg%3E&quot;)\"   src=\"https:\/\/www.europesays.com\/fr\/wp-content\/uploads\/2026\/01\/1769460791_191_face-aux-lecteurs-avec-robin-renucci-directeur-du-theatre-de-la-criee-autour-de-la-piece-la-lecon-de.jpeg\"\/>Robin Renucci, qui cr\u00e9e \u00ab\u00a0La le\u00e7on\u00a0\u00bb d\u2019Eug\u00e8ne Ionesco du 29 janvier au 13 f\u00e9vrier 2026, a particip\u00e9 \u00e0 un \u00ab\u00a0Face aux lecteurs\u00a0\u00bb. \/ Photo Fr\u00e9d\u00e9ric Speich<\/p>\n<p>Puis arrive Robin Renucci qui, au milieu de ses h\u00f4tes, se dit heureux de les accueillir dans \u00ab\u00a0leur\u00a0\u00bb th\u00e9\u00e2tre, <a href=\"https:\/\/www.laprovence.com\/article\/culture-loisirs\/2905839939318514\/drame-de-la-rue-d-aubagne-grands-classiques-et-concerts-la-criee-a-marseille-devoile-sa-saison-2025-2026\" target=\"_blank\" rel=\"noopener\">La Cri\u00e9e \u00e9tant un th\u00e9\u00e2tre national<\/a> avec des financements de l\u2019\u00c9tat. Il insistera sur cette notion de relation et de service public quand, apr\u00e8s la r\u00e9p\u00e9tition, il retrouvera les lecteurs pour une heure d\u2019\u00e9change\u00a0: \u00ab\u00a0Le th\u00e9\u00e2tre, c\u2019est une conversation entre des \u00eatres, depuis le plateau et la salle. Nous faisons partie d\u2019une communaut\u00e9. Le th\u00e9\u00e2tre sert \u00e0 r\u00e9unir, \u00e0 rassembler. C\u2019est une forme d\u2019amour entre les gens. Notre effort, dans un th\u00e9\u00e2tre public, c\u2019est de soigner cette relation. Nous avons le projet de servir le public.\u00a0\u00bb<\/p>\n<p><img alt=\"Quinze lecteurs de &quot;La Provence&quot; ont eu le plaisir d\u2019\u00e9changer avec Robin Renucci apr\u00e8s avoir assist\u00e9 \u00e0 une heure de r\u00e9p\u00e9tition.\" loading=\"lazy\" decoding=\"async\" data-nimg=\"fill\" class=\" TwicCore_img__i9TC1 undefined  undefined\" style=\"position:absolute;height:100%;width:100%;left:0;top:0;right:0;bottom:0;color:transparent;background-size:cover;background-position:50% 50%;background-repeat:no-repeat;background-image:url(&quot;data:image\/svg+xml;charset=utf-8,%3Csvg xmlns='http:\/\/www.w3.org\/2000\/svg' %3E%3Cfilter id='b' color-interpolation-filters='sRGB'%3E%3CfeGaussianBlur stdDeviation='20'\/%3E%3CfeColorMatrix values='1 0 0 0 0 0 1 0 0 0 0 0 1 0 0 0 0 0 100 -1' result='s'\/%3E%3CfeFlood x='0' y='0' width='100%25' height='100%25'\/%3E%3CfeComposite operator='out' in='s'\/%3E%3CfeComposite in2='SourceGraphic'\/%3E%3CfeGaussianBlur stdDeviation='20'\/%3E%3C\/filter%3E%3Cimage width='100%25' height='100%25' x='0' y='0' preserveAspectRatio='none' style='filter: url(%23b);' href='data:image\/webp;base64,UklGRjYDAABXRUJQVlA4ICoDAABwOwCdASpYAjMBPkkkkEYipC2hIHHIYbAJCWlu4XY+BNqD18Y8NfsAGklspy5cuXLly5cuXLly5cuXLly5cuXLly5cuXLly5cuXLly5cuXLly5cuXLly5cuXLly5cuXLly5cuXLly5cuXLly5cuXLly5cOmSMpCYAqxrZTly5cuXLlb+kGzWSu8K3E1y5cuXLly5cuXLly586rC9hJ59veBEwBVjWynLly5cuXLug2VFzeerXpFBoE1DzVqRnK9boVWdU5uGOkJgCrGtlOXLl3LvfxUZpxwRcmsj79wb4EbKlE\/r22O42hBnpQFwx0hMAVY1spy4YzRxqGxu6c2HW2qsf0YBKFRSEwBVjWynLly5cuaOzYEbNk92seqt0qoLUhMAVY1spy5crUBhXE756j\/F5H4PuLhYztBdg85f1XvYrGtlOXLly5cuXLly8BqjFLIyVJAdajjWODMD9LlVAXDHSEwBVjWynLly9tbE8pMCyjcR7xcMdITAFWNbKcuXLly+D+fa3VF4N6KxrZTly5cuXLly5cuXLly5cuXLly5cuXLly5cuXLly5cuXLly5cuXLly5cuXLly5cuXLly5cuXLly5cuXLly5cuXLly5cuXLly5cuXLly5cuXLly5cuXLhAAAP7\/oF7\/uk\/U\/0X960XRsIAEB2AAAAAAN70kr1HHyAOX3hkoohV27A67FGK7ZDJxBrJxh4Ojbr\/WDeEfz\/7o3pHj59TQ8XGsQUhr3sN7hFK2Jryx8ktgST6T5ReQQ3\/8iFy18d24oI\/ehYDZRlXUy0Kupe8Eo1oGLy7EtnzszCA7wOSYi2TuBOTEajrI03t4X5RtPEfwApDODep6IxUiWEqwc10ClsN9PiXJYP\/ftxQ4kB\/fvVojv0hPD+UslrCvnBMHKjiIKuNWc2UVssi9Sc7OFkej4bXkVzuyn3wK6aai9cjlMoDj0aFvX1cABgc2Kb52QF9UStQKG7NBnYzqQyNQam2c8hYLfhjPkZw8Wtbagqpsowi5hfki1bc1bmdFsUiBCz012jpiep8diCSRABf4vizRKv35xIIAoAAAAAAAAAAAAAA='\/%3E%3C\/svg%3E&quot;)\"   src=\"https:\/\/www.europesays.com\/fr\/wp-content\/uploads\/2026\/01\/1769460792_78_face-aux-lecteurs-avec-robin-renucci-directeur-du-theatre-de-la-criee-autour-de-la-piece-la-lecon-de.jpeg\"\/>Quinze lecteurs de \u00ab\u00a0La Provence\u00a0\u00bb ont eu le plaisir d\u2019\u00e9changer avec Robin Renucci apr\u00e8s avoir assist\u00e9 \u00e0 une heure de r\u00e9p\u00e9tition. \/ Photo Fr\u00e9d\u00e9ric Speich\u00a0\u00bbIl est question de domination\u00a0\u00bb<\/p>\n<p>Devant un auditoire aussi attentif que participatif, Robin Renucci explique \u00e9galement pourquoi il a choisi de travailler sur cette pi\u00e8ce o\u00f9 \u00ab\u00a0<a href=\"https:\/\/www.laprovence.com\/article\/region\/1102407853790216\/aix-en-provence-vedette-s-une-piece-de-theatre-queer-pour-lutter-contre-lhomophobie\" target=\"_blank\" rel=\"noopener\">il est question de domination et de totalitarisme<\/a>\u00ab\u00a0. \u00ab\u00a0La pi\u00e8ce parle de violence d\u2019un homme sur une femme. Il s\u2019agit d\u2019un continuum de violence qui va jusqu\u2019au meurtre, en passant par le viol, insiste-t-il. <a href=\"https:\/\/www.laprovence.com\/article\/societe\/6471593693347514\/le-keke-originel-alerte-mascu-louis-sarkozy-et-ses-sorties-mediatiques-tournes-en-derision-sur-les-reseaux-sociaux\" target=\"_blank\" rel=\"noopener\">Et pour parler de cette violence masculiniste<\/a>, j\u2019ai voulu m\u2019entourer d\u2019une \u00e9quipe f\u00e9minine parce que j\u2019ai conscience que je suis un homme de quelques d\u00e9cennies qui a beaucoup de capacit\u00e9s, parce que je dirige un th\u00e9\u00e2tre et que je dirige des femmes. C\u2019\u00e9tait donc tr\u00e8s important, d\u00e8s le d\u00e9but de la cr\u00e9ation, qu\u2019on travaille ensemble sur le sujet.\u00a0\u00bb<\/p>\n<p><img alt=\"Quinze lecteurs de &quot;La Provence&quot; ont eu le plaisir d\u2019\u00e9changer avec Robin Renucci apr\u00e8s avoir assist\u00e9 \u00e0 une heure de r\u00e9p\u00e9tition.\" loading=\"lazy\" decoding=\"async\" data-nimg=\"fill\" class=\" TwicCore_img__i9TC1 undefined  undefined\" style=\"position:absolute;height:100%;width:100%;left:0;top:0;right:0;bottom:0;color:transparent;background-size:cover;background-position:50% 50%;background-repeat:no-repeat;background-image:url(&quot;data:image\/svg+xml;charset=utf-8,%3Csvg xmlns='http:\/\/www.w3.org\/2000\/svg' %3E%3Cfilter id='b' color-interpolation-filters='sRGB'%3E%3CfeGaussianBlur stdDeviation='20'\/%3E%3CfeColorMatrix values='1 0 0 0 0 0 1 0 0 0 0 0 1 0 0 0 0 0 100 -1' result='s'\/%3E%3CfeFlood x='0' y='0' width='100%25' height='100%25'\/%3E%3CfeComposite operator='out' in='s'\/%3E%3CfeComposite in2='SourceGraphic'\/%3E%3CfeGaussianBlur stdDeviation='20'\/%3E%3C\/filter%3E%3Cimage width='100%25' height='100%25' x='0' y='0' preserveAspectRatio='none' style='filter: url(%23b);' href='data:image\/webp;base64,UklGRjYDAABXRUJQVlA4ICoDAABwOwCdASpYAjMBPkkkkEYipC2hIHHIYbAJCWlu4XY+BNqD18Y8NfsAGklspy5cuXLly5cuXLly5cuXLly5cuXLly5cuXLly5cuXLly5cuXLly5cuXLly5cuXLly5cuXLly5cuXLly5cuXLly5cuXLly5cOmSMpCYAqxrZTly5cuXLlb+kGzWSu8K3E1y5cuXLly5cuXLly586rC9hJ59veBEwBVjWynLly5cuXLug2VFzeerXpFBoE1DzVqRnK9boVWdU5uGOkJgCrGtlOXLl3LvfxUZpxwRcmsj79wb4EbKlE\/r22O42hBnpQFwx0hMAVY1spy4YzRxqGxu6c2HW2qsf0YBKFRSEwBVjWynLly5cuaOzYEbNk92seqt0qoLUhMAVY1spy5crUBhXE756j\/F5H4PuLhYztBdg85f1XvYrGtlOXLly5cuXLly8BqjFLIyVJAdajjWODMD9LlVAXDHSEwBVjWynLly9tbE8pMCyjcR7xcMdITAFWNbKcuXLly+D+fa3VF4N6KxrZTly5cuXLly5cuXLly5cuXLly5cuXLly5cuXLly5cuXLly5cuXLly5cuXLly5cuXLly5cuXLly5cuXLly5cuXLly5cuXLly5cuXLly5cuXLly5cuXLhAAAP7\/oF7\/uk\/U\/0X960XRsIAEB2AAAAAAN70kr1HHyAOX3hkoohV27A67FGK7ZDJxBrJxh4Ojbr\/WDeEfz\/7o3pHj59TQ8XGsQUhr3sN7hFK2Jryx8ktgST6T5ReQQ3\/8iFy18d24oI\/ehYDZRlXUy0Kupe8Eo1oGLy7EtnzszCA7wOSYi2TuBOTEajrI03t4X5RtPEfwApDODep6IxUiWEqwc10ClsN9PiXJYP\/ftxQ4kB\/fvVojv0hPD+UslrCvnBMHKjiIKuNWc2UVssi9Sc7OFkej4bXkVzuyn3wK6aai9cjlMoDj0aFvX1cABgc2Kb52QF9UStQKG7NBnYzqQyNQam2c8hYLfhjPkZw8Wtbagqpsowi5hfki1bc1bmdFsUiBCz012jpiep8diCSRABf4vizRKv35xIIAoAAAAAAAAAAAAAA='\/%3E%3C\/svg%3E&quot;)\"   src=\"https:\/\/www.europesays.com\/fr\/wp-content\/uploads\/2026\/01\/1769460793_193_face-aux-lecteurs-avec-robin-renucci-directeur-du-theatre-de-la-criee-autour-de-la-piece-la-lecon-de.jpeg\"\/>Quinze lecteurs de \u00ab\u00a0La Provence\u00a0\u00bb ont eu le plaisir d\u2019\u00e9changer avec Robin Renucci apr\u00e8s avoir assist\u00e9 \u00e0 une heure de r\u00e9p\u00e9tition. \/ Photo Fr\u00e9d\u00e9ric Speich<\/p>\n<p>Pour l\u2019heure, sur le plateau, nous sommes \u00e0 la page\u00a018. L\u2019assistant Sven Narbonne endosse le r\u00f4le du Professeur \u00e0 la place de Robin Renucci qui dit le texte depuis la salle, tout en ayant la position du metteur en sc\u00e8ne. C\u2019est alors, en voyant son double, que lui vient l\u2019id\u00e9e de la gestuelle du jeu t\u00e9l\u00e9vis\u00e9 lorsque le Professeur s\u2019installe derri\u00e8re une sorte de pupitre. \u00ab\u00a0Ce sont des ingr\u00e9dients qu\u2019on appelle des symboles. Tout ce qui vient <a href=\"https:\/\/www.laprovence.com\/article\/region\/1249228858840515\/des-etudiants-daix-creent-une-piece-de-science-fiction-en-3-semaines-avec-un-metteur-en-scene-professionnel\" target=\"_blank\" rel=\"noopener\">du plateau, le d\u00e9cor, le langage corporel<\/a>, ce sont des signes, qui doivent \u00eatre achev\u00e9s par vous. Mon souci, c\u2019est de faire une proposition, je fais la moiti\u00e9 du chemin, et vous, vous faites l\u2019autre partie\u00a0\u00bb, explique-t-il. D\u2019ailleurs, Robin Renucci guide son assistance\u00a0: \u00ab\u00a0Que voyez-vous sur ce plateau\u00a0?\u00a0\u00bb \u00ab\u00a0Des formes g\u00e9om\u00e9triques\u00a0\u00bb, \u00ab\u00a0un tableau\u00a0\u00bb, \u00ab\u00a0des b\u00e2tons\u00a0\u00bb, \u00ab\u00a0des croix\u00a0\u00bb\u2026 r\u00e9pondent les lecteurs.<\/p>\n<p><img alt=\"Quinze lecteurs de &quot;La Provence&quot; ont eu le plaisir d\u2019\u00e9changer avec Robin Renucci apr\u00e8s avoir assist\u00e9 \u00e0 une heure de r\u00e9p\u00e9tition.\" loading=\"lazy\" decoding=\"async\" data-nimg=\"fill\" class=\" TwicCore_img__i9TC1 undefined  undefined\" style=\"position:absolute;height:100%;width:100%;left:0;top:0;right:0;bottom:0;color:transparent;background-size:cover;background-position:50% 50%;background-repeat:no-repeat;background-image:url(&quot;data:image\/svg+xml;charset=utf-8,%3Csvg xmlns='http:\/\/www.w3.org\/2000\/svg' %3E%3Cfilter id='b' color-interpolation-filters='sRGB'%3E%3CfeGaussianBlur stdDeviation='20'\/%3E%3CfeColorMatrix values='1 0 0 0 0 0 1 0 0 0 0 0 1 0 0 0 0 0 100 -1' result='s'\/%3E%3CfeFlood x='0' y='0' width='100%25' height='100%25'\/%3E%3CfeComposite operator='out' in='s'\/%3E%3CfeComposite in2='SourceGraphic'\/%3E%3CfeGaussianBlur stdDeviation='20'\/%3E%3C\/filter%3E%3Cimage width='100%25' height='100%25' x='0' y='0' preserveAspectRatio='none' style='filter: url(%23b);' href='data:image\/webp;base64,UklGRjYDAABXRUJQVlA4ICoDAABwOwCdASpYAjMBPkkkkEYipC2hIHHIYbAJCWlu4XY+BNqD18Y8NfsAGklspy5cuXLly5cuXLly5cuXLly5cuXLly5cuXLly5cuXLly5cuXLly5cuXLly5cuXLly5cuXLly5cuXLly5cuXLly5cuXLly5cOmSMpCYAqxrZTly5cuXLlb+kGzWSu8K3E1y5cuXLly5cuXLly586rC9hJ59veBEwBVjWynLly5cuXLug2VFzeerXpFBoE1DzVqRnK9boVWdU5uGOkJgCrGtlOXLl3LvfxUZpxwRcmsj79wb4EbKlE\/r22O42hBnpQFwx0hMAVY1spy4YzRxqGxu6c2HW2qsf0YBKFRSEwBVjWynLly5cuaOzYEbNk92seqt0qoLUhMAVY1spy5crUBhXE756j\/F5H4PuLhYztBdg85f1XvYrGtlOXLly5cuXLly8BqjFLIyVJAdajjWODMD9LlVAXDHSEwBVjWynLly9tbE8pMCyjcR7xcMdITAFWNbKcuXLly+D+fa3VF4N6KxrZTly5cuXLly5cuXLly5cuXLly5cuXLly5cuXLly5cuXLly5cuXLly5cuXLly5cuXLly5cuXLly5cuXLly5cuXLly5cuXLly5cuXLly5cuXLly5cuXLhAAAP7\/oF7\/uk\/U\/0X960XRsIAEB2AAAAAAN70kr1HHyAOX3hkoohV27A67FGK7ZDJxBrJxh4Ojbr\/WDeEfz\/7o3pHj59TQ8XGsQUhr3sN7hFK2Jryx8ktgST6T5ReQQ3\/8iFy18d24oI\/ehYDZRlXUy0Kupe8Eo1oGLy7EtnzszCA7wOSYi2TuBOTEajrI03t4X5RtPEfwApDODep6IxUiWEqwc10ClsN9PiXJYP\/ftxQ4kB\/fvVojv0hPD+UslrCvnBMHKjiIKuNWc2UVssi9Sc7OFkej4bXkVzuyn3wK6aai9cjlMoDj0aFvX1cABgc2Kb52QF9UStQKG7NBnYzqQyNQam2c8hYLfhjPkZw8Wtbagqpsowi5hfki1bc1bmdFsUiBCz012jpiep8diCSRABf4vizRKv35xIIAoAAAAAAAAAAAAAA='\/%3E%3C\/svg%3E&quot;)\"   src=\"https:\/\/www.europesays.com\/fr\/wp-content\/uploads\/2026\/01\/1769460793_408_face-aux-lecteurs-avec-robin-renucci-directeur-du-theatre-de-la-criee-autour-de-la-piece-la-lecon-de.jpeg\"\/>Quinze lecteurs de \u00ab\u00a0La Provence\u00a0\u00bb ont eu le plaisir d\u2019\u00e9changer avec Robin Renucci apr\u00e8s avoir assist\u00e9 \u00e0 une heure de r\u00e9p\u00e9tition. \/ Photo Fr\u00e9d\u00e9ric Speich<img alt=\"Robin Renucci a rencontr\u00e9 quinze lecteurs de &quot;La Provence&quot;, qui ont pu assister \u00e0 une heure de r\u00e9p\u00e9tition de sa nouvelle cr\u00e9ation &quot;La Le\u00e7on&quot; d\u2019Eug\u00e8ne Ionesco, avant d\u2019\u00e9changer avec lui.\" loading=\"lazy\" decoding=\"async\" data-nimg=\"fill\" class=\" TwicCore_img__i9TC1 undefined  undefined\" style=\"position:absolute;height:100%;width:100%;left:0;top:0;right:0;bottom:0;color:transparent;background-size:cover;background-position:50% 50%;background-repeat:no-repeat;background-image:url(&quot;data:image\/svg+xml;charset=utf-8,%3Csvg xmlns='http:\/\/www.w3.org\/2000\/svg' %3E%3Cfilter id='b' color-interpolation-filters='sRGB'%3E%3CfeGaussianBlur stdDeviation='20'\/%3E%3CfeColorMatrix values='1 0 0 0 0 0 1 0 0 0 0 0 1 0 0 0 0 0 100 -1' result='s'\/%3E%3CfeFlood x='0' y='0' width='100%25' height='100%25'\/%3E%3CfeComposite operator='out' in='s'\/%3E%3CfeComposite in2='SourceGraphic'\/%3E%3CfeGaussianBlur stdDeviation='20'\/%3E%3C\/filter%3E%3Cimage width='100%25' height='100%25' x='0' y='0' preserveAspectRatio='none' style='filter: url(%23b);' href='data:image\/webp;base64,UklGRjYDAABXRUJQVlA4ICoDAABwOwCdASpYAjMBPkkkkEYipC2hIHHIYbAJCWlu4XY+BNqD18Y8NfsAGklspy5cuXLly5cuXLly5cuXLly5cuXLly5cuXLly5cuXLly5cuXLly5cuXLly5cuXLly5cuXLly5cuXLly5cuXLly5cuXLly5cOmSMpCYAqxrZTly5cuXLlb+kGzWSu8K3E1y5cuXLly5cuXLly586rC9hJ59veBEwBVjWynLly5cuXLug2VFzeerXpFBoE1DzVqRnK9boVWdU5uGOkJgCrGtlOXLl3LvfxUZpxwRcmsj79wb4EbKlE\/r22O42hBnpQFwx0hMAVY1spy4YzRxqGxu6c2HW2qsf0YBKFRSEwBVjWynLly5cuaOzYEbNk92seqt0qoLUhMAVY1spy5crUBhXE756j\/F5H4PuLhYztBdg85f1XvYrGtlOXLly5cuXLly8BqjFLIyVJAdajjWODMD9LlVAXDHSEwBVjWynLly9tbE8pMCyjcR7xcMdITAFWNbKcuXLly+D+fa3VF4N6KxrZTly5cuXLly5cuXLly5cuXLly5cuXLly5cuXLly5cuXLly5cuXLly5cuXLly5cuXLly5cuXLly5cuXLly5cuXLly5cuXLly5cuXLly5cuXLly5cuXLhAAAP7\/oF7\/uk\/U\/0X960XRsIAEB2AAAAAAN70kr1HHyAOX3hkoohV27A67FGK7ZDJxBrJxh4Ojbr\/WDeEfz\/7o3pHj59TQ8XGsQUhr3sN7hFK2Jryx8ktgST6T5ReQQ3\/8iFy18d24oI\/ehYDZRlXUy0Kupe8Eo1oGLy7EtnzszCA7wOSYi2TuBOTEajrI03t4X5RtPEfwApDODep6IxUiWEqwc10ClsN9PiXJYP\/ftxQ4kB\/fvVojv0hPD+UslrCvnBMHKjiIKuNWc2UVssi9Sc7OFkej4bXkVzuyn3wK6aai9cjlMoDj0aFvX1cABgc2Kb52QF9UStQKG7NBnYzqQyNQam2c8hYLfhjPkZw8Wtbagqpsowi5hfki1bc1bmdFsUiBCz012jpiep8diCSRABf4vizRKv35xIIAoAAAAAAAAAAAAAA='\/%3E%3C\/svg%3E&quot;)\"   src=\"https:\/\/www.europesays.com\/fr\/wp-content\/uploads\/2026\/01\/1769460794_612_face-aux-lecteurs-avec-robin-renucci-directeur-du-theatre-de-la-criee-autour-de-la-piece-la-lecon-de.jpeg\"\/>Robin Renucci a rencontr\u00e9 quinze lecteurs de \u00ab\u00a0La Provence\u00a0\u00bb, qui ont pu assister \u00e0 une heure de r\u00e9p\u00e9tition de sa nouvelle cr\u00e9ation \u00ab\u00a0La Le\u00e7on\u00a0\u00bb d\u2019Eug\u00e8ne Ionesco, avant d\u2019\u00e9changer avec lui. \/ Photo Fr\u00e9d\u00e9ric Speich<img alt=\"Quinze lecteurs de &quot;La Provence&quot; ont eu le plaisir d\u2019\u00e9changer avec Robin Renucci apr\u00e8s avoir assist\u00e9 \u00e0 une heure de r\u00e9p\u00e9tition.\" loading=\"lazy\" decoding=\"async\" data-nimg=\"fill\" class=\" TwicCore_img__i9TC1 undefined  undefined\" style=\"position:absolute;height:100%;width:100%;left:0;top:0;right:0;bottom:0;color:transparent;background-size:cover;background-position:50% 50%;background-repeat:no-repeat;background-image:url(&quot;data:image\/svg+xml;charset=utf-8,%3Csvg xmlns='http:\/\/www.w3.org\/2000\/svg' %3E%3Cfilter id='b' color-interpolation-filters='sRGB'%3E%3CfeGaussianBlur stdDeviation='20'\/%3E%3CfeColorMatrix values='1 0 0 0 0 0 1 0 0 0 0 0 1 0 0 0 0 0 100 -1' result='s'\/%3E%3CfeFlood x='0' y='0' width='100%25' height='100%25'\/%3E%3CfeComposite operator='out' in='s'\/%3E%3CfeComposite in2='SourceGraphic'\/%3E%3CfeGaussianBlur stdDeviation='20'\/%3E%3C\/filter%3E%3Cimage width='100%25' height='100%25' x='0' y='0' preserveAspectRatio='none' style='filter: url(%23b);' href='data:image\/webp;base64,UklGRjYDAABXRUJQVlA4ICoDAABwOwCdASpYAjMBPkkkkEYipC2hIHHIYbAJCWlu4XY+BNqD18Y8NfsAGklspy5cuXLly5cuXLly5cuXLly5cuXLly5cuXLly5cuXLly5cuXLly5cuXLly5cuXLly5cuXLly5cuXLly5cuXLly5cuXLly5cOmSMpCYAqxrZTly5cuXLlb+kGzWSu8K3E1y5cuXLly5cuXLly586rC9hJ59veBEwBVjWynLly5cuXLug2VFzeerXpFBoE1DzVqRnK9boVWdU5uGOkJgCrGtlOXLl3LvfxUZpxwRcmsj79wb4EbKlE\/r22O42hBnpQFwx0hMAVY1spy4YzRxqGxu6c2HW2qsf0YBKFRSEwBVjWynLly5cuaOzYEbNk92seqt0qoLUhMAVY1spy5crUBhXE756j\/F5H4PuLhYztBdg85f1XvYrGtlOXLly5cuXLly8BqjFLIyVJAdajjWODMD9LlVAXDHSEwBVjWynLly9tbE8pMCyjcR7xcMdITAFWNbKcuXLly+D+fa3VF4N6KxrZTly5cuXLly5cuXLly5cuXLly5cuXLly5cuXLly5cuXLly5cuXLly5cuXLly5cuXLly5cuXLly5cuXLly5cuXLly5cuXLly5cuXLly5cuXLly5cuXLhAAAP7\/oF7\/uk\/U\/0X960XRsIAEB2AAAAAAN70kr1HHyAOX3hkoohV27A67FGK7ZDJxBrJxh4Ojbr\/WDeEfz\/7o3pHj59TQ8XGsQUhr3sN7hFK2Jryx8ktgST6T5ReQQ3\/8iFy18d24oI\/ehYDZRlXUy0Kupe8Eo1oGLy7EtnzszCA7wOSYi2TuBOTEajrI03t4X5RtPEfwApDODep6IxUiWEqwc10ClsN9PiXJYP\/ftxQ4kB\/fvVojv0hPD+UslrCvnBMHKjiIKuNWc2UVssi9Sc7OFkej4bXkVzuyn3wK6aai9cjlMoDj0aFvX1cABgc2Kb52QF9UStQKG7NBnYzqQyNQam2c8hYLfhjPkZw8Wtbagqpsowi5hfki1bc1bmdFsUiBCz012jpiep8diCSRABf4vizRKv35xIIAoAAAAAAAAAAAAAA='\/%3E%3C\/svg%3E&quot;)\"   src=\"https:\/\/www.europesays.com\/fr\/wp-content\/uploads\/2026\/01\/1769460795_318_face-aux-lecteurs-avec-robin-renucci-directeur-du-theatre-de-la-criee-autour-de-la-piece-la-lecon-de.jpeg\"\/>Quinze lecteurs de \u00ab\u00a0La Provence\u00a0\u00bb ont eu le plaisir d\u2019\u00e9changer avec Robin Renucci apr\u00e8s avoir assist\u00e9 \u00e0 une heure de r\u00e9p\u00e9tition. \/ Photo Fr\u00e9d\u00e9ric Speich<\/p>\n<p>C\u2019est la troisi\u00e8me et derni\u00e8re phase &#8211; chacune dure trois \u00e0 quatre semaines &#8211; d\u2019un travail commenc\u00e9 l\u2019ann\u00e9e derni\u00e8re. \u00ab\u00a0Je prends la p\u00e9riode du choix des com\u00e9diens comme un d\u00e9but de travail. Je ne fais pas d\u2019audition, je n\u2019aime pas le principe. On se choisit mutuellement\u00a0\u00bb, souligne Robin Renucci qui, jusqu\u2019au bout, apporte des touches, des d\u00e9tails, \u00e0 ce tableau vivant. Ou \u00ab\u00a0quand un mot d\u00e9clenche un son ou une lumi\u00e8re\u00a0\u00bb. Un travail de pr\u00e9cision auquel ont assist\u00e9, captiv\u00e9s, ces spectateurs privil\u00e9gi\u00e9s. Dans les entrailles de la cr\u00e9ation.<\/p>\n<p>Du 29 janvier au 13 f\u00e9vrier \u00e0 La Cri\u00e9e. 6 \u00e0 26\u20ac. theatre-lacriee.com<\/p>\n","protected":false},"excerpt":{"rendered":"Nous sommes \u00e0 une semaine de la cr\u00e9ation. Et quinze lecteurs de La Provence, s\u00e9lectionn\u00e9s par le journal&hellip;\n","protected":false},"author":2,"featured_media":691192,"comment_status":"","ping_status":"","sticky":false,"template":"","format":"standard","meta":{"footnotes":""},"categories":[2814],"tags":[5734,1111,11,32719,251,7889,1777,674,1011,27,508,884,12,882,48367,25,6389,1347],"class_list":{"0":"post-691191","1":"post","2":"type-post","3":"status-publish","4":"format-standard","5":"has-post-thumbnail","7":"category-marseille","8":"tag-5734","9":"tag-actu","10":"tag-actualites","11":"tag-criee","12":"tag-culture","13":"tag-directeur","14":"tag-eu","15":"tag-europe","16":"tag-fr","17":"tag-france","18":"tag-invite","19":"tag-marseille","20":"tag-news","21":"tag-provence-alpes-cote-dazur","22":"tag-renucci","23":"tag-republique-francaise","24":"tag-robin","25":"tag-theatre"},"share_on_mastodon":{"url":"https:\/\/pubeurope.com\/@fr\/115963390171300431","error":""},"_links":{"self":[{"href":"https:\/\/www.europesays.com\/fr\/wp-json\/wp\/v2\/posts\/691191","targetHints":{"allow":["GET"]}}],"collection":[{"href":"https:\/\/www.europesays.com\/fr\/wp-json\/wp\/v2\/posts"}],"about":[{"href":"https:\/\/www.europesays.com\/fr\/wp-json\/wp\/v2\/types\/post"}],"author":[{"embeddable":true,"href":"https:\/\/www.europesays.com\/fr\/wp-json\/wp\/v2\/users\/2"}],"replies":[{"embeddable":true,"href":"https:\/\/www.europesays.com\/fr\/wp-json\/wp\/v2\/comments?post=691191"}],"version-history":[{"count":0,"href":"https:\/\/www.europesays.com\/fr\/wp-json\/wp\/v2\/posts\/691191\/revisions"}],"wp:featuredmedia":[{"embeddable":true,"href":"https:\/\/www.europesays.com\/fr\/wp-json\/wp\/v2\/media\/691192"}],"wp:attachment":[{"href":"https:\/\/www.europesays.com\/fr\/wp-json\/wp\/v2\/media?parent=691191"}],"wp:term":[{"taxonomy":"category","embeddable":true,"href":"https:\/\/www.europesays.com\/fr\/wp-json\/wp\/v2\/categories?post=691191"},{"taxonomy":"post_tag","embeddable":true,"href":"https:\/\/www.europesays.com\/fr\/wp-json\/wp\/v2\/tags?post=691191"}],"curies":[{"name":"wp","href":"https:\/\/api.w.org\/{rel}","templated":true}]}}