{"id":691195,"date":"2026-01-26T20:55:15","date_gmt":"2026-01-26T20:55:15","guid":{"rendered":"https:\/\/www.europesays.com\/fr\/691195\/"},"modified":"2026-01-26T20:55:15","modified_gmt":"2026-01-26T20:55:15","slug":"decouvrez-les-six-tetes-de-liste-lyonnaises-autour-de-jean-michel-aulas","status":"publish","type":"post","link":"https:\/\/www.europesays.com\/fr\/691195\/","title":{"rendered":"d\u00e9couvrez les six t\u00eates de liste lyonnaises autour de Jean-Michel Aulas"},"content":{"rendered":"<p>Comme le r\u00e9v\u00e8le notre r\u00e9daction, <a href=\"https:\/\/www.lyonmag.com\/profil-personnalite-lyonnaise\/8\/jean-michel-aulas\" target=\"_blank\" rel=\"noopener\">Jean-Michel Aulas<\/a> a choisi des proches dans Lyon pour tenter de remporter un maximum de conseillers m\u00e9tropolitains les 15 et 22 mars.<\/p>\n<p>La parit\u00e9 est respect\u00e9e, avec trois femmes et trois hommes. D&rsquo;anciens \u00e9lus, notamment proches de G\u00e9rard Collomb, sont pr\u00e9sents, ainsi que deux personnalit\u00e9s issues de la soci\u00e9t\u00e9 civile.<\/p>\n<p>Jean-Michel Aulas, lui, sera num\u00e9ro 2 sur l&rsquo;une de ces six listes.<\/p>\n<p style=\"text-align: center;\"><strong>Lyon Ouest (5e et 9e arrondissements)<\/strong><\/p>\n<p style=\"text-align: center;\"><a href=\"https:\/\/www.lyonmag.com\/profil-personnalite-lyonnaise\/90\/yann-cucherat\" target=\"_blank\" rel=\"noopener\">Yann Cucherat<\/a><\/p>\n<p><img loading=\"lazy\" decoding=\"async\" style=\"display: block; margin-left: auto; margin-right: auto;\" src=\"https:\/\/www.europesays.com\/fr\/wp-content\/uploads\/2026\/01\/52371250284-7925cb5776-o-35929.jpg\" alt=\"\" width=\"600\" height=\"450\"\/><\/p>\n<p>Pass\u00e9 de champion de gymnastique \u00e0 adjoint aux Sports de G\u00e9rard Collomb, il avait brigu\u00e9 la mairie de Lyon en 2020. D\u00e9sormais haut responsable du sport fran\u00e7ais, et soutien d&rsquo;Aulas de la premi\u00e8re heure, il revient en politique par la grande porte.<\/p>\n<p style=\"text-align: center;\"><strong>Lyon Centre (1er, 2e et 4e arrondissements)<\/strong><\/p>\n<p style=\"text-align: center;\"><a href=\"https:\/\/www.lyonmag.com\/profil-personnalite-lyonnaise\/523\/valerie-lorentz-poinsot\" target=\"_blank\" rel=\"noopener\">Val\u00e9rie Lorentz-Poinsot<\/a><\/p>\n<p><img loading=\"lazy\" decoding=\"async\" style=\"display: block; margin-left: auto; margin-right: auto;\" src=\"https:\/\/www.europesays.com\/fr\/wp-content\/uploads\/2026\/01\/49047824251-60bcd0ba3c-o-28861.jpg\" alt=\"\" width=\"600\" height=\"450\"\/><\/p>\n<p>L&rsquo;ex-directrice g\u00e9n\u00e9rale de Boiron, qui fut aussi administratrice de l&rsquo;OL, est une figure reconnue du monde \u00e9conomique et sportif lyonnais. Elle s&rsquo;est notamment engag\u00e9e en faveur du d\u00e9veloppement des talents et du leadership f\u00e9minin. Proche de Jean-Michel Aulas, elle ambitionne d&rsquo;apporter une ouverture sur le monde \u00e9conomique \u00e0 la M\u00e9tropole.<\/p>\n<p style=\"text-align: center;\"><strong>Lyon Sud (7e arrondissement)<\/strong><\/p>\n<p style=\"text-align: center;\"><a href=\"https:\/\/www.lyonmag.com\/profil-personnalite-lyonnaise\/5\/christophe-geourjon\" target=\"_blank\" rel=\"noopener\">Christophe Geourjon<\/a><\/p>\n<p><img loading=\"lazy\" decoding=\"async\" style=\"display: block; margin-left: auto; margin-right: auto;\" src=\"https:\/\/www.europesays.com\/fr\/wp-content\/uploads\/2026\/01\/52534167383-bb480b647d-o-44469.jpg\" alt=\"\" width=\"600\" height=\"450\"\/><\/p>\n<p>Patron de l&rsquo;UDI dans la M\u00e9tropole de Lyon, Christophe Geourjon vit et travaille dans le 7e. Homme de dossiers et de projets, il a prouv\u00e9 dans les campagnes locales pr\u00e9c\u00e9dentes qu&rsquo;il disposait souvent du programme le mieux ficel\u00e9, notamment sur les enjeux de mobilit\u00e9s et de d\u00e9veloppement \u00e9conomique.<\/p>\n<p style=\"text-align: center;\"><strong>Lyon Sud Est (8e arrondissement)<\/strong><\/p>\n<p style=\"text-align: center;\"><a href=\"https:\/\/www.lyonmag.com\/profil-personnalite-lyonnaise\/163\/michel-le-faou\" target=\"_blank\" rel=\"noopener\">Michel Le Faou<\/a><\/p>\n<p><img loading=\"lazy\" decoding=\"async\" style=\"display: block; margin-left: auto; margin-right: auto;\" src=\"https:\/\/www.europesays.com\/fr\/wp-content\/uploads\/2026\/01\/52544231925-ed99213258-o-74103.jpg\" alt=\"\" width=\"600\" height=\"450\"\/><\/p>\n<p>Ancien Monsieur Urbanisme sous G\u00e9rard Collomb, \u00e0 la Ville comme \u00e0 la M\u00e9tropole, ainsi qu&rsquo;\u00e0 la SACVL qu&rsquo;il pr\u00e9sidait, Michel Le Faou est l&rsquo;une des prises de guerre \u00e0 gauche pour Jean-Michel Aulas.<\/p>\n<p style=\"text-align: center;\"><strong>Lyon Est (3e arrondissement, partie \u00e0 l&rsquo;Est de la ligne de chemin de fer Paris-Lyon)<\/strong><\/p>\n<p style=\"text-align: center;\">H\u00e9l\u00e8ne Baronnier<\/p>\n<p><img loading=\"lazy\" decoding=\"async\" style=\"display: block; margin-left: auto; margin-right: auto;\" src=\"https:\/\/www.europesays.com\/fr\/wp-content\/uploads\/2026\/01\/ftxgmpixoaexzgr-18221.jpg\" alt=\"\" width=\"500\" height=\"455\"\/><\/p>\n<p>Avocate en droit des affaires et de l&rsquo;\u00e9nergie, elle a pass\u00e9 18 ans au sein de la direction juridique d&rsquo;EDF avant de monter son propre cabinet en 2018. Elle a fond\u00e9 l&rsquo;association J&rsquo;aime Montchat qu&rsquo;elle a pr\u00e9sid\u00e9 jusqu&rsquo;en 2025. A ce titre, elle s&rsquo;est fortement mobilis\u00e9e sur les sujets de cadre de vie, de mobilit\u00e9s, d&rsquo;urbanisme et de sant\u00e9 environnementale.<\/p>\n<p style=\"text-align: center;\"><strong>Lyon Nord (3e (partie \u00e0 l&rsquo;Ouest de la ligne de chemin de fer Paris-Lyon) et 6e arrondissements)<\/strong><\/p>\n<p style=\"text-align: center;\"><a href=\"https:\/\/www.lyonmag.com\/profil-personnalite-lyonnaise\/461\/sarah-peillon\" target=\"_blank\" rel=\"noopener\">Sarah Peillon<\/a><\/p>\n<p><img loading=\"lazy\" decoding=\"async\" style=\"display: block; margin-left: auto; margin-right: auto;\" src=\"https:\/\/www.europesays.com\/fr\/wp-content\/uploads\/2026\/01\/52160394500-b89072b156-o-14713.jpg\" alt=\"\" width=\"600\" height=\"450\"\/><\/p>\n<p>Sous G\u00e9rard Collomb, elle avait si\u00e9g\u00e9 \u00e0 la mairie du 7e, \u00e0 la M\u00e9tropole et au Sytral. R\u00e9f\u00e9rente de Renaissance dans l&rsquo;agglom\u00e9ration, Sarah Peillon entend apporter son exp\u00e9rience institutionnelle, sa connaissance des enjeux lyonnais et son attachement au service public.<\/p>\n","protected":false},"excerpt":{"rendered":"Comme le r\u00e9v\u00e8le notre r\u00e9daction, Jean-Michel Aulas a choisi des proches dans Lyon pour tenter de remporter un&hellip;\n","protected":false},"author":2,"featured_media":691196,"comment_status":"","ping_status":"","sticky":false,"template":"","format":"standard","meta":{"footnotes":""},"categories":[1889],"tags":[1111,11,2813,2190,2430,1109,251,1112,2811,1777,674,118,1011,27,1922,1110,1114,2428,2810,12,241,316,25,2812,517,800],"class_list":{"0":"post-691195","1":"post","2":"type-post","3":"status-publish","4":"format-standard","5":"has-post-thumbnail","7":"category-lyon","8":"tag-actu","9":"tag-actualites","10":"tag-article","11":"tag-asvel","12":"tag-auvergne-rhone-alpes","13":"tag-breves","14":"tag-culture","15":"tag-depeches","16":"tag-economique","17":"tag-eu","18":"tag-europe","19":"tag-faits-divers","20":"tag-fr","21":"tag-france","22":"tag-info","23":"tag-informations","24":"tag-infos","25":"tag-lyon","26":"tag-lyonmag","27":"tag-news","28":"tag-ol","29":"tag-politique","30":"tag-republique-francaise","31":"tag-sociale","32":"tag-sport","33":"tag-transports"},"share_on_mastodon":{"url":"https:\/\/pubeurope.com\/@fr\/115963398161175520","error":""},"_links":{"self":[{"href":"https:\/\/www.europesays.com\/fr\/wp-json\/wp\/v2\/posts\/691195","targetHints":{"allow":["GET"]}}],"collection":[{"href":"https:\/\/www.europesays.com\/fr\/wp-json\/wp\/v2\/posts"}],"about":[{"href":"https:\/\/www.europesays.com\/fr\/wp-json\/wp\/v2\/types\/post"}],"author":[{"embeddable":true,"href":"https:\/\/www.europesays.com\/fr\/wp-json\/wp\/v2\/users\/2"}],"replies":[{"embeddable":true,"href":"https:\/\/www.europesays.com\/fr\/wp-json\/wp\/v2\/comments?post=691195"}],"version-history":[{"count":0,"href":"https:\/\/www.europesays.com\/fr\/wp-json\/wp\/v2\/posts\/691195\/revisions"}],"wp:featuredmedia":[{"embeddable":true,"href":"https:\/\/www.europesays.com\/fr\/wp-json\/wp\/v2\/media\/691196"}],"wp:attachment":[{"href":"https:\/\/www.europesays.com\/fr\/wp-json\/wp\/v2\/media?parent=691195"}],"wp:term":[{"taxonomy":"category","embeddable":true,"href":"https:\/\/www.europesays.com\/fr\/wp-json\/wp\/v2\/categories?post=691195"},{"taxonomy":"post_tag","embeddable":true,"href":"https:\/\/www.europesays.com\/fr\/wp-json\/wp\/v2\/tags?post=691195"}],"curies":[{"name":"wp","href":"https:\/\/api.w.org\/{rel}","templated":true}]}}