{"id":691252,"date":"2026-01-26T21:32:12","date_gmt":"2026-01-26T21:32:12","guid":{"rendered":"https:\/\/www.europesays.com\/fr\/691252\/"},"modified":"2026-01-26T21:32:12","modified_gmt":"2026-01-26T21:32:12","slug":"leurope-accelere-pour-leolien-offshore-en-mer-du-nord-face-a-moscou-actualites","status":"publish","type":"post","link":"https:\/\/www.europesays.com\/fr\/691252\/","title":{"rendered":"L&rsquo;Europe acc\u00e9l\u00e8re pour l\u2019\u00e9olien offshore en mer du Nord face \u00e0 Moscou : Actualit\u00e9s"},"content":{"rendered":"<p class=\"lead \">Des dirigeants europ\u00e9ens ont promis lundi \u00e0 Hambourg d&rsquo;acc\u00e9l\u00e9rer leur coop\u00e9ration pour produire de l&rsquo;\u00e9nergie \u00e9olienne en mer du Nord, afin de s\u00e9curiser l&rsquo;approvisionnement \u00e9nerg\u00e9tique du continent et d&rsquo;\u00e9carter tout retour au gaz russe. <\/p>\n<p class=\"lead \">Ce troisi\u00e8me sommet sur la coop\u00e9ration \u00e9nerg\u00e9tique et s\u00e9curitaire dans la r\u00e9gion de la mer du Nord, se tient dans un contexte diplomatique de tensions, du fait de la menace russe et des ambitions am\u00e9ricaines pour le Groenland, \u00e9galement au centre des d\u00e9bats.<\/p>\n<p class=\"lead \">Dans cette zone strat\u00e9gique, les Europ\u00e9ens veulent acc\u00e9l\u00e9rer le d\u00e9ploiement de l&rsquo;\u00e9olien en mer, un d\u00e9fi industriel colossal pour la d\u00e9carbonation du continent.<\/p>\n<p class=\"lead \">Les ministres de l&rsquo;Energie belge, danois, fran\u00e7ais, allemand, islandais, irlandais, luxembourgeois, n\u00e9erlandais et norv\u00e9gien ont sign\u00e9 lundi une d\u00e9claration commune pour cr\u00e9er \u00ab\u00a0le plus grand p\u00f4le mondial d&rsquo;\u00e9nergie propre\u00a0\u00bb.<\/p>\n<p class=\"lead \">Lors de la deuxi\u00e8me \u00e9dition de ce sommet en 2023, les pays participants \u00e9taient convenus de d\u00e9velopper en mer du Nord jusqu&rsquo;\u00e0 300 gigawatts de capacit\u00e9 \u00e9nerg\u00e9tique d&rsquo;ici \u00e0 2050, avec un objectif interm\u00e9diaire de 120 GW pour 2030, jusqu&rsquo;\u00e0 pr\u00e9sent en passe d&rsquo;\u00eatre manqu\u00e9, selon les experts du secteur.<\/p>\n<p class=\"lead \">&#8211; \u00ab\u00a0S\u00e9curit\u00e9 des approvisionnements\u00a0\u00bb &#8211;<\/p>\n<p class=\"lead \">Le nouvel accord pr\u00e9voit que l&rsquo;Allemagne, la Norv\u00e8ge, la France, le Danemark et le Royaume-Uni lancent une \u00ab\u00a0flotte sans pr\u00e9c\u00e9dent\u00a0\u00bb de projets d\u2019\u00e9olien offshore, repr\u00e9sentant une capacit\u00e9 totale de 100 GW, selon un communiqu\u00e9 s\u00e9par\u00e9 du minist\u00e8re britannique de l&rsquo;Energie qui ne pr\u00e9cise pas le calendrier.<\/p>\n<p class=\"lead \">Cette production \u00e9quivaut aux besoins \u00e9lectriques de pr\u00e8s de 100 millions de foyers.<\/p>\n<p class=\"lead \">L&rsquo;accord doit permettre la \u00ab\u00a0r\u00e9silience\u00a0\u00bb et la \u00ab\u00a0s\u00e9curit\u00e9 des approvisionnements\u00a0\u00bb de l&rsquo;Europe, a d\u00e9clar\u00e9 Katherina Reiche, minist\u00e8re allemande l&rsquo;Economie et de l&rsquo;Energie.<\/p>\n<p class=\"lead \">\u00ab\u00a0Le sommet a d\u00e9pass\u00e9 les attentes en mati\u00e8re d\u2019annonces politiques\u00a0\u00bb et industrielles, assure Nick Mabey, directeur du think-tank climatique E3G \u00e0 l&rsquo;AFP. <\/p>\n<p class=\"lead \">Mais il attend d\u00e9sormais de l&rsquo;action, car jusqu&rsquo;ici il d\u00e9plore \u00ab\u00a0une approche tr\u00e8s nationale\u00a0\u00bb en Europe sur l&rsquo;\u00e9olien offshore et une coop\u00e9ration \u00ab\u00a0qui n&rsquo;a pas lieu\u00a0\u00bb entre les minist\u00e8res de la D\u00e9fense et de l&rsquo;Energie.<\/p>\n<p class=\"lead \">L&rsquo;Allemagne et le Danemark se sont \u00e9galement mis d&rsquo;accord sur un projet baptis\u00e9 \u00ab\u00a0\u00eele \u00e9nerg\u00e9tique de Bornholm\u00a0\u00bb qui vise \u00e0 faire de l&rsquo;\u00eele de Bornholm, situ\u00e9e en mer Baltique, un centre n\u00e9vralgique pour l&rsquo;\u00e9nergie \u00e9olienne offshore.<\/p>\n<p class=\"lead \">L&rsquo;\u00e9olien a gagn\u00e9 en importance avec la d\u00e9cision des Europ\u00e9ens, \u00e0 la suite de l&rsquo;invasion de l&rsquo;Ukraine en 2022, de ne plus \u00eatre d\u00e9pendants du gaz russe, malgr\u00e9 la flamb\u00e9e des prix de l&rsquo;\u00e9nergie que cela a entra\u00een\u00e9.<\/p>\n<p class=\"lead \">\u00ab\u00a0Nous envoyons un signal tr\u00e8s clair \u00e0 la Russie: nous ne vous laisserons plus utiliser l&rsquo;\u00e9nergie contre nous\u00a0\u00bb, a d\u00e9clar\u00e9 Dan J\u00f8rgensen, commissaire europ\u00e9en \u00e0 l&rsquo;Energie. <\/p>\n<p class=\"lead \">\u00ab\u00a0Cette menace en provenance de l&rsquo;Est est toujours pr\u00e9sente. S&rsquo;y rajoute un d\u00e9fi en provenance de l&rsquo;Ouest, avec un partenaire am\u00e9ricain qui peut se montrer impr\u00e9visible\u00a0\u00bb, a d\u00e9clar\u00e9 le ministre fran\u00e7ais de l&rsquo;Economie Roland Lescure \u00e0 l&rsquo;AFP, alors que de nombreux pays, dont l&rsquo;Allemagne, s&rsquo;approvisionnent en gaz liqu\u00e9fi\u00e9 aux Etats-Unis.<\/p>\n<p class=\"lead \">&#8211; Unit\u00e9 autour du Groenland &#8211;<\/p>\n<p class=\"lead \">Les pays riverains de la mer du Nord veulent aussi offrir une meilleure visibilit\u00e9 aux industriels, alors que des op\u00e9rations de sabotage et d&rsquo;espionnage dans la r\u00e9gion ont \u00e9t\u00e9 imput\u00e9es \u00e0 la Russie.<\/p>\n<p class=\"lead \">L&rsquo;Otan \u00e9tait d&rsquo;ailleurs repr\u00e9sent\u00e9e au sommet, en pleine recrudescence des tensions autour des infrastructures \u00e9nerg\u00e9tiques en Mer du Nord comme en Mer Baltique.<\/p>\n<p class=\"lead \">\u00ab\u00a0Depuis notre cr\u00e9ation, nous investissons aussi dans la s\u00e9curit\u00e9\u00a0\u00bb mais le sujet gagne en importance, a indiqu\u00e9 \u00e0 l&rsquo;AFP Manon Van Beek, directrice g\u00e9n\u00e9rale du n\u00e9erlandais TenneT, poids lourd des r\u00e9seaux de transport \u00e9lectrique.<\/p>\n<p class=\"lead \">Elle assure \u00ab\u00a0coop\u00e9rer \u00e9troitement\u00a0\u00bb avec la police et l&rsquo;Otan.<\/p>\n<p class=\"lead \">L&rsquo;avenir du Groenland, convoit\u00e9 par Washington, n&rsquo;\u00e9tait pas officiellement \u00e0 l&rsquo;ordre du jour du sommet.<\/p>\n<p class=\"lead \">Mais le sujet \u00e9tait pr\u00e9sent, m\u00eame si \u00e0 Davos, Donald Trump a r\u00e9tract\u00e9 sa menace de s&#8217;emparer par la force du Groenland.<\/p>\n<p class=\"lead \">\u00ab\u00a0Le Danemark et la population du Groenland peuvent compter sur notre solidarit\u00e9\u00a0\u00bb, a affirm\u00e9 le chancelier allemand, Friedrich Merz. <\/p>\n<p class=\"lead \">\u00ab\u00a0L&rsquo;Europe a fait preuve de force et d&rsquo;unit\u00e9 ces derni\u00e8res semaines\u00a0\u00bb, s&rsquo;est f\u00e9licit\u00e9 la premi\u00e8re ministre danoise, Mette Frederiksen. <\/p>\n<p class=\"lead \">Et d&rsquo;ajouter: \u00ab\u00a0j&rsquo;en suis reconnaissante, mais je dois aussi dire que c&rsquo;est la seule fa\u00e7on d&rsquo;aller de l&rsquo;avant\u00a0\u00bb.<\/p>\n<p class=\"small font-weight-bold text-gray3 \"> publi\u00e9 le 26 janvier \u00e0 19h38, AFP<\/p>\n<p>                             Partager<\/p>\n","protected":false},"excerpt":{"rendered":"Des dirigeants europ\u00e9ens ont promis lundi \u00e0 Hambourg d&rsquo;acc\u00e9l\u00e9rer leur coop\u00e9ration pour produire de l&rsquo;\u00e9nergie \u00e9olienne en mer&hellip;\n","protected":false},"author":2,"featured_media":691253,"comment_status":"","ping_status":"","sticky":false,"template":"","format":"standard","meta":{"footnotes":""},"categories":[6],"tags":[21335,14427,21810,672,35,145,312,33,34,436,1011,27,843,418,146,316,132,2764,308],"class_list":{"0":"post-691252","1":"post","2":"type-post","3":"status-publish","4":"format-standard","5":"has-post-thumbnail","7":"category-economie","8":"tag-lectricit","9":"tag-nergie","10":"tag-olien","11":"tag-allemagne","12":"tag-business","13":"tag-danemark","14":"tag-diplomatie","15":"tag-economie","16":"tag-economy","17":"tag-environnement","18":"tag-fr","19":"tag-france","20":"tag-gaz","21":"tag-gouvernement","22":"tag-groenland","23":"tag-politique","24":"tag-russie","25":"tag-sommet","26":"tag-usa"},"share_on_mastodon":{"url":"https:\/\/pubeurope.com\/@fr\/115963543283742241","error":""},"_links":{"self":[{"href":"https:\/\/www.europesays.com\/fr\/wp-json\/wp\/v2\/posts\/691252","targetHints":{"allow":["GET"]}}],"collection":[{"href":"https:\/\/www.europesays.com\/fr\/wp-json\/wp\/v2\/posts"}],"about":[{"href":"https:\/\/www.europesays.com\/fr\/wp-json\/wp\/v2\/types\/post"}],"author":[{"embeddable":true,"href":"https:\/\/www.europesays.com\/fr\/wp-json\/wp\/v2\/users\/2"}],"replies":[{"embeddable":true,"href":"https:\/\/www.europesays.com\/fr\/wp-json\/wp\/v2\/comments?post=691252"}],"version-history":[{"count":0,"href":"https:\/\/www.europesays.com\/fr\/wp-json\/wp\/v2\/posts\/691252\/revisions"}],"wp:featuredmedia":[{"embeddable":true,"href":"https:\/\/www.europesays.com\/fr\/wp-json\/wp\/v2\/media\/691253"}],"wp:attachment":[{"href":"https:\/\/www.europesays.com\/fr\/wp-json\/wp\/v2\/media?parent=691252"}],"wp:term":[{"taxonomy":"category","embeddable":true,"href":"https:\/\/www.europesays.com\/fr\/wp-json\/wp\/v2\/categories?post=691252"},{"taxonomy":"post_tag","embeddable":true,"href":"https:\/\/www.europesays.com\/fr\/wp-json\/wp\/v2\/tags?post=691252"}],"curies":[{"name":"wp","href":"https:\/\/api.w.org\/{rel}","templated":true}]}}