{"id":691263,"date":"2026-01-26T21:38:39","date_gmt":"2026-01-26T21:38:39","guid":{"rendered":"https:\/\/www.europesays.com\/fr\/691263\/"},"modified":"2026-01-26T21:38:39","modified_gmt":"2026-01-26T21:38:39","slug":"buissoncourt-les-derniers-voeux-de-la-mandature-pour-patrick-henquel","status":"publish","type":"post","link":"https:\/\/www.europesays.com\/fr\/691263\/","title":{"rendered":"Buissoncourt. Les derniers v\u0153ux de la mandature pour Patrick Henquel"},"content":{"rendered":"<p>Patrick Henquel a pr\u00e9sent\u00e9 ses v\u0153ux aux forces vives de la commune, aux habitants et \u00e0 plusieurs personnalit\u00e9s. Il boucle son premier mandat et fera bient\u00f4t conna\u00eetre ses intentions quant aux prochaines \u00e9lections municipales. L\u2019\u00e9dile pr\u00f4ne, pour 2026, la prudence, le dialogue et l\u2019espoir afin que Buissoncourt reste un lieu o\u00f9 il fait bon vivre. Le maire a \u00e9voqu\u00e9 les dossiers qui marqueront les prochains mois et, notamment, la fin des travaux (stabilisation des accotements) au printemps de la route de Rom\u00e9mont.<\/p>\n","protected":false},"excerpt":{"rendered":"Patrick Henquel a pr\u00e9sent\u00e9 ses v\u0153ux aux forces vives de la commune, aux habitants et \u00e0 plusieurs personnalit\u00e9s.&hellip;\n","protected":false},"author":2,"featured_media":691264,"comment_status":"","ping_status":"","sticky":false,"template":"","format":"standard","meta":{"footnotes":""},"categories":[9635],"tags":[1111,11,78722,12080,1704,1777,674,1011,27,775,1702,12,25,104],"class_list":{"0":"post-691263","1":"post","2":"type-post","3":"status-publish","4":"format-standard","5":"has-post-thumbnail","7":"category-nancy","8":"tag-actu","9":"tag-actualites","10":"tag-buissoncourt","11":"tag-cc-de-seille-et-grand-couronne-54b","12":"tag-edition-nancy-et-agglomeration","13":"tag-eu","14":"tag-europe","15":"tag-fr","16":"tag-france","17":"tag-grand-est","18":"tag-nancy","19":"tag-news","20":"tag-republique-francaise","21":"tag-societe"},"share_on_mastodon":{"url":"https:\/\/pubeurope.com\/@fr\/115963566687588539","error":""},"_links":{"self":[{"href":"https:\/\/www.europesays.com\/fr\/wp-json\/wp\/v2\/posts\/691263","targetHints":{"allow":["GET"]}}],"collection":[{"href":"https:\/\/www.europesays.com\/fr\/wp-json\/wp\/v2\/posts"}],"about":[{"href":"https:\/\/www.europesays.com\/fr\/wp-json\/wp\/v2\/types\/post"}],"author":[{"embeddable":true,"href":"https:\/\/www.europesays.com\/fr\/wp-json\/wp\/v2\/users\/2"}],"replies":[{"embeddable":true,"href":"https:\/\/www.europesays.com\/fr\/wp-json\/wp\/v2\/comments?post=691263"}],"version-history":[{"count":0,"href":"https:\/\/www.europesays.com\/fr\/wp-json\/wp\/v2\/posts\/691263\/revisions"}],"wp:featuredmedia":[{"embeddable":true,"href":"https:\/\/www.europesays.com\/fr\/wp-json\/wp\/v2\/media\/691264"}],"wp:attachment":[{"href":"https:\/\/www.europesays.com\/fr\/wp-json\/wp\/v2\/media?parent=691263"}],"wp:term":[{"taxonomy":"category","embeddable":true,"href":"https:\/\/www.europesays.com\/fr\/wp-json\/wp\/v2\/categories?post=691263"},{"taxonomy":"post_tag","embeddable":true,"href":"https:\/\/www.europesays.com\/fr\/wp-json\/wp\/v2\/tags?post=691263"}],"curies":[{"name":"wp","href":"https:\/\/api.w.org\/{rel}","templated":true}]}}