{"id":691281,"date":"2026-01-26T21:50:15","date_gmt":"2026-01-26T21:50:15","guid":{"rendered":"https:\/\/www.europesays.com\/fr\/691281\/"},"modified":"2026-01-26T21:50:15","modified_gmt":"2026-01-26T21:50:15","slug":"la-meilleure-boulangerie-de-france-a-vannes-auray-et-rennes-ce-quil-faut-savoir","status":"publish","type":"post","link":"https:\/\/www.europesays.com\/fr\/691281\/","title":{"rendered":"\u00ab\u00a0La meilleure boulangerie de France\u00a0\u00bb \u00e0 Vannes, Auray et Rennes&#8230; ce qu\u2019il faut savoir"},"content":{"rendered":"<p>1 \u00c0 chaque jour son match<\/p>\n<p>Qui sont les candidats et les dates de leur passage t\u00e9l\u00e9\u00a0? Chaque jour, du 2 au 7 f\u00e9vrier, deux \u00e9tablissements s\u2019affrontent. Lundi 2 f\u00e9vrier, le Fournil du Golfe \u00e0 Vannes, sur la Rabine, sera face \u00e0 la Maison Bultel de Cast\u00e9ras \u00e0 Saint-Philibert. Mardi, place \u00e0 la boulangerie Daniel, de S\u00e9rent, face \u00e0 la Maison Ansquer \u00e0 Arradon. Mercredi, le duel se tiendra entre la Maison Marot de Saint-Onen-la-Chapelle (35) et la Maison Cazoulat \u00e0 Mordelles (35). Jeudi, la boulangerie Hardy de Crac\u2019h sera face au Petit prince d\u2019Auray. Et le vendredi, verra s\u2019affronter la Boulangerie du Parc de Vitr\u00e9 contre la boulangerie Hoche de Rennes.<\/p>\n<p>2 Une nouveaut\u00e9 dans les \u00e9preuves<\/p>\n<p>Chaque jour, le jury d\u00e9couvre deux boulangeries et attribue une note sur diff\u00e9rentes \u00e9preuves. La premi\u00e8re d\u2019entre elles, c\u2019est \u00ab\u00a0La premi\u00e8re impression\u00a0\u00bb. Que ressent-on en entrant dans la boulangerie\u00a0? Seconde \u00e9preuve, le produit f\u00e9tiche de la boulangerie. Le pain signature, c\u2019est-\u00e0-dire celui dont le boulanger est le plus fier et le d\u00e9fi du jury constitueront la troisi\u00e8me \u00e9preuve. Pour celle-ci, les candidats doivent int\u00e9grer un produit local, impos\u00e9 par le jury, dans une cr\u00e9ation boulang\u00e8re. Ensuite, l\u2019\u00e9preuve de l\u2019accord parfait a pour but de pr\u00e9senter une cr\u00e9ation boulang\u00e8re qui s\u2019accordera \u00e0 la perfection avec une recette sal\u00e9e cuisin\u00e9e par Michel Sarran ou Danny Khezzar, inspir\u00e9e de la gastronomie locale. Enfin, une nouveaut\u00e9 cette ann\u00e9e dans l\u2019\u00e9mission, la bo\u00eete myst\u00e8re. Les boulangers vont soulever son couvercle et d\u00e9couvrir trois ingr\u00e9dients impos\u00e9s. Leur mission\u00a0? Transformer cette surprise en une cr\u00e9ation unique et originale \u00e0 pr\u00e9senter aux jur\u00e9s.<\/p>\n<p>3 Les jur\u00e9s<\/p>\n<p>Bruno Cormerai, meilleur Ouvrier de France, est pr\u00e9sent depuis treize saisons. Il est le pilier du jury. No\u00ebmie Honiat, r\u00e9v\u00e9l\u00e9e par M6 gr\u00e2ce \u00e0 Top Chef le seconde. En font partie aussi Michel Sarran, chef \u00e9toil\u00e9 toulousain, Chiara Serpaggi et Danny Khezzar, finaliste de Top Chef saison 14.<\/p>\n<p>Pratique<\/p>\n<p class=\"note\">Sur M6 du 2 au 6 f\u00e9vrier \u00e0 18\u00a0h\u00a035.<\/p>\n","protected":false},"excerpt":{"rendered":"1 \u00c0 chaque jour son match Qui sont les candidats et les dates de leur passage t\u00e9l\u00e9\u00a0? Chaque&hellip;\n","protected":false},"author":2,"featured_media":691282,"comment_status":"","ping_status":"","sticky":false,"template":"","format":"standard","meta":{"footnotes":""},"categories":[2821],"tags":[1111,11,40177,7507,829,41446,1777,674,1011,27,3754,12,584,25,60125,252,3165],"class_list":{"0":"post-691281","1":"post","2":"type-post","3":"status-publish","4":"format-standard","5":"has-post-thumbnail","7":"category-rennes","8":"tag-actu","9":"tag-actualites","10":"tag-arradon","11":"tag-auray","12":"tag-bretagne","13":"tag-crach","14":"tag-eu","15":"tag-europe","16":"tag-fr","17":"tag-france","18":"tag-media","19":"tag-news","20":"tag-rennes","21":"tag-republique-francaise","22":"tag-saint-philibert","23":"tag-television","24":"tag-vannes"},"share_on_mastodon":{"url":"https:\/\/pubeurope.com\/@fr\/115963615087133842","error":""},"_links":{"self":[{"href":"https:\/\/www.europesays.com\/fr\/wp-json\/wp\/v2\/posts\/691281","targetHints":{"allow":["GET"]}}],"collection":[{"href":"https:\/\/www.europesays.com\/fr\/wp-json\/wp\/v2\/posts"}],"about":[{"href":"https:\/\/www.europesays.com\/fr\/wp-json\/wp\/v2\/types\/post"}],"author":[{"embeddable":true,"href":"https:\/\/www.europesays.com\/fr\/wp-json\/wp\/v2\/users\/2"}],"replies":[{"embeddable":true,"href":"https:\/\/www.europesays.com\/fr\/wp-json\/wp\/v2\/comments?post=691281"}],"version-history":[{"count":0,"href":"https:\/\/www.europesays.com\/fr\/wp-json\/wp\/v2\/posts\/691281\/revisions"}],"wp:featuredmedia":[{"embeddable":true,"href":"https:\/\/www.europesays.com\/fr\/wp-json\/wp\/v2\/media\/691282"}],"wp:attachment":[{"href":"https:\/\/www.europesays.com\/fr\/wp-json\/wp\/v2\/media?parent=691281"}],"wp:term":[{"taxonomy":"category","embeddable":true,"href":"https:\/\/www.europesays.com\/fr\/wp-json\/wp\/v2\/categories?post=691281"},{"taxonomy":"post_tag","embeddable":true,"href":"https:\/\/www.europesays.com\/fr\/wp-json\/wp\/v2\/tags?post=691281"}],"curies":[{"name":"wp","href":"https:\/\/api.w.org\/{rel}","templated":true}]}}