{"id":691283,"date":"2026-01-26T21:51:55","date_gmt":"2026-01-26T21:51:55","guid":{"rendered":"https:\/\/www.europesays.com\/fr\/691283\/"},"modified":"2026-01-26T21:51:55","modified_gmt":"2026-01-26T21:51:55","slug":"10-restos-reconfortants-pour-des-midis-differents-a-strasbourg","status":"publish","type":"post","link":"https:\/\/www.europesays.com\/fr\/691283\/","title":{"rendered":"10 restos r\u00e9confortants pour des midis \u00ab diff\u00e9rents \u00bb \u00e0 Strasbourg"},"content":{"rendered":"<p><strong>En ce moment, peu d\u2019arguments peuvent nous faire sortir de notre hibernation, \u00e0 part, peut-\u00eatre, la perspective d\u2019une belle tabl\u00e9e. Aujourd\u2019hui, on vous parle de 10 adresses qui proposent des plats du jour (ou des menus de la semaine) de tr\u00e8s belle qualit\u00e9 pour profiter d\u2019un d\u00e9jeuner qui r\u00e9gale, bien au chaud, sans trop d\u00e9penser. C\u2019est parti, sans quitter Strasbourg !\u00a0<\/strong><\/p>\n<p>\u00d430 (restaurant afro-fusion)<\/p>\n<p>C\u2019est peut-\u00eatre<strong> l\u2019une de nos adresses pr\u00e9f\u00e9r\u00e9es \u00e0 Strasbourg.<\/strong> On peut y d\u00e9guster un menu du midi de qualit\u00e9 \u00e0 la fois<strong> copieux, original, soign\u00e9, \u00e9l\u00e9gant, mais aussi bourr\u00e9 de saveurs<\/strong> (oui, \u00e7a fait beaucoup de superlatifs). \u00c0 travers <strong>une cuisine afro-fusion<\/strong>, qui met en lumi\u00e8re des parfums venus d\u2019Afrique, <strong>on d\u00e9couvre de nouveaux horizons culinaires\u2026<\/strong> Mais aussi <strong>de magnifiques sauces<\/strong>, des \u00e9pices inconnues, et<strong> des poissons ou viandes aux cuissons parfaites. <\/strong>Bref, allez-y, vous nous remercierez plus tard.<\/p>\n<p><strong>Le midi, du vendredi au samedi, le menu du jour est \u00e0 26\u20ac.<\/strong> Ce qui le place, selon nous, <strong>en t\u00eate des plats du jour ayant le meilleur rapport qualit\u00e9-prix <\/strong>\u00e0 Strasbourg.<\/p>\n<p style=\"text-align: center;\"><strong>30 rue des Juifs, \u00e0 Strasbourg<\/strong><br \/><strong><a href=\"https:\/\/o30restaurant.fr\/menu\/\" target=\"_blank\" rel=\"noopener\">Le site web<\/a><\/strong><br \/><strong><a href=\"https:\/\/www.instagram.com\/restaurant.o30\/\" target=\"_blank\" rel=\"noopener\">La page Instagram<\/a><\/strong><br \/>T\u00e9l : 03 88 30 01 33<br \/>(PS : le restaurant est en vacances jusqu\u2019au 28 janvier)<\/p>\n<p>                <a href=\"https:\/\/pokaa.fr\/2024\/02\/17\/o30-a-strasbourg-cette-pepite-afro-donne-un-bon-coup-de-fouet-a-la-gastronomie-francaise-fusion\/\" target=\"_blank\" rel=\"noopener\"><br \/>\n                    <img width=\"450\" height=\"270\" src=\"https:\/\/www.europesays.com\/fr\/wp-content\/uploads\/2025\/11\/img-6745-450x270.jpg\" class=\"attachment-card-horizontal--same-subject size-card-horizontal--same-subject wp-post-image\" alt=\"\u00d4 30 restaurant\" decoding=\"async\" loading=\"lazy\"\/>                <\/a><\/p>\n<p>                <img width=\"375\" height=\"500\" src=\"https:\/\/www.europesays.com\/fr\/wp-content\/uploads\/2026\/01\/o30-vivien-7-375x500.jpeg\" class=\"attachment-gallery size-gallery\" alt=\"Restaurant O30\" data-full-url=\"https:\/\/pokaa.fr\/wp-content\/uploads\/2026\/01\/22\/o30-vivien-7.jpeg\" decoding=\"async\" loading=\"lazy\"  \/>            <\/p>\n<p>                <img width=\"375\" height=\"500\" src=\"https:\/\/www.europesays.com\/fr\/wp-content\/uploads\/2026\/01\/o30-vivien-8-375x500.jpeg\" class=\"attachment-gallery size-gallery\" alt=\"Restaurant O30\" data-full-url=\"https:\/\/pokaa.fr\/wp-content\/uploads\/2026\/01\/22\/o30-vivien-8.jpeg\" decoding=\"async\" loading=\"lazy\"  \/>            <\/p>\n<p>                <img width=\"375\" height=\"500\" src=\"https:\/\/www.europesays.com\/fr\/wp-content\/uploads\/2026\/01\/o30-vivien-4-2-2-375x500.jpeg\" class=\"attachment-gallery size-gallery\" alt=\"Restaurant O30\" data-full-url=\"https:\/\/pokaa.fr\/wp-content\/uploads\/2026\/01\/22\/o30-vivien-4-2-2.jpeg\" decoding=\"async\" loading=\"lazy\"  \/>            <\/p>\n<p>                <img width=\"375\" height=\"500\" src=\"https:\/\/www.europesays.com\/fr\/wp-content\/uploads\/2026\/01\/o30-vivien-9-375x500.jpeg\" class=\"attachment-gallery size-gallery\" alt=\"Restaurant O30\" data-full-url=\"https:\/\/pokaa.fr\/wp-content\/uploads\/2026\/01\/22\/o30-vivien-9.jpeg\" decoding=\"async\" loading=\"lazy\"  \/>            <\/p>\n<p>                <img width=\"667\" height=\"500\" src=\"https:\/\/www.europesays.com\/fr\/wp-content\/uploads\/2026\/01\/o30-v-ivien-667x500.jpeg\" class=\"attachment-gallery size-gallery\" alt=\"Restaurant O30\" data-full-url=\"https:\/\/pokaa.fr\/wp-content\/uploads\/2026\/01\/22\/o30-v-ivien.jpeg\" decoding=\"async\" loading=\"lazy\"  \/>            <\/p>\n<p>                    \u00a9 Vivien Latuner \/ Pokaa<\/p>\n<p>Le Banquet des Sophistes (cuisine fran\u00e7aise \/ bistronomie)<\/p>\n<p><strong>Faut-il encore pr\u00e9senter<\/strong> le Banquet des Sophistes ? Adresse<strong> incontournable du monde du bien-manger<\/strong> et de la bistronomie \u00e0 Strasbourg, c\u2019est<strong> une table \u00e0 la fois rassurante et cr\u00e9ative<\/strong> qui ne d\u00e9\u00e7oit jamais. De la cr\u00e9ativit\u00e9 sans trop en faire, <strong>de beaux produits toujours travaill\u00e9s<\/strong> avec un petit quelque chose en plus qui fait mouche,<strong> c\u2019est une adresse qui fait les choses bien, <\/strong>tr\u00e8s bien m\u00eame.<\/p>\n<p>Le midi,<strong> le menu de la semaine <\/strong>(du lundi au vendredi)<strong> est aussi l\u2019un des plus r\u00e9put\u00e9s de la ville<\/strong>, et on comprend pourquoi. <strong>Comptez 27\u20ac pour le combo entr\u00e9e, plat et dessert<\/strong>.<\/p>\n<p style=\"text-align: center;\"><strong>5 rue d\u2019Austerlitz, \u00e0 Strasbourg<\/strong><br \/><strong><a href=\"https:\/\/www.google.com\/url?sa=t&amp;source=web&amp;rct=j&amp;opi=89978449&amp;url=https:\/\/le-banquet.com\/&amp;ved=2ahUKEwixsaHFv5-SAxV1gf0HHS0OH3IQFnoECFUQAQ&amp;usg=AOvVaw0cYcz_dqFeJeekAcOn1khO\" target=\"_blank\" rel=\"noopener\">Le site web<\/a><\/strong><br \/><strong><a href=\"https:\/\/www.google.com\/url?sa=t&amp;source=web&amp;rct=j&amp;opi=89978449&amp;url=https:\/\/www.instagram.com\/lebanquetdessophistes\/%3Fhl%3Dfr&amp;ved=2ahUKEwixsaHFv5-SAxV1gf0HHS0OH3IQFnoECFcQAQ&amp;usg=AOvVaw1USus20y7k6liMec2bjCsG\" target=\"_blank\" rel=\"noopener\">La page Instagram<\/a><\/strong><br \/>T\u00e9l : 03 88 68 59 67<\/p>\n<p>                <img width=\"527\" height=\"500\" src=\"https:\/\/www.europesays.com\/fr\/wp-content\/uploads\/2026\/01\/le-banquet-des-sophistesimg-3590-2-527x500.jpeg\" class=\"attachment-gallery size-gallery\" alt=\"LE banquet des sophistesIMG_3590 2\" data-full-url=\"https:\/\/pokaa.fr\/wp-content\/uploads\/2026\/01\/22\/le-banquet-des-sophistesimg-3590-2.jpeg\" decoding=\"async\" loading=\"lazy\"  \/>            <\/p>\n<p>                <img width=\"517\" height=\"500\" src=\"https:\/\/www.europesays.com\/fr\/wp-content\/uploads\/2026\/01\/le-banquet-des-sophistesimg-3589-2-517x500.jpeg\" class=\"attachment-gallery size-gallery\" alt=\"LE banquet des sophistesIMG_3589 2\" data-full-url=\"https:\/\/pokaa.fr\/wp-content\/uploads\/2026\/01\/22\/le-banquet-des-sophistesimg-3589-2.jpeg\" decoding=\"async\" loading=\"lazy\"  \/>            <\/p>\n<p>                <img width=\"515\" height=\"500\" src=\"https:\/\/www.europesays.com\/fr\/wp-content\/uploads\/2026\/01\/le-banquet-des-sophistesimg-3588-2-515x500.jpeg\" class=\"attachment-gallery size-gallery\" alt=\"LE banquet des sophistesIMG_3588 2\" data-full-url=\"https:\/\/pokaa.fr\/wp-content\/uploads\/2026\/01\/22\/le-banquet-des-sophistesimg-3588-2.jpeg\" decoding=\"async\" loading=\"lazy\"  \/>            <\/p>\n<p>                <img width=\"510\" height=\"500\" src=\"https:\/\/www.europesays.com\/fr\/wp-content\/uploads\/2026\/01\/le-banquet-des-sophistesimg-3587-2-510x500.jpeg\" class=\"attachment-gallery size-gallery\" alt=\"LE banquet des sophistesIMG_3587 2\" data-full-url=\"https:\/\/pokaa.fr\/wp-content\/uploads\/2026\/01\/22\/le-banquet-des-sophistesimg-3587-2.jpeg\" decoding=\"async\" loading=\"lazy\"  \/>            <\/p>\n<p>                <img width=\"358\" height=\"500\" src=\"https:\/\/www.europesays.com\/fr\/wp-content\/uploads\/2026\/01\/le-banquet-des-sophistesimg-3586-2-358x500.jpeg\" class=\"attachment-gallery size-gallery\" alt=\"LE banquet des sophistesIMG_3586 2\" data-full-url=\"https:\/\/pokaa.fr\/wp-content\/uploads\/2026\/01\/22\/le-banquet-des-sophistesimg-3586-2.jpeg\" decoding=\"async\" loading=\"lazy\"  \/>            <\/p>\n<p>                <img width=\"561\" height=\"500\" src=\"https:\/\/www.europesays.com\/fr\/wp-content\/uploads\/2026\/01\/le-banquet-des-sophistesimg-3584-561x500.jpeg\" class=\"attachment-gallery size-gallery\" alt=\"LE banquet des sophistesIMG_3584\" data-full-url=\"https:\/\/pokaa.fr\/wp-content\/uploads\/2026\/01\/22\/le-banquet-des-sophistesimg-3584.jpeg\" decoding=\"async\" loading=\"lazy\"  \/>            <\/p>\n<p>                    \u00a9 Le Banquet des Sophistes \/ Captures d&rsquo;\u00e9cran<\/p>\n<p>Bande \u00e0 Part (cuisine fran\u00e7aise \/ cuisines du monde)<\/p>\n<p>Bande \u00e0 Part, c\u2019est un restaurant discret <strong>qui a pourtant pas mal d\u2019arguments pour convaincre<\/strong>. Sur la carte, on y d\u00e9couvre une cuisine aux plusieurs influences<strong> entre Italie, Asie et cuisine fran\u00e7aise, et l\u2019Alsace<\/strong> fait souvent irruption sans trop brouiller les pistes (et heureusement).<\/p>\n<p>Du lundi au vendredi midi, les habitu\u00e9(e)s et les gens du quartier viennent tailler <strong>dans un menu du midi plut\u00f4t bien fait qui varie \u00e9videmment d\u2019un jour \u00e0 l\u2019autre<\/strong>. Filet de poulet \u00e0 la cr\u00e8me de s\u00e9same grill\u00e9, pav\u00e9 de rumsteck \u00e0 la sauce marchand de vin, pav\u00e9 de truite au risotto verde et \u00e0 la cr\u00e8me d\u2019aneth\u2026 Ces exemples des jours pass\u00e9s sont autant de belles promesses en perspective. <strong>Le combo entr\u00e9e, plat et dessert est \u00e0 22,50\u20ac.<\/strong><\/p>\n<p style=\"text-align: center;\"><strong>4 rue Pierre-Bucher, \u00e0 Strasbourg\u00a0<\/strong><br \/><strong><a href=\"https:\/\/www.google.com\/url?sa=t&amp;source=web&amp;rct=j&amp;opi=89978449&amp;url=https:\/\/bande-a-part-restaurant.fr\/&amp;ved=2ahUKEwjsnK6lwJ-SAxXzgv0HHUisLSAQFnoECEkQAQ&amp;usg=AOvVaw3-_vF1UuuveM_AEj-I_8Jq\" target=\"_blank\" rel=\"noopener\">Le site web<\/a><\/strong><br \/><strong><a href=\"https:\/\/www.google.com\/url?sa=t&amp;source=web&amp;rct=j&amp;opi=89978449&amp;url=https:\/\/www.instagram.com\/bandeapart_restaurant\/&amp;ved=2ahUKEwjsnK6lwJ-SAxXzgv0HHUisLSAQFnoECHkQAQ&amp;usg=AOvVaw2lF3MCMurJ_mgfJYHRBE5i\" target=\"_blank\" rel=\"noopener\">La page Instagram<\/a><br \/><\/strong>T\u00e9l : 03 88 52 01 16<\/p>\n<p>                <a href=\"https:\/\/pokaa.fr\/2024\/09\/18\/bande-a-part-un-nouveau-resto-prometteur-sinstalle-dans-une-rue-discrete-de-strasbourg\/\" target=\"_blank\" rel=\"noopener\"><br \/>\n                    <img width=\"450\" height=\"270\" src=\"https:\/\/www.europesays.com\/fr\/wp-content\/uploads\/2026\/01\/bande-a-part-450x270.png\" class=\"attachment-card-horizontal--same-subject size-card-horizontal--same-subject wp-post-image\" alt=\"\" decoding=\"async\" loading=\"lazy\"\/>                <\/a><\/p>\n<p>                <img width=\"375\" height=\"500\" src=\"https:\/\/www.europesays.com\/fr\/wp-content\/uploads\/2026\/01\/image00039-375x500.jpeg\" class=\"attachment-gallery size-gallery\" alt=\"Bande \u00e0 Part restaurant terrasse\" data-full-url=\"https:\/\/pokaa.fr\/wp-content\/uploads\/2024\/09\/16\/image00039.jpeg\" decoding=\"async\" loading=\"lazy\"  \/>            <\/p>\n<p>                <img width=\"375\" height=\"500\" src=\"https:\/\/www.europesays.com\/fr\/wp-content\/uploads\/2026\/01\/1769464282_857_image00018-375x500.jpeg\" class=\"attachment-gallery size-gallery\" alt=\"Bande \u00e0 Part restaurant terrasse\" data-full-url=\"https:\/\/pokaa.fr\/wp-content\/uploads\/2024\/09\/16\/image00018.jpeg\" decoding=\"async\" loading=\"lazy\"  \/>            <\/p>\n<p>                <img width=\"375\" height=\"500\" src=\"https:\/\/www.europesays.com\/fr\/wp-content\/uploads\/2026\/01\/image00010-375x500.jpeg\" class=\"attachment-gallery size-gallery\" alt=\"Bande \u00e0 Part restaurant terrasse\" data-full-url=\"https:\/\/pokaa.fr\/wp-content\/uploads\/2024\/09\/16\/image00010.jpeg\" decoding=\"async\" loading=\"lazy\"  \/>            <\/p>\n<p>                <img width=\"375\" height=\"500\" src=\"https:\/\/www.europesays.com\/fr\/wp-content\/uploads\/2026\/01\/1769464283_779_image00013-375x500.jpeg\" class=\"attachment-gallery size-gallery\" alt=\"Bande \u00e0 Part restaurant terrasse\" data-full-url=\"https:\/\/pokaa.fr\/wp-content\/uploads\/2024\/09\/16\/image00013.jpeg\" decoding=\"async\" loading=\"lazy\"  \/>            <\/p>\n<p>                <img width=\"375\" height=\"500\" src=\"https:\/\/www.europesays.com\/fr\/wp-content\/uploads\/2026\/01\/image00025-375x500.jpeg\" class=\"attachment-gallery size-gallery\" alt=\"Bande \u00e0 Part restaurant terrasse\" data-full-url=\"https:\/\/pokaa.fr\/wp-content\/uploads\/2024\/09\/16\/image00025.jpeg\" decoding=\"async\" loading=\"lazy\"  \/>            <\/p>\n<p>                <img width=\"375\" height=\"500\" src=\"https:\/\/www.europesays.com\/fr\/wp-content\/uploads\/2026\/01\/1769464284_930_image00012-375x500.jpeg\" class=\"attachment-gallery size-gallery\" alt=\"Bande \u00e0 Part restaurant terrasse\" data-full-url=\"https:\/\/pokaa.fr\/wp-content\/uploads\/2024\/09\/16\/image00012.jpeg\" decoding=\"async\" loading=\"lazy\"  \/>            <\/p>\n<p>                    \u00a9 Bastien Pietronave \/ Pokaa<\/p>\n<p>La Fignette (restaurant traditionnel alsacien)<\/p>\n<p>C\u2019est une adresse <strong>bien connue des fans de tradition alsacienne<\/strong>, de digestifs, et de nappes \u00e0 moiti\u00e9 d\u00e9truites en fin de repas. \u00c0 la Fignette,<strong> l\u2019un des derniers restos strasbourgeois \u00e0 poss\u00e9der un four \u00e0 bois<\/strong>, on s\u2019envoie des cordons-bleus \u00e0 la sauce munster, des tartes flamb\u00e9es, de la choucroute et des spaetzles, mais ce n\u2019est \u00e9videmment pas tout.<\/p>\n<p><strong>Le midi, le menu du \u00ab chour \u00bb<\/strong> (jour avec l\u2019accent alsacien) est <strong>aussi bien pris\u00e9 par les touristes que par les gens du quartier<\/strong> qui viennent bien manger pour un prix qui d\u00e9fie toute concurrence (du lundi au vendredi). Comptez <strong>4\u20ac <\/strong><strong>pour l\u2019entr\u00e9e, 9,50\u20ac pour le plat et 4\u20ac pour le dessert,<\/strong>\u00a0pas mal non ?<\/p>\n<p style=\"text-align: center;\"><strong>5 rue de la Vignette, \u00e0 Strasbourg<\/strong><br \/><strong><a href=\"https:\/\/www.google.com\/url?sa=t&amp;source=web&amp;rct=j&amp;opi=89978449&amp;url=https:\/\/lafignette.com\/&amp;ved=2ahUKEwjWrrf9wJ-SAxUYhf0HHXEaJssQFnoECEYQAQ&amp;usg=AOvVaw3LZPVSuXwQYpXIPKS_NIzu\" target=\"_blank\" rel=\"noopener\">Le site web<\/a><br \/><a href=\"https:\/\/www.facebook.com\/lafignette\/?locale=fr_FR\" target=\"_blank\" rel=\"noopener\">La page Facebook<\/a><\/strong><br \/>T\u00e9l : 03 88 32 91 82<\/p>\n<p>                <img width=\"400\" height=\"500\" src=\"https:\/\/www.europesays.com\/fr\/wp-content\/uploads\/2026\/01\/la-fignetteimg-3704-400x500.jpeg\" class=\"attachment-gallery size-gallery\" alt=\"La fignetteIMG_3704\" data-full-url=\"https:\/\/pokaa.fr\/wp-content\/uploads\/2026\/01\/22\/la-fignetteimg-3704.jpeg\" decoding=\"async\" loading=\"lazy\"  \/>            <\/p>\n<p>                <img width=\"403\" height=\"500\" src=\"https:\/\/www.europesays.com\/fr\/wp-content\/uploads\/2026\/01\/la-fignetteimg-3703-403x500.jpeg\" class=\"attachment-gallery size-gallery\" alt=\"La fignetteIMG_3703\" data-full-url=\"https:\/\/pokaa.fr\/wp-content\/uploads\/2026\/01\/22\/la-fignetteimg-3703.jpeg\" decoding=\"async\" loading=\"lazy\"  \/>            <\/p>\n<p>                <img width=\"896\" height=\"500\" src=\"https:\/\/www.europesays.com\/fr\/wp-content\/uploads\/2026\/01\/la-fignetteimg-3702-896x500.jpeg\" class=\"attachment-gallery size-gallery\" alt=\"La fignetteIMG_3702\" data-full-url=\"https:\/\/pokaa.fr\/wp-content\/uploads\/2026\/01\/22\/la-fignetteimg-3702.jpeg\" decoding=\"async\" loading=\"lazy\"  \/>            <\/p>\n<p>                    \u00a9 La Fignette \/ Captures d&rsquo;\u00e9cran<\/p>\n<p>Kitsch&rsquo;n Bar (bar et bistrot de potes)<\/p>\n<p><strong>Tout le monde connait le Kitsch, non ?<\/strong> Dans un bric-\u00e0-brac ordonn\u00e9, tenu par une \u00e9quipe toujours aux petits oignons qui nous re\u00e7oit comme \u00e0 la maison, on se sent \u00e0 l\u2019aise pour boire une bi\u00e8re ou deux,<strong> mais aussi pour s\u2019envoyer des plats faits maison.<\/strong> Pr\u00e9par\u00e9s chaque jour, on taille le bout gras avec des produits frais, de saison<strong>, pr\u00e9par\u00e9s sans chichis et \u00e0 des prix tr\u00e8s accessibles<\/strong>. Les v\u00e9g\u00e9tarien(ne)s trouvent leur compte, les frites sont divines, les plats jamais d\u00e9cevants, <strong>on aime toujours autant le Kitsch pour un millier de raisons. <\/strong><\/p>\n<p>Du lundi au vendredi midi,<strong> on trouve des plats du jour \u00e0 partir de 9\u20ac<\/strong> et une ribambelle de suggestions au tr\u00e8s bon rapport qualit\u00e9-prix.<\/p>\n<p style=\"text-align: center;\"><strong>8 quai Charles-Altorffer, \u00e0 Strasbourg<\/strong><br \/><strong><a href=\"https:\/\/www.google.com\/url?sa=t&amp;source=web&amp;rct=j&amp;opi=89978449&amp;url=https:\/\/www.facebook.com\/p\/Kitschn-Bar-100063478032590\/%3Flocale%3Dfr_FR&amp;ved=2ahUKEwipqPS3wZ-SAxVQ_7sIHaTGMs4QFnoECFYQAQ&amp;usg=AOvVaw3sgnXc7L1rMaWqgMoiOMCE\" target=\"_blank\" rel=\"noopener\">La page Facebook<\/a><br \/><\/strong>T\u00e9l : 03 88 36 31 20<\/p>\n<p>                <img width=\"875\" height=\"500\" src=\"https:\/\/www.europesays.com\/fr\/wp-content\/uploads\/2026\/01\/2-875x500.png\" class=\"attachment-gallery size-gallery\" alt=\"Kitsch\u2019n Bar\" data-full-url=\"https:\/\/pokaa.fr\/wp-content\/uploads\/2025\/02\/11\/2-1500x857.png\" decoding=\"async\" loading=\"lazy\"  \/>            <\/p>\n<p>                <img width=\"375\" height=\"500\" src=\"https:\/\/www.europesays.com\/fr\/wp-content\/uploads\/2025\/12\/img-3135-375x500.png\" class=\"attachment-gallery size-gallery\" alt=\"frite kitsch\" data-full-url=\"https:\/\/pokaa.fr\/wp-content\/uploads\/2025\/12\/22\/img-3135.png\" decoding=\"async\" loading=\"lazy\"  \/>            <\/p>\n<p>                <img width=\"386\" height=\"500\" src=\"https:\/\/www.europesays.com\/fr\/wp-content\/uploads\/2025\/12\/img-9783-386x500.jpg\" class=\"attachment-gallery size-gallery\" alt=\"Kitsch\u2019n Bar\" data-full-url=\"https:\/\/pokaa.fr\/wp-content\/uploads\/2025\/02\/11\/img-9783.jpg\" decoding=\"async\" loading=\"lazy\"  \/>            <\/p>\n<p>                <img width=\"682\" height=\"500\" src=\"https:\/\/www.europesays.com\/fr\/wp-content\/uploads\/2025\/12\/img-9790-682x500.jpg\" class=\"attachment-gallery size-gallery\" alt=\"Kitsch\u2019n Bar\" data-full-url=\"https:\/\/pokaa.fr\/wp-content\/uploads\/2025\/02\/11\/img-9790.jpg\" decoding=\"async\" loading=\"lazy\"  \/>            <\/p>\n<p>                <img width=\"383\" height=\"500\" src=\"https:\/\/www.europesays.com\/fr\/wp-content\/uploads\/2026\/01\/img-9784-1-383x500.jpg\" class=\"attachment-gallery size-gallery\" alt=\"Kitsch\u2019n Bar\" data-full-url=\"https:\/\/pokaa.fr\/wp-content\/uploads\/2025\/02\/11\/img-9784-1.jpg\" decoding=\"async\" loading=\"lazy\"  \/>            <\/p>\n<p>                    \u00a9 Coraline Lafon \/ Pokaa<\/p>\n<p>L&rsquo;Orchidea (sp\u00e9cialit\u00e9 poissons, Asie et Am\u00e9rique latine)<\/p>\n<p>Voici encore une adresse <strong>\u00e0 d\u00e9couvrir absolument<\/strong>, et elle s\u2019appelle L\u2019Orchidea. <strong>Sp\u00e9cialis\u00e9 dans le poisson<\/strong>, sous toutes ses formes et toutes ses cuissons, le restaurant nous fait sortir de nos habitudes en proposant \u00e0 la fois <strong>des produits tr\u00e8s frais et des associations de saveurs originales<\/strong> entre Asie et Am\u00e9rique latine.<\/p>\n<p>Le midi, du mardi au vendredi, <strong>un joli menu de la semaine est propos\u00e9 pour 24,50\u20ac <\/strong>avec entr\u00e9e, plat et dessert \u00e0 la cl\u00e9. Ceviche de saumon au leche de tigre, dos de lieu avec espuma au safran\u2026 <strong>Le voyage est toujours total.<\/strong><\/p>\n<p style=\"text-align: center;\"><strong>6 rue du Faubourg-de-Pierre, \u00e0 Strasbourg<\/strong><br \/><a href=\"https:\/\/www.lorchidea.fr\/\" target=\"_blank\" rel=\"noopener\"><strong>Le site web<\/strong><\/a><br \/><a href=\"https:\/\/www.google.com\/url?sa=t&amp;source=web&amp;rct=j&amp;opi=89978449&amp;url=https:\/\/www.instagram.com\/restaurant.lorchidea\/&amp;ved=2ahUKEwj214PIxZ-SAxXthP0HHVUaN-AQFnoECFMQAQ&amp;usg=AOvVaw3p2pYJnXqjlLPmZ4K4smrK\" target=\"_blank\" rel=\"noopener\"><strong>La page Instagram<\/strong><\/a><br \/>T\u00e9l : 03 69 61 48 17<\/p>\n<p>                <a href=\"https:\/\/pokaa.fr\/2023\/07\/24\/lorchidea-le-nouveau-resto-strasbourgeois-qui-fait-la-part-belle-aux-produits-de-la-mer\/\" target=\"_blank\" rel=\"noopener\"><br \/>\n                    <img width=\"450\" height=\"270\" src=\"https:\/\/www.europesays.com\/fr\/wp-content\/uploads\/2026\/01\/image00006-8-450x270.jpeg\" class=\"attachment-card-horizontal--same-subject size-card-horizontal--same-subject wp-post-image\" alt=\"\" decoding=\"async\" loading=\"lazy\"\/>                <\/a><\/p>\n<p>                <img width=\"667\" height=\"500\" src=\"https:\/\/www.europesays.com\/fr\/wp-content\/uploads\/2026\/01\/orchideaimg-3714-667x500.jpeg\" class=\"attachment-gallery size-gallery\" alt=\"Orchid\u00e9aIMG_3714\" data-full-url=\"https:\/\/pokaa.fr\/wp-content\/uploads\/2026\/01\/22\/orchideaimg-3714.jpeg\" decoding=\"async\" loading=\"lazy\"  \/>            <\/p>\n<p>                <img width=\"375\" height=\"500\" src=\"https:\/\/www.europesays.com\/fr\/wp-content\/uploads\/2026\/01\/orchideaimg-3713-2-375x500.jpeg\" class=\"attachment-gallery size-gallery\" alt=\"Orchid\u00e9aIMG_3713 2\" data-full-url=\"https:\/\/pokaa.fr\/wp-content\/uploads\/2026\/01\/22\/orchideaimg-3713-2.jpeg\" decoding=\"async\" loading=\"lazy\"  \/>            <\/p>\n<p>                <img width=\"375\" height=\"500\" src=\"https:\/\/www.europesays.com\/fr\/wp-content\/uploads\/2026\/01\/orchideaimg-3709-375x500.jpeg\" class=\"attachment-gallery size-gallery\" alt=\"Orchid\u00e9aIMG_3709\" data-full-url=\"https:\/\/pokaa.fr\/wp-content\/uploads\/2026\/01\/22\/orchideaimg-3709.jpeg\" decoding=\"async\" loading=\"lazy\"  \/>            <\/p>\n<p>                <img width=\"375\" height=\"500\" src=\"https:\/\/www.europesays.com\/fr\/wp-content\/uploads\/2026\/01\/orchideaimg-3708-375x500.jpeg\" class=\"attachment-gallery size-gallery\" alt=\"Orchid\u00e9aIMG_3708\" data-full-url=\"https:\/\/pokaa.fr\/wp-content\/uploads\/2026\/01\/22\/orchideaimg-3708.jpeg\" decoding=\"async\" loading=\"lazy\"  \/>            <\/p>\n<p>                <img width=\"375\" height=\"500\" src=\"https:\/\/www.europesays.com\/fr\/wp-content\/uploads\/2026\/01\/orchideaimg-3710-375x500.jpeg\" class=\"attachment-gallery size-gallery\" alt=\"Orchid\u00e9aIMG_3710\" data-full-url=\"https:\/\/pokaa.fr\/wp-content\/uploads\/2026\/01\/22\/orchideaimg-3710.jpeg\" decoding=\"async\" loading=\"lazy\"  \/>            <\/p>\n<p>                    \u00a9 Bastien Pietronave \/ Pokaa<\/p>\n<p>Les Funambules (restaurant fran\u00e7ais inspir\u00e9)<\/p>\n<p><strong>Restaurant \u00e9toil\u00e9 de renom<\/strong>, tenu par un chef aussi passionn\u00e9 que cr\u00e9atif, Les Funambules est <strong>peut-\u00eatre l\u2019une des plus belles tables de Strasbourg<\/strong>. \u00c9l\u00e9gant sans en faire trop,<strong> cosy et chaleureux sans tomber dans le clich\u00e9<\/strong>, c\u2019est une adresse qui surprend \u00e0 chaque fois, et <strong>qui nous d\u00e9connecte du monde ext\u00e9rieur le temps d\u2019un repas<\/strong>. Des assiettes au visuel l\u00e9ch\u00e9, des cuissons au degr\u00e9 pr\u00e8s, <strong>des associations inattendues et une ma\u00eetrise parfaite de la gourmandise<\/strong>, on est tout simplement fan.<\/p>\n<p>Et si on vous parle des Funambules aujourd\u2019hui, c\u2019est parce que<strong> le menu du midi (du lundi au vendredi) est l\u2019un des moins chers de France pour un \u00e9toil\u00e9.<\/strong> <strong>Le complet (entr\u00e9e, plat et dessert) est \u00e0 45\u20ac !<\/strong><\/p>\n<p style=\"text-align: center;\"><strong>17 rue Geiler, \u00e0 Strasbourg<\/strong><br \/><strong><a href=\"https:\/\/www.restaurantlesfunambules.com\" target=\"_blank\" rel=\"noopener\">Le site web<\/a><\/strong><br \/><strong><a href=\"https:\/\/www.facebook.com\/restaurantlesfunambules\/?locale=fr_FR\" target=\"_blank\" rel=\"noopener\">La page Facebook<\/a><br \/><\/strong>T\u00e9l : 03 88 61 65 41<\/p>\n<p>                <img width=\"333\" height=\"500\" src=\"https:\/\/www.europesays.com\/fr\/wp-content\/uploads\/2026\/01\/recette-de-chefs-les-funambules-43.jpeg\" class=\"attachment-gallery size-gallery\" alt=\"Recette de chefs les funambules (43)\" data-full-url=\"https:\/\/www.europesays.com\/fr\/wp-content\/uploads\/2026\/01\/recette-de-chefs-les-funambules-43.jpeg\" decoding=\"async\" loading=\"lazy\"  \/>            <\/p>\n<p>                <img width=\"667\" height=\"500\" src=\"https:\/\/www.europesays.com\/fr\/wp-content\/uploads\/2026\/01\/recette-de-chefs-les-funambules-36.jpeg\" class=\"attachment-gallery size-gallery\" alt=\"Recette de chefs les funambules (36)\" data-full-url=\"https:\/\/www.europesays.com\/fr\/wp-content\/uploads\/2026\/01\/recette-de-chefs-les-funambules-36.jpeg\" decoding=\"async\" loading=\"lazy\"  \/>            <\/p>\n<p>                <img width=\"333\" height=\"500\" src=\"https:\/\/www.europesays.com\/fr\/wp-content\/uploads\/2026\/01\/recette-de-chefs-les-funambules-38.jpeg\" class=\"attachment-gallery size-gallery\" alt=\"Recette de chefs les funambules (38)\" data-full-url=\"https:\/\/www.europesays.com\/fr\/wp-content\/uploads\/2026\/01\/recette-de-chefs-les-funambules-38.jpeg\" decoding=\"async\" loading=\"lazy\"  \/>            <\/p>\n<p>                <img width=\"333\" height=\"500\" src=\"https:\/\/www.europesays.com\/fr\/wp-content\/uploads\/2026\/01\/recette-de-chefs-les-funambules-39.jpeg\" class=\"attachment-gallery size-gallery\" alt=\"Recette de chefs les funambules (39)\" data-full-url=\"https:\/\/www.europesays.com\/fr\/wp-content\/uploads\/2026\/01\/recette-de-chefs-les-funambules-39.jpeg\" decoding=\"async\" loading=\"lazy\"  \/>            <\/p>\n<p>                <img width=\"333\" height=\"500\" src=\"https:\/\/www.europesays.com\/fr\/wp-content\/uploads\/2026\/01\/recette-de-chefs-les-funambules-40.jpeg\" class=\"attachment-gallery size-gallery\" alt=\"Recette de chefs les funambules (40)\" data-full-url=\"https:\/\/www.europesays.com\/fr\/wp-content\/uploads\/2026\/01\/recette-de-chefs-les-funambules-40.jpeg\" decoding=\"async\" loading=\"lazy\"  \/>            <\/p>\n<p>                    1. \u00e0 5. \u00a9 Les Funambules \/ Documents remis ; 2. \u00a9 Bastien Pietronave \/ Pokaa<\/p>\n<p>The Drunky Stork Social Club (restaurant fran\u00e7ais)<\/p>\n<p>The Drunky Stork Social Club, c\u2019est <strong>l\u2019une des belles adresses du tr\u00e8s cr\u00e9atif groupe Diabolo Poivre<\/strong> \u00e0 Strasbourg. En plus d\u2019un d\u00e9cor grandiose, sublim\u00e9<strong> par un bar central impressionnant et par des balcons<\/strong> qui lui donnent de la hauteur. <strong>On y mange une cuisine \u00e9clectique inspir\u00e9e du monde entier.<\/strong><\/p>\n<p>Le midi, <strong>le menu de la semaine (entr\u00e9e + plat + dessert) \u00e0 27 \u20ac <\/strong>est lui aussi tr\u00e8s pris\u00e9 (du lundi au vendredi). En plus, les entr\u00e9es au bar \u00e0 soupes sont \u00e0 volont\u00e9.<strong> Pas mal non ?<\/strong><\/p>\n<p style=\"text-align: center;\"><strong>24 rue du Vieux-March\u00e9-aux-Vins, \u00e0 Strasbourg<\/strong><br \/><strong><a href=\"https:\/\/www.google.com\/url?sa=t&amp;source=web&amp;rct=j&amp;opi=89978449&amp;url=https:\/\/www.thedrunkystorksocialclub.com\/&amp;ved=2ahUKEwj1l-K7xJ-SAxWCgf0HHYnxF6AQFnoECBIQAQ&amp;usg=AOvVaw1PxZu2QnSrg5KidCIjOnpw\" target=\"_blank\" rel=\"noopener\">Le site web<\/a><\/strong><br \/><strong><a href=\"https:\/\/www.google.com\/url?sa=t&amp;source=web&amp;rct=j&amp;opi=89978449&amp;url=https:\/\/www.instagram.com\/thedrunkystorksocialclub\/%3Fhl%3Dfr&amp;ved=2ahUKEwj1l-K7xJ-SAxWCgf0HHYnxF6AQFnoECBUQAQ&amp;usg=AOvVaw03I4v4VowshDO6Xt3xd1p3\" target=\"_blank\" rel=\"noopener\">La page Instagram<\/a><br \/><\/strong>T\u00e9l : 03 67 68 60 60<strong><br \/><\/strong><\/p>\n<p>                <img width=\"409\" height=\"500\" src=\"https:\/\/www.europesays.com\/fr\/wp-content\/uploads\/2026\/01\/storkimg-3701-2-409x500.jpeg\" class=\"attachment-gallery size-gallery\" alt=\"Stork restaurant The Drunky Stork Social Club\" data-full-url=\"https:\/\/pokaa.fr\/wp-content\/uploads\/2026\/01\/22\/storkimg-3701-2.jpeg\" decoding=\"async\" loading=\"lazy\"  \/>            <\/p>\n<p>                <img width=\"401\" height=\"500\" src=\"https:\/\/www.europesays.com\/fr\/wp-content\/uploads\/2026\/01\/storkimg-3700-401x500.jpeg\" class=\"attachment-gallery size-gallery\" alt=\"Stork restaurant The Drunky Stork Social Club\" data-full-url=\"https:\/\/pokaa.fr\/wp-content\/uploads\/2026\/01\/22\/storkimg-3700.jpeg\" decoding=\"async\" loading=\"lazy\"  \/>            <\/p>\n<p>                <img width=\"460\" height=\"500\" src=\"https:\/\/www.europesays.com\/fr\/wp-content\/uploads\/2026\/01\/storkimg-3699-460x500.jpeg\" class=\"attachment-gallery size-gallery\" alt=\"Stork restaurant The Drunky Stork Social Club\" data-full-url=\"https:\/\/pokaa.fr\/wp-content\/uploads\/2026\/01\/22\/storkimg-3699.jpeg\" decoding=\"async\" loading=\"lazy\"  \/>            <\/p>\n<p>                <img width=\"667\" height=\"500\" src=\"https:\/\/www.europesays.com\/fr\/wp-content\/uploads\/2026\/01\/image00005-6-667x500.jpeg\" class=\"attachment-gallery size-gallery\" alt=\"Stork social club salade bar\" data-full-url=\"https:\/\/pokaa.fr\/wp-content\/uploads\/2023\/06\/image00005-6.jpeg\" decoding=\"async\" loading=\"lazy\"  \/>            <\/p>\n<p>                    1. \u00e0 3. \u00a9 Stork \/ Captures d&rsquo;\u00e9cran ; 4. \u00a9 Bastien Pietronave \/ Pokaa<\/p>\n<p>Foudre Feu (restaurant fran\u00e7ais)<\/p>\n<p>Voil\u00e0 encore une tr\u00e8s belle adresse (anciennement Le Pont aux Chats)<strong> que l\u2019on a eu la chance de d\u00e9couvrir l\u2019an pass\u00e9 lors de son ouverture<\/strong>. Tenue par une \u00e9quipe engag\u00e9e,<strong> qui sait sublimer des produits de qualit\u00e9 \u00e0 travers des assiettes \u00e9tonnantes<\/strong>, on s\u2019y rend <strong>avec l\u2019envie de d\u00e9couvrir des saveurs, des parfums et des textures nouvelles<\/strong>, et \u00e7a fonctionne \u00e0 tous les coups.<\/p>\n<p>Le midi, du mardi au vendredi, <strong>le menu complet est \u00e0 27\u20ac.<\/strong><\/p>\n<p style=\"text-align: center;\"><strong>42 rue de la Krutenau, \u00e0 Strasbourg<\/strong><br \/><strong><a href=\"https:\/\/www.google.com\/url?sa=t&amp;source=web&amp;rct=j&amp;opi=89978449&amp;url=https:\/\/foudrefeu.fr\/&amp;ved=2ahUKEwiazob7w5-SAxXWnf0HHXvLHssQFnoECEUQAQ&amp;usg=AOvVaw2x_cu75GNTmhIek0e8UmzV\" target=\"_blank\" rel=\"noopener\">Le site web<\/a><\/strong><br \/><a href=\"https:\/\/www.google.com\/url?sa=t&amp;source=web&amp;rct=j&amp;opi=89978449&amp;url=https:\/\/www.instagram.com\/foudrefeu\/%3Fhl%3Dfr&amp;ved=2ahUKEwiazob7w5-SAxXWnf0HHXvLHssQFnoECFcQAQ&amp;usg=AOvVaw1F5gPdNK8LJ8b0DZ1gI327\" target=\"_blank\" rel=\"noopener\"><strong>La page Instagram<\/strong><\/a><br \/>T\u00e9l : 09 81 54 93 22<\/p>\n<p>                <img width=\"375\" height=\"500\" src=\"https:\/\/www.europesays.com\/fr\/wp-content\/uploads\/2026\/01\/foudrefeu-restaurant-strasbourg-krutenau9-375x500.jpeg\" class=\"attachment-gallery size-gallery\" alt=\"foudrefeu-restaurant-strasbourg-krutenau9\" data-full-url=\"https:\/\/pokaa.fr\/wp-content\/uploads\/2025\/04\/06\/foudrefeu-restaurant-strasbourg-krutenau9.jpeg\" decoding=\"async\" loading=\"lazy\"  \/>            <\/p>\n<p>                <img width=\"375\" height=\"500\" src=\"https:\/\/www.europesays.com\/fr\/wp-content\/uploads\/2026\/01\/foudrefeu-restaurant-strasbourg-krutenau7-375x500.jpeg\" class=\"attachment-gallery size-gallery\" alt=\"foudrefeu-restaurant-strasbourg-krutenau7\" data-full-url=\"https:\/\/pokaa.fr\/wp-content\/uploads\/2025\/04\/06\/foudrefeu-restaurant-strasbourg-krutenau7.jpeg\" decoding=\"async\" loading=\"lazy\"  \/>            <\/p>\n<p>                <img width=\"375\" height=\"500\" src=\"https:\/\/www.europesays.com\/fr\/wp-content\/uploads\/2026\/01\/foudrefeu-restaurant-strasbourg-krutenau8-375x500.jpeg\" class=\"attachment-gallery size-gallery\" alt=\"foudrefeu-restaurant-strasbourg-krutenau8\" data-full-url=\"https:\/\/pokaa.fr\/wp-content\/uploads\/2025\/04\/06\/foudrefeu-restaurant-strasbourg-krutenau8.jpeg\" decoding=\"async\" loading=\"lazy\"  \/>            <\/p>\n<p>                <img width=\"375\" height=\"500\" src=\"https:\/\/www.europesays.com\/fr\/wp-content\/uploads\/2026\/01\/foudrefeu-restaurant-strasbourg-krutenau10-375x500.jpeg\" class=\"attachment-gallery size-gallery\" alt=\"foudrefeu-restaurant-strasbourg-krutenau10\" data-full-url=\"https:\/\/pokaa.fr\/wp-content\/uploads\/2025\/04\/06\/foudrefeu-restaurant-strasbourg-krutenau10.jpeg\" decoding=\"async\" loading=\"lazy\"  \/>            <\/p>\n<p>                <img width=\"375\" height=\"500\" src=\"https:\/\/www.europesays.com\/fr\/wp-content\/uploads\/2026\/01\/foudrefeu-restaurant-strasbourg-krutenau5-375x500.jpeg\" class=\"attachment-gallery size-gallery\" alt=\"foudrefeu-restaurant-strasbourg-krutenau5\" data-full-url=\"https:\/\/pokaa.fr\/wp-content\/uploads\/2025\/04\/06\/foudrefeu-restaurant-strasbourg-krutenau5.jpeg\" decoding=\"async\" loading=\"lazy\"  \/>            <\/p>\n<p>                    \u00a9 Vivien Latuner \/ Pokaa<\/p>\n<p>Le Purgatoire (restaurant fran\u00e7ais et bar \u00e0 vins)<\/p>\n<p>Le Purgatoire,<strong> c\u2019est une adresse \u00e0 part<\/strong>. Dans cette ancienne chapelle<strong>, transform\u00e9e en restaurant et en vinoth\u00e8que<\/strong>, on aime l\u2019ambiance hors du temps, la chaleur du bois et<strong> le cachet du lieu qui semble sortir d\u2019une \u00e9poque que l\u2019on a pas connue<\/strong>. \u00c9l\u00e9gant et rassurant, on y mange une cuisine inspir\u00e9e<strong> \u00e0 la fois des cuisines du monde et des grands classiques de la cuisine fran\u00e7aise<\/strong>.<\/p>\n<p>Le menu de la semaine<strong> (entr\u00e9e + plat \u00e0 17,90\u20ac) propos\u00e9 du lundi au vendredi<\/strong> est tr\u00e8s pris\u00e9 des Strasbourgeois(es) qui aiment <strong>bien manger dans un cadre apaisant.<\/strong><\/p>\n<p style=\"text-align: center;\"><strong>34 rue de Zurich, \u00e0 Strasbourg<\/strong><br \/><strong><a href=\"https:\/\/www.google.com\/url?sa=t&amp;source=web&amp;rct=j&amp;opi=89978449&amp;url=https:\/\/lepurgatoire.alsace\/&amp;ved=2ahUKEwja7YXmwp-SAxVn_rsIHbZrKeQQFnoECFgQAQ&amp;usg=AOvVaw16a2qTJWKKvT_oGUu3O71s\" target=\"_blank\" rel=\"noopener\">Le site web<\/a><br \/><a href=\"https:\/\/www.google.com\/url?sa=t&amp;source=web&amp;rct=j&amp;opi=89978449&amp;url=https:\/\/www.instagram.com\/le__purgatoire\/%3Fhl%3Dfr&amp;ved=2ahUKEwja7YXmwp-SAxVn_rsIHbZrKeQQFnoECGEQAQ&amp;usg=AOvVaw2NfR_XpLZPbDRIDmdK2EWl\" target=\"_blank\" rel=\"noopener\">La page Instagram<\/a><\/strong><br \/>T\u00e9l : 03 88 35 62 87<\/p>\n<p>                <img width=\"375\" height=\"500\" src=\"https:\/\/www.europesays.com\/fr\/wp-content\/uploads\/2026\/01\/semaine-amerique-latine-purgatoire-restaurant-strasbourg14-375x500.jpeg\" class=\"attachment-gallery size-gallery\" alt=\"semaine-ame\u0301rique-latine-purgatoire-restaurant-strasbourg14\" data-full-url=\"https:\/\/pokaa.fr\/wp-content\/uploads\/2025\/03\/19\/semaine-amerique-latine-purgatoire-restaurant-strasbourg14.jpeg\" decoding=\"async\" loading=\"lazy\"  \/>            <\/p>\n<p>                <img width=\"368\" height=\"500\" src=\"https:\/\/www.europesays.com\/fr\/wp-content\/uploads\/2026\/01\/bar-vin-purgatoire-krutenau-strasbourg21.jpg\" class=\"attachment-gallery size-gallery\" alt=\"bar-vin-purgatoire-krutenau-strasbourg21\" data-full-url=\"https:\/\/www.europesays.com\/fr\/wp-content\/uploads\/2026\/01\/bar-vin-purgatoire-krutenau-strasbourg21.jpg\" decoding=\"async\" loading=\"lazy\"  \/>            <\/p>\n<p>                <img width=\"765\" height=\"500\" src=\"https:\/\/www.europesays.com\/fr\/wp-content\/uploads\/2026\/01\/brunch-le-purgatoire-brunch-strasbourg-bar-a-vins-brunch-samedi-dimanche-bastien-pietronave.jpeg\" class=\"attachment-gallery size-gallery\" alt=\"brunch-le-purgatoire-brunch-strasbourg-bar-a-vins-brunch-samedi-dimanche-bastien-pietronave\" data-full-url=\"https:\/\/www.europesays.com\/fr\/wp-content\/uploads\/2026\/01\/brunch-le-purgatoire-brunch-strasbourg-bar-a-vins-brunch-samedi-dimanche-bastien-pietronave.jpeg\" decoding=\"async\" loading=\"lazy\"  \/>            <\/p>\n<p>                <img width=\"500\" height=\"500\" src=\"https:\/\/www.europesays.com\/fr\/wp-content\/uploads\/2026\/01\/purgatoire-7-e1707443575234-500x500.jpg\" class=\"attachment-gallery size-gallery\" alt=\"Le Purgatoire\" data-full-url=\"https:\/\/pokaa.fr\/wp-content\/uploads\/2024\/02\/09\/purgatoire-7-1500x1500.jpg\" decoding=\"async\" loading=\"lazy\"  \/>            <\/p>\n<p>                <img width=\"375\" height=\"500\" src=\"https:\/\/www.europesays.com\/fr\/wp-content\/uploads\/2026\/01\/semaine-amerique-latine-purgatoire-restaurant-strasbourg8-375x500.jpeg\" class=\"attachment-gallery size-gallery\" alt=\"semaine-ame\u0301rique-latine-purgatoire-restaurant-strasbourg8\" data-full-url=\"https:\/\/pokaa.fr\/wp-content\/uploads\/2025\/03\/19\/semaine-amerique-latine-purgatoire-restaurant-strasbourg8.jpeg\" decoding=\"async\" loading=\"lazy\"  \/>            <\/p>\n<p>                <img width=\"375\" height=\"500\" src=\"https:\/\/www.europesays.com\/fr\/wp-content\/uploads\/2026\/01\/semaine-amerique-latine-purgatoire-restaurant-strasbourg9-375x500.jpeg\" class=\"attachment-gallery size-gallery\" alt=\"semaine-ame\u0301rique-latine-purgatoire-restaurant-strasbourg9\" data-full-url=\"https:\/\/pokaa.fr\/wp-content\/uploads\/2025\/03\/19\/semaine-amerique-latine-purgatoire-restaurant-strasbourg9.jpeg\" decoding=\"async\" loading=\"lazy\"  \/>            <\/p>\n<p>                    \u00a9 Vivien Latuner \/ Pokaa<\/p>\n<p style=\"text-align: left;\">Bien s\u00fbr, des dizaines d\u2019autres adresses proposent <strong>de tr\u00e8s bons plats du jour ou des menus de la semaine divins \u00e0 des prix canons<\/strong>, on vous en parlera dans une prochaine s\u00e9lection !<\/p>\n<p style=\"text-align: left;\">Et vous,<strong> quelle est votre adresse coup de coeur \u00e0 midi ?<\/strong><\/p>\n<p><script async src=\"\/\/www.instagram.com\/embed.js\"><\/script><\/p>\n","protected":false},"excerpt":{"rendered":"En ce moment, peu d\u2019arguments peuvent nous faire sortir de notre hibernation, \u00e0 part, peut-\u00eatre, la perspective d\u2019une&hellip;\n","protected":false},"author":2,"featured_media":691284,"comment_status":"","ping_status":"","sticky":false,"template":"","format":"standard","meta":{"footnotes":""},"categories":[2820],"tags":[1111,11,67691,1777,674,1011,27,775,18081,78723,12,65895,78724,25,2923,640],"class_list":{"0":"post-691283","1":"post","2":"type-post","3":"status-publish","4":"format-standard","5":"has-post-thumbnail","7":"category-strasbourg","8":"tag-actu","9":"tag-actualites","10":"tag-brasseries","11":"tag-eu","12":"tag-europe","13":"tag-fr","14":"tag-france","15":"tag-grand-est","16":"tag-menu-de-la-semaine","17":"tag-menu-du-midi","18":"tag-news","19":"tag-ou-manger","20":"tag-plat-du-jour","21":"tag-republique-francaise","22":"tag-restaurants","23":"tag-strasbourg"},"share_on_mastodon":{"url":"https:\/\/pubeurope.com\/@fr\/115963624134919731","error":""},"_links":{"self":[{"href":"https:\/\/www.europesays.com\/fr\/wp-json\/wp\/v2\/posts\/691283","targetHints":{"allow":["GET"]}}],"collection":[{"href":"https:\/\/www.europesays.com\/fr\/wp-json\/wp\/v2\/posts"}],"about":[{"href":"https:\/\/www.europesays.com\/fr\/wp-json\/wp\/v2\/types\/post"}],"author":[{"embeddable":true,"href":"https:\/\/www.europesays.com\/fr\/wp-json\/wp\/v2\/users\/2"}],"replies":[{"embeddable":true,"href":"https:\/\/www.europesays.com\/fr\/wp-json\/wp\/v2\/comments?post=691283"}],"version-history":[{"count":0,"href":"https:\/\/www.europesays.com\/fr\/wp-json\/wp\/v2\/posts\/691283\/revisions"}],"wp:featuredmedia":[{"embeddable":true,"href":"https:\/\/www.europesays.com\/fr\/wp-json\/wp\/v2\/media\/691284"}],"wp:attachment":[{"href":"https:\/\/www.europesays.com\/fr\/wp-json\/wp\/v2\/media?parent=691283"}],"wp:term":[{"taxonomy":"category","embeddable":true,"href":"https:\/\/www.europesays.com\/fr\/wp-json\/wp\/v2\/categories?post=691283"},{"taxonomy":"post_tag","embeddable":true,"href":"https:\/\/www.europesays.com\/fr\/wp-json\/wp\/v2\/tags?post=691283"}],"curies":[{"name":"wp","href":"https:\/\/api.w.org\/{rel}","templated":true}]}}