{"id":691291,"date":"2026-01-26T21:58:21","date_gmt":"2026-01-26T21:58:21","guid":{"rendered":"https:\/\/www.europesays.com\/fr\/691291\/"},"modified":"2026-01-26T21:58:21","modified_gmt":"2026-01-26T21:58:21","slug":"a-nantes-et-saint-nazaire-le-collectif-education-prioritaire-44-appelle-a-manifester","status":"publish","type":"post","link":"https:\/\/www.europesays.com\/fr\/691291\/","title":{"rendered":"\u00c0 Nantes et Saint-Nazaire, le collectif Education Prioritaire 44 appelle \u00e0 manifester"},"content":{"rendered":"<p>Publi\u00e9 par Soizick David, le 26 Janvier 2026 \u00e0 20:58<\/p>\n<p itemprop=\"description\" class=\"chapo\">Deux rassemblements sont pr\u00e9vus le mercredi 28 janvier \u00e0 14h devant le rectorat \u00e0 Nantes et l&rsquo;inspection acad\u00e9mique \u00e0 Saint-Nazaire<\/p>\n<p><img decoding=\"async\" src=\"https:\/\/www.europesays.com\/fr\/wp-content\/uploads\/2026\/01\/2026-01-26-a-nantes-et-saint-nazaire-le-collectif-education-prioritaire-44-appelle-a-manifester.jpg\" class=\"img-fluid rounded-3\" alt=\"\u00c0 Nantes et Saint-Nazaire, le collectif Education Prioritaire 44 appelle \u00e0 manifester\"\/><br \/>\nPhoto d&rsquo;illustration d&rsquo;une salle de classe \u00a9 DR<\/p>\n<p>Un appel \u00e0 manifester est lanc\u00e9 par le<strong> Collectif \u00c9ducation Prioritaire 44<\/strong>, qui regroupe notamment des parents d\u2019\u00e9l\u00e8ves, des personnels de l\u2019\u00c9ducation nationale, des organisations syndicales, des \u00e9lus et des citoyens mobilis\u00e9s sur la question des moyens dans les \u00e9coles. Le collectif demande l\u2019int\u00e9gration, dans le r\u00e9seau d\u2019\u00e9ducation prioritaire (REP \/ REP+), d\u2019\u00e9coles consid\u00e9r\u00e9es comme injustement \u201coubli\u00e9es\u201d malgr\u00e9 un public socialement d\u00e9favoris\u00e9, ce qu&rsquo;on appelle<strong> \u00ab les \u00e9coles orphenlines \u00bb<\/strong>.<\/p>\n<p>Des in\u00e9galit\u00e9s de moyens<\/p>\n<p>Ces rassemblements font suite notamment \u00ab aux propos du ministre de l&rsquo;\u00e9ducation nationale, qui a d\u00e9clar\u00e9 le 9 d\u00e9cembre 2025 devant l&rsquo;assembl\u00e9e nationale, que la carte de l&rsquo;\u00e9ducation prioriatire ne serait pas revue avant 2027 \u00bb indique le collectif, en d\u00e9non\u00e7ant des in\u00e9galit\u00e9s de moyens entre \u00e9tablissements. Il r\u00e9clame que les \u00e9coles ayant un indice de position sociale (IPS) bas puissent b\u00e9n\u00e9ficier des dispositifs de l\u2019\u00e9ducation prioritaire. Ces \u00e9coles maternelles ou \u00e9l\u00e9mentaires qui accueillent majoritairement des \u00e9l\u00e8ves issus de milieux d\u00e9favoris\u00e9s ne peuvent actuellement pas pr\u00e9tendre au classement REP\/REP+, souvent parce que leur coll\u00e8ge de rattachement n\u2019est pas lui-m\u00eame class\u00e9 en \u00e9ducation prioritaire. Ces derniers mois, le d\u00e9put\u00e9 de la 8me circonscription de Loire-Atlantique <a href=\"https:\/\/www.saintnazairenews.fr\/news\/saint-nazaire-pour-le-depute-matthias-tavel-il-faut-redonner-la-parole-aux-citoyens\" target=\"_blank\" rel=\"noopener\">Mathias Tavel<\/a>, ou encore l&rsquo;Adjoint \u00e0 l&rsquo;\u00e9ducation de la Ville de Saint-Nazaire <a href=\"https:\/\/www.saintnazairenews.fr\/news\/budget-2026-a-saint-nazaire-une-equation-de-plus-en-plus-serree\" target=\"_blank\" rel=\"noopener\">Xavier Perrin<\/a>, ont apport\u00e9 leur soutien \u00e0 ce mouvement.<\/p>\n<p><a href=\"https:\/\/www.saintnazairenews.fr\/publicite\" class=\"black\" style=\"text-decoration: none;\" target=\"_blank\" rel=\"noopener\">PUBLICIT\u00c9 LOCALE<\/a><br \/>\n<a href=\"https:\/\/www.sainte-therese.fr\/college-sainte-therese\/\/?utm_source=SNNews&amp;utm_medium=BannerNews&amp;utm_campaign=POJan2026\" target=\"_blank\" rel=\"noopener\"><br \/>\n<img decoding=\"async\" src=\"https:\/\/www.europesays.com\/fr\/wp-content\/uploads\/2026\/01\/2026-01-college-sainte-therese-portes-ouvertes-800-200.gif\" class=\"img-fluid d-none d-sm-block mx-auto rounded-3 bd mb-5 zoom\"\/><br \/>\n<img decoding=\"async\" src=\"https:\/\/www.europesays.com\/fr\/wp-content\/uploads\/2026\/01\/2026-01-college-sainte-therese-portes-ouvertes-400-200.gif\" class=\"img-fluid d-block d-sm-none mx-auto rounded-3 bd mb-5 zoom\"\/><br \/>\n<\/a><\/p>\n","protected":false},"excerpt":{"rendered":"Publi\u00e9 par Soizick David, le 26 Janvier 2026 \u00e0 20:58 Deux rassemblements sont pr\u00e9vus le mercredi 28 janvier&hellip;\n","protected":false},"author":2,"featured_media":691292,"comment_status":"","ping_status":"","sticky":false,"template":"","format":"standard","meta":{"footnotes":""},"categories":[2818],"tags":[1111,11,3723,1777,674,1011,27,1114,766,13694,12,2636,25,3213],"class_list":{"0":"post-691291","1":"post","2":"type-post","3":"status-publish","4":"format-standard","5":"has-post-thumbnail","7":"category-nantes","8":"tag-actu","9":"tag-actualites","10":"tag-actus","11":"tag-eu","12":"tag-europe","13":"tag-fr","14":"tag-france","15":"tag-infos","16":"tag-nantes","17":"tag-nazaire","18":"tag-news","19":"tag-pays-de-la-loire","20":"tag-republique-francaise","21":"tag-saint"},"share_on_mastodon":{"url":"https:\/\/pubeurope.com\/@fr\/115963645601943960","error":""},"_links":{"self":[{"href":"https:\/\/www.europesays.com\/fr\/wp-json\/wp\/v2\/posts\/691291","targetHints":{"allow":["GET"]}}],"collection":[{"href":"https:\/\/www.europesays.com\/fr\/wp-json\/wp\/v2\/posts"}],"about":[{"href":"https:\/\/www.europesays.com\/fr\/wp-json\/wp\/v2\/types\/post"}],"author":[{"embeddable":true,"href":"https:\/\/www.europesays.com\/fr\/wp-json\/wp\/v2\/users\/2"}],"replies":[{"embeddable":true,"href":"https:\/\/www.europesays.com\/fr\/wp-json\/wp\/v2\/comments?post=691291"}],"version-history":[{"count":0,"href":"https:\/\/www.europesays.com\/fr\/wp-json\/wp\/v2\/posts\/691291\/revisions"}],"wp:featuredmedia":[{"embeddable":true,"href":"https:\/\/www.europesays.com\/fr\/wp-json\/wp\/v2\/media\/691292"}],"wp:attachment":[{"href":"https:\/\/www.europesays.com\/fr\/wp-json\/wp\/v2\/media?parent=691291"}],"wp:term":[{"taxonomy":"category","embeddable":true,"href":"https:\/\/www.europesays.com\/fr\/wp-json\/wp\/v2\/categories?post=691291"},{"taxonomy":"post_tag","embeddable":true,"href":"https:\/\/www.europesays.com\/fr\/wp-json\/wp\/v2\/tags?post=691291"}],"curies":[{"name":"wp","href":"https:\/\/api.w.org\/{rel}","templated":true}]}}