{"id":691312,"date":"2026-01-26T22:10:20","date_gmt":"2026-01-26T22:10:20","guid":{"rendered":"https:\/\/www.europesays.com\/fr\/691312\/"},"modified":"2026-01-26T22:10:20","modified_gmt":"2026-01-26T22:10:20","slug":"eure-et-loir-sante-une-plateforme-inedite-en-france-bientot-lancee-dans-le-departement","status":"publish","type":"post","link":"https:\/\/www.europesays.com\/fr\/691312\/","title":{"rendered":"\u00ab\u00a0Eure-et-Loir Sant\u00e9\u00a0\u00bb, une plateforme in\u00e9dite en France bient\u00f4t lanc\u00e9e dans le d\u00e9partement"},"content":{"rendered":"\n<p>Le conseil d\u00e9partemental annonce le lancement d\u2019un outil in\u00e9dit dans l\u2019Hexagone le 10 f\u00e9vrier 2026. Con\u00e7u comme un service de r\u00e9f\u00e9rence, le site internet \u00ab\u00a0Eure-et-Loir Sant\u00e9\u00a0\u00bb est destin\u00e9 aux professionnels de sant\u00e9, aux \u00e9tudiants et aux territoires pour les mettre en lien et r\u00e9pondre \u00e0 tous leurs besoins. La plate-forme a vocation \u00e0 devenir un v\u00e9ritable \u00ab\u00a0guichet unique\u00a0\u00bb au service de la sant\u00e9.<\/p>\n<p>\u00a0<\/p>\n<p lang=\"fr-FR\" style=\"margin-bottom: 0cm;\">Nicolas Chacun &#8211; Vincent Fr\u00e9meaux<\/p>\n<p>!function(f,b,e,v,n,t,s){if(f.fbq)return;n=f.fbq=function(){n.callMethod?<br \/>\nn.callMethod.apply(n,arguments):n.queue.push(arguments)};if(!f._fbq)f._fbq=n;<br \/>\nn.push=n;n.loaded=!0;n.version=&rsquo;2.0&prime;;n.queue=[];t=b.createElement(e);t.async=!0;<br \/>\nt.src=v;s=b.getElementsByTagName(e)[0];s.parentNode.insertBefore(t,s)}(window,<br \/>\ndocument,&rsquo;script&rsquo;,&rsquo;https:\/\/connect.facebook.net\/en_US\/fbevents.js&rsquo;);<br \/>\nfbq(&lsquo;init&rsquo;, &lsquo;278974969201861&rsquo;); \/\/ Insert your pixel ID here.<br \/>\nfbq(&lsquo;track&rsquo;, &lsquo;PageView&rsquo;);<\/p>\n","protected":false},"excerpt":{"rendered":"Le conseil d\u00e9partemental annonce le lancement d\u2019un outil in\u00e9dit dans l\u2019Hexagone le 10 f\u00e9vrier 2026. Con\u00e7u comme un&hellip;\n","protected":false},"author":2,"featured_media":691313,"comment_status":"","ping_status":"","sticky":false,"template":"","format":"standard","meta":{"footnotes":""},"categories":[1592],"tags":[1111,11,1933,1936,1777,1939,674,1011,27,662,1934,12,1940,626,1935,25,1937,1941,1938],"class_list":{"0":"post-691312","1":"post","2":"type-post","3":"status-publish","4":"format-standard","5":"has-post-thumbnail","7":"category-ile-de-france","8":"tag-actu","9":"tag-actualites","10":"tag-actualites-locales","11":"tag-essonne","12":"tag-eu","13":"tag-eure-et-loir","14":"tag-europe","15":"tag-fr","16":"tag-france","17":"tag-ile-de-france","18":"tag-infos-locales","19":"tag-news","20":"tag-oise","21":"tag-paris","22":"tag-pres-de-chez-vous","23":"tag-republique-francaise","24":"tag-seine-et-marne","25":"tag-somme","26":"tag-yvelines"},"share_on_mastodon":{"url":"https:\/\/pubeurope.com\/@fr\/115963692558664191","error":""},"_links":{"self":[{"href":"https:\/\/www.europesays.com\/fr\/wp-json\/wp\/v2\/posts\/691312","targetHints":{"allow":["GET"]}}],"collection":[{"href":"https:\/\/www.europesays.com\/fr\/wp-json\/wp\/v2\/posts"}],"about":[{"href":"https:\/\/www.europesays.com\/fr\/wp-json\/wp\/v2\/types\/post"}],"author":[{"embeddable":true,"href":"https:\/\/www.europesays.com\/fr\/wp-json\/wp\/v2\/users\/2"}],"replies":[{"embeddable":true,"href":"https:\/\/www.europesays.com\/fr\/wp-json\/wp\/v2\/comments?post=691312"}],"version-history":[{"count":0,"href":"https:\/\/www.europesays.com\/fr\/wp-json\/wp\/v2\/posts\/691312\/revisions"}],"wp:featuredmedia":[{"embeddable":true,"href":"https:\/\/www.europesays.com\/fr\/wp-json\/wp\/v2\/media\/691313"}],"wp:attachment":[{"href":"https:\/\/www.europesays.com\/fr\/wp-json\/wp\/v2\/media?parent=691312"}],"wp:term":[{"taxonomy":"category","embeddable":true,"href":"https:\/\/www.europesays.com\/fr\/wp-json\/wp\/v2\/categories?post=691312"},{"taxonomy":"post_tag","embeddable":true,"href":"https:\/\/www.europesays.com\/fr\/wp-json\/wp\/v2\/tags?post=691312"}],"curies":[{"name":"wp","href":"https:\/\/api.w.org\/{rel}","templated":true}]}}