{"id":69132,"date":"2025-05-02T10:40:08","date_gmt":"2025-05-02T10:40:08","guid":{"rendered":"https:\/\/www.europesays.com\/fr\/69132\/"},"modified":"2025-05-02T10:40:08","modified_gmt":"2025-05-02T10:40:08","slug":"philippe-caveriviere-francois-bayrou-va-devoir-changer-le-titre-de-son-livre-confession-sur-notre-dame-de-betharram","status":"publish","type":"post","link":"https:\/\/www.europesays.com\/fr\/69132\/","title":{"rendered":"Philippe Caverivi\u00e8re : \u00ab\u00a0Fran\u00e7ois Bayrou va devoir changer le titre de son livre confession sur Notre-Dame de B\u00e9tharram\u00a0\u00bb"},"content":{"rendered":"<p class=\"article-p mdl\">Ce vendredi 2 mai, Anne Lauvergeon, ancienne patronne d&rsquo;Areva, g\u00e9ant fran\u00e7ais du nucl\u00e9aire, \u00e9tait invit\u00e9e au micro de RTL pour la sortie de son livre Un secret si bien gard\u00e9 (Grasset). \u00ab\u00a0J&rsquo;ai tout \u00e9cout\u00e9 de Anne. Alors, <strong>je n&rsquo;ai pas tout compris, mais j&rsquo;ai tout \u00e9cout\u00e9<\/strong>\u00ab\u00a0, lui a avou\u00e9 Philippe Caverivi\u00e8re.<\/p>\n<p class=\"article-p mdl\">L\u2019humoriste est surtout revenu sur le titre de l\u2019ouvrage. \u00ab\u00a0Attention, contrairement \u00e0 ce qu&rsquo;on pourrait penser, <strong>ce n&rsquo;est pas un guide pratique pour r\u00e9ussir ses infid\u00e9lit\u00e9s sans se faire gauler<\/strong>\u00ab\u00a0, a-t-il expliqu\u00e9. \u00ab\u00a0C\u2019est une mauvaise nouvelle pour Fran\u00e7ois Bayrou qui va devoir changer le titre de son livre confession sur\u00a0<a class=\"link\" href=\"https:\/\/www.rtl.fr\/actu\/politique\/affaire-betharram-francois-bayrou-a-bien-rencontre-le-juge-d-instruction-en-1998-selon-sa-fille-7900498179\" title=\"Affaire B\u00e9tharram : Fran\u00e7ois Bayrou a bien rencontr\u00e9 le juge d&#039;instruction en 1998, selon sa fille\" target=\"_blank\" rel=\"noopener\">Notre-Dame de B\u00e9tharram<\/a>. Un secret si bien gard\u00e9, c&rsquo;est d\u00e9j\u00e0 pris par Anne Lauvergeon, Fran\u00e7ois Bayrou !\u00a0\u00bb<\/p>\n<p class=\"article-p mdl\">Philippe Caverivi\u00e8re a tout de m\u00eame tenu \u00e0 tirer un grand coup de chapeau \u00e0 l\u2019ancienne patronne d&rsquo;Areva. \u00ab\u00a0J\u2019ai beaucoup d&rsquo;admiration pour elle parce qu&rsquo;elle a un parcours incroyable. C&rsquo;est une femme puissante. <strong>Elle a travaill\u00e9 avec Mitterrand, mais on ne lui pr\u00eate aucune relation avec lui<\/strong> et c&rsquo;est la seule personne avec Jacques Attali qui a r\u00e9ussi cet exploit. Vous n&rsquo;\u00eates que deux et \u00e7a, c&rsquo;est merveilleux, Anne\u00a0\u00bb, a-t-il ironis\u00e9.\u00a0<\/p>\n<p>    La r\u00e9daction vous recommande<\/p>\n<p class=\"s-newsletter__title\">\n                L\u2019actualit\u00e9 par la r\u00e9daction de RTL dans votre bo\u00eete mail.\n            <\/p>\n<p class=\"s-newsletter__subtitle\">\n                Gr\u00e2ce \u00e0 votre compte RTL abonnez-vous \u00e0 la newsletter RTL info pour suivre toute l&rsquo;actualit\u00e9 au quotidien\n            <\/p>\n<p>\n                                    Lire la suite\n                                <\/p>\n","protected":false},"excerpt":{"rendered":"Ce vendredi 2 mai, Anne Lauvergeon, ancienne patronne d&rsquo;Areva, g\u00e9ant fran\u00e7ais du nucl\u00e9aire, \u00e9tait invit\u00e9e au micro de&hellip;\n","protected":false},"author":2,"featured_media":69133,"comment_status":"","ping_status":"","sticky":false,"template":"","format":"standard","meta":{"footnotes":""},"categories":[1357],"tags":[1379,58,579,893,59,107,1011,27,431,7425,1380,362],"class_list":{"0":"post-69132","1":"post","2":"type-post","3":"status-publish","4":"format-standard","5":"has-post-thumbnail","7":"category-livres","8":"tag-books","9":"tag-divertissement","10":"tag-electricite","11":"tag-energie","12":"tag-entertainment","13":"tag-fil-info","14":"tag-fr","15":"tag-france","16":"tag-francois-bayrou","17":"tag-loeil-de-philippe-caveriviere","18":"tag-livres","19":"tag-replay"},"share_on_mastodon":{"url":"https:\/\/pubeurope.com\/@fr\/114437819397577885","error":""},"_links":{"self":[{"href":"https:\/\/www.europesays.com\/fr\/wp-json\/wp\/v2\/posts\/69132","targetHints":{"allow":["GET"]}}],"collection":[{"href":"https:\/\/www.europesays.com\/fr\/wp-json\/wp\/v2\/posts"}],"about":[{"href":"https:\/\/www.europesays.com\/fr\/wp-json\/wp\/v2\/types\/post"}],"author":[{"embeddable":true,"href":"https:\/\/www.europesays.com\/fr\/wp-json\/wp\/v2\/users\/2"}],"replies":[{"embeddable":true,"href":"https:\/\/www.europesays.com\/fr\/wp-json\/wp\/v2\/comments?post=69132"}],"version-history":[{"count":0,"href":"https:\/\/www.europesays.com\/fr\/wp-json\/wp\/v2\/posts\/69132\/revisions"}],"wp:featuredmedia":[{"embeddable":true,"href":"https:\/\/www.europesays.com\/fr\/wp-json\/wp\/v2\/media\/69133"}],"wp:attachment":[{"href":"https:\/\/www.europesays.com\/fr\/wp-json\/wp\/v2\/media?parent=69132"}],"wp:term":[{"taxonomy":"category","embeddable":true,"href":"https:\/\/www.europesays.com\/fr\/wp-json\/wp\/v2\/categories?post=69132"},{"taxonomy":"post_tag","embeddable":true,"href":"https:\/\/www.europesays.com\/fr\/wp-json\/wp\/v2\/tags?post=69132"}],"curies":[{"name":"wp","href":"https:\/\/api.w.org\/{rel}","templated":true}]}}