{"id":691322,"date":"2026-01-26T22:15:11","date_gmt":"2026-01-26T22:15:11","guid":{"rendered":"https:\/\/www.europesays.com\/fr\/691322\/"},"modified":"2026-01-26T22:15:11","modified_gmt":"2026-01-26T22:15:11","slug":"les-propos-de-lancien-chancelier-allemand-gerhard-schroder-sur-la-russie-indignent-a-nouveau","status":"publish","type":"post","link":"https:\/\/www.europesays.com\/fr\/691322\/","title":{"rendered":"Les propos de l&rsquo;ancien chancelier allemand Gerhard Schr\u00f6der sur la Russie indignent \u00e0 nouveau"},"content":{"rendered":"<p>\n         Publi\u00e9 le<br \/>\n            26\/01\/2026 &#8211; 22:54 UTC+1\n            <\/p>\n<p>L&rsquo;ancien chancelier allemand Gerhard Schr\u00f6der a, \u00e0 plusieurs reprises, provoqu\u00e9 un toll\u00e9 national avec ses d\u00e9clarations sur la Russie. <\/p>\n<p>Cette fois-ci, sa proximit\u00e9 avec la Russie a fait encore plus de vagues &#8211; d\u00e9clench\u00e9e par une contribution d&rsquo;invit\u00e9 pour le <a href=\"https:\/\/www.berliner-zeitung.de\/politik-gesellschaft\/ein-jahrzehnt-der-bewaehrung-li.10015423\" target=\"_blank\" rel=\"noreferrer noopener\">Berliner Zeitung<\/a>, dans laquelle il affirmait que l&rsquo;invasion russe \u00e9tait contraire au droit international, mais mettait en m\u00eame temps en garde contre une \u00ab\u00a0diabolisation de la Russie comme ennemi \u00e9ternel\u00a0\u00bb.<\/p>\n<p>Gerhard Schr\u00f6der a soulign\u00e9 la culture de la Russie et ses liens historiques avec l&rsquo;Allemagne et a plaid\u00e9 pour que des formes de coop\u00e9ration &#8211; y compris des importations d&rsquo;\u00e9nergie bon march\u00e9 en provenance de Russie &#8211; soient \u00e0 nouveau possibles. Il a ainsi renou\u00e9 avec sa ligne de longue date, qui exige moins de confrontation et plus de rapprochement diplomatique.<\/p>\n<p>Critique dans son propre camp<\/p>\n<p>Interrog\u00e9 par Euronews, l&rsquo;ancien politicien du SPD et sp\u00e9cialiste de longue date de la politique \u00e9trang\u00e8re et de s\u00e9curit\u00e9, Michael Roth, a rejet\u00e9 avec d\u00e9termination les propos de Schr\u00f6der. \u00ab\u00a0Il est tragique que Gerhard Schr\u00f6der s&rsquo;accroche toujours imperturbablement aux m\u00eames terribles erreurs du pass\u00e9. Ce n&rsquo;est pas nous qui &lsquo;diabolisons&rsquo; la Russie. C&rsquo;est la Russie elle-m\u00eame qui s&rsquo;est mise hors-jeu par ses violations agressives du droit international\u00a0\u00bb, a d\u00e9clar\u00e9 Roth.<\/p>\n<p>Il a qualifi\u00e9 le Kremlin de \u00ab\u00a0plus grand danger pour la s\u00e9curit\u00e9 et la paix sur notre continent\u00a0\u00bb et a mis en garde contre le <strong>\u00ab\u00a0business as usual\u00a0\u00bb<\/strong> avec une dictature imp\u00e9rialiste.<\/p>\n<p>Thomas R\u00f6wekamp, membre de l&rsquo;Union chr\u00e9tienne-d\u00e9mocrate (CDU) a d\u00e9clar\u00e9 au journal Augsburger Allgemeine que les d\u00e9clarations de Schr\u00f6der \u00e9taient \u00ab\u00a0en contradiction ouverte avec la r\u00e9alit\u00e9 de cette guerre\u00a0\u00bb. Dans une telle situation, il faut \u00ab\u00a0de la clart\u00e9 et de l&rsquo;attitude &#8211; pas de la compr\u00e9hension pour un agresseur\u00a0\u00bb. Selon l&rsquo;Augsburger Allgemeine, Reinhard Brandl du CSU estime que les d\u00e9clarations de Schr\u00f6der sont \u00e0 classer dans la \u00ab\u00a0bo\u00eete \u00e0 malices rh\u00e9torique des amis de Poutine\u00a0\u00bb et a soulign\u00e9 que ce n&rsquo;\u00e9tait pas l&rsquo;Occident qui avait attaqu\u00e9 la Russie, mais Poutine qui avait attaqu\u00e9 l&rsquo;Ukraine.<\/p>\n<p>L&rsquo;appel de Schr\u00f6der \u00ab\u00a0tout simplement \u00e9pouvantable\u00a0\u00bb<\/p>\n<p>Le d\u00e9bat houleux en Allemagne s&rsquo;est rapidement propag\u00e9 au niveau europ\u00e9en. Le ministre estonien des Affaires \u00e9trang\u00e8res, Margus Tsahkna, a r\u00e9agi sur X avec indignation : \u00ab\u00a0les appels \u00e0 ne pas \u00ab\u00a0diaboliser\u00a0\u00bb un pays qui m\u00e8ne la guerre la plus brutale en Europe depuis la Seconde Guerre mondiale sont \u00ab\u00a0tout simplement \u00e9pouvantables\u00a0\u00bb &#8211; tout comme les r\u00e9f\u00e9rences \u00e0 une \u00e9ventuelle nouvelle coop\u00e9ration \u00e9nerg\u00e9tique.\u00a0\u00bb<\/p>\n<p>Dans un autre communiqu\u00e9 de son minist\u00e8re, Tsahkna a parl\u00e9 d&rsquo;une \u00ab\u00a0tentative insidieuse\u00a0\u00bb de diviser l&rsquo;Europe et de l&#8217;emp\u00eacher de faire pression sur la Russie.<\/p>\n<p>Il a \u00e9galement \u00e9crit que l&rsquo;agression g\u00e9n\u00e9ralis\u00e9e de la Russie \u00e9tait le r\u00e9sultat d&rsquo;ann\u00e9es d&rsquo;apaisement et de l&rsquo;hypoth\u00e8se selon laquelle le commerce pouvait endiguer l&rsquo;agression ; le \u00ab\u00a0changement par le commerce\u00a0\u00bb a \u00e9chou\u00e9.<\/p>\n<p>Ukraine : \u00ab\u00a0Il pue le gaz russe\u00a0\u00bb<\/p>\n<p>La riposte est \u00e9galement venue de Kyiv : le porte-parole du minist\u00e8re ukrainien des Affaires \u00e9trang\u00e8res, Heorhii Tykhyi, a attaqu\u00e9 Schr\u00f6der sur X et lui a reproch\u00e9 d&rsquo;avoir contribu\u00e9 \u00e0 fa\u00e7onner la d\u00e9pendance europ\u00e9enne \u00e0 l&rsquo;\u00e9nergie russe.<\/p>\n<p>Tykhyi a \u00e9crit en substance que Schr\u00f6der avait autrefois \u00ab\u00a0accroch\u00e9 l&rsquo;Allemagne au robinet de gaz de Poutine\u00a0\u00bb et aid\u00e9 ainsi Moscou \u00e0 se pr\u00e9parer \u00e0 la guerre ; aujourd&rsquo;hui, Schr\u00f6der est lui-m\u00eame \u00ab\u00a0sous perfusion\u00a0\u00bb et \u00ab\u00a0pue le gaz russe &#8211; et il a du sang ukrainien sur les mains\u00a0\u00bb.<\/p>\n<p>La r\u00e9action ukrainienne ne visait donc pas seulement l&rsquo;intervention actuelle de Schr\u00f6der, mais aussi sa responsabilit\u00e9 politique dans les choix ant\u00e9rieurs en mati\u00e8re de politique \u00e9nerg\u00e9tique.<\/p>\n<p>D\u00e9rapages dans le pass\u00e9<\/p>\n<p>L&rsquo;ancien chancelier Gerhard Schr\u00f6der a affirm\u00e9 \u00e0 plusieurs reprises ces derni\u00e8res ann\u00e9es sa proximit\u00e9 avec la Russie &#8211; et a ainsi r\u00e9guli\u00e8rement suscit\u00e9 l&rsquo;indignation. D\u00e8s 2022, il s&rsquo;est rendu \u00e0 Moscou, a rencontr\u00e9 Vladimir Poutine et a affirm\u00e9 que le Kremlin souhaitait une \u00ab\u00a0solution n\u00e9goci\u00e9e\u00a0\u00bb dans la guerre en Ukraine ; son estimation selon laquelle de nombreuses questions conflictuelles pouvaient \u00eatre \u00ab\u00a0r\u00e9solues\u00a0\u00bb a suscit\u00e9 des critiques massives \u00e0 Berlin et en Europe de l&rsquo;Est.<\/p>\n<p>\u00c0 l&rsquo;\u00e9t\u00e9 2022, il a en outre fait la une des journaux lorsqu&rsquo;on a appris qu&rsquo;il \u00e9tait en vacances \u00e0 Moscou malgr\u00e9 la guerre &#8211; une image que beaucoup ont consid\u00e9r\u00e9e comme un symbole de sa proximit\u00e9 ininterrompue avec le Kremlin.<\/p>\n<p>Son activit\u00e9 de longue date pour des groupes \u00e9nerg\u00e9tiques russes comme Rosneft et Gazprom, ainsi que son refus de se distancer suffisamment clairement de Moscou, ont m\u00eame d\u00e9clench\u00e9 un d\u00e9bat au sein du SPD sur une \u00e9ventuelle exclusion du parti. Une proc\u00e9dure qui a finalement \u00e9chou\u00e9 en 2023, mais qui a r\u00e9v\u00e9l\u00e9 la profondeur des tensions au sein du parti.<\/p>\n","protected":false},"excerpt":{"rendered":"Publi\u00e9 le 26\/01\/2026 &#8211; 22:54 UTC+1 L&rsquo;ancien chancelier allemand Gerhard Schr\u00f6der a, \u00e0 plusieurs reprises, provoqu\u00e9 un toll\u00e9&hellip;\n","protected":false},"author":2,"featured_media":691323,"comment_status":"","ping_status":"","sticky":false,"template":"","format":"standard","meta":{"footnotes":""},"categories":[1591],"tags":[11,1909,1887,131,12,1885,1886,132,15770,8905],"class_list":{"0":"post-691322","1":"post","2":"type-post","3":"status-publish","4":"format-standard","5":"has-post-thumbnail","7":"category-russie","8":"tag-actualites","9":"tag-estonie","10":"tag-federation-de-russie","11":"tag-guerre-en-ukraine","12":"tag-news","13":"tag-russia","14":"tag-russian-federation","15":"tag-russie","16":"tag-spd","17":"tag-ue-russie"},"share_on_mastodon":{"url":"https:\/\/pubeurope.com\/@fr\/115963712336114468","error":""},"_links":{"self":[{"href":"https:\/\/www.europesays.com\/fr\/wp-json\/wp\/v2\/posts\/691322","targetHints":{"allow":["GET"]}}],"collection":[{"href":"https:\/\/www.europesays.com\/fr\/wp-json\/wp\/v2\/posts"}],"about":[{"href":"https:\/\/www.europesays.com\/fr\/wp-json\/wp\/v2\/types\/post"}],"author":[{"embeddable":true,"href":"https:\/\/www.europesays.com\/fr\/wp-json\/wp\/v2\/users\/2"}],"replies":[{"embeddable":true,"href":"https:\/\/www.europesays.com\/fr\/wp-json\/wp\/v2\/comments?post=691322"}],"version-history":[{"count":0,"href":"https:\/\/www.europesays.com\/fr\/wp-json\/wp\/v2\/posts\/691322\/revisions"}],"wp:featuredmedia":[{"embeddable":true,"href":"https:\/\/www.europesays.com\/fr\/wp-json\/wp\/v2\/media\/691323"}],"wp:attachment":[{"href":"https:\/\/www.europesays.com\/fr\/wp-json\/wp\/v2\/media?parent=691322"}],"wp:term":[{"taxonomy":"category","embeddable":true,"href":"https:\/\/www.europesays.com\/fr\/wp-json\/wp\/v2\/categories?post=691322"},{"taxonomy":"post_tag","embeddable":true,"href":"https:\/\/www.europesays.com\/fr\/wp-json\/wp\/v2\/tags?post=691322"}],"curies":[{"name":"wp","href":"https:\/\/api.w.org\/{rel}","templated":true}]}}