{"id":691342,"date":"2026-01-26T22:26:12","date_gmt":"2026-01-26T22:26:12","guid":{"rendered":"https:\/\/www.europesays.com\/fr\/691342\/"},"modified":"2026-01-26T22:26:12","modified_gmt":"2026-01-26T22:26:12","slug":"dans-un-match-mal-enclenche-le-tarascon-foix-vb-renverse-brive-et-peut-encore-rever","status":"publish","type":"post","link":"https:\/\/www.europesays.com\/fr\/691342\/","title":{"rendered":"Dans un match mal enclench\u00e9, le Tarascon-Foix VB renverse Brive et peut encore r\u00eaver"},"content":{"rendered":"<p>\n                                                                    l&rsquo;essentiel<br \/>\n                                                                Les Tarasco-fux\u00e9ens poursuivent leur superbe s\u00e9rie de victoires. Apr\u00e8s un d\u00e9but de rencontre mal ma\u00eetris\u00e9 face \u00e0 Brive, men\u00e9s\u00a0deux sets \u00e0 un, les Ari\u00e9geois ont renvers\u00e9 le cours du match pour s\u2019imposer trois sets \u00e0 deux avec autorit\u00e9. Les Ari\u00e9geois continuent de regarder vers le haut du classement et de r\u00eaver.\n                            <\/p>\n<p><strong>TFVB 3 \u2013 BRIVE 2 (22-25\u00a0; 25-17\u00a0; 15-25\u00a0; 25-19\u00a0; 15-9)<\/strong><\/p>\n<p>C\u2019est dans une salle des sports Jean-Claude Thiriet chauff\u00e9e gr\u00e2ce aux pompiers tarasconnais, que les dirigeants et le public tiennent remercient (chaleureusement\u00a0!), qui ont pr\u00eat\u00e9 le mat\u00e9riel au TFVB, et \u00e0 l\u2019\u00e9quipe de bricoleurs du club, que d\u00e9bute la rencontre face \u00e0 Brive. \u00ab\u00a0Un match crispant\u00a0\u00bb, qui verra au final les Ari\u00e9geois l\u2019emporter, alors qu\u2019ils ont fr\u00f4l\u00e9 la correctionnelle. D\u2019entr\u00e9e, les hommes de Chabrel sont dans le dur. Les centraux adverses, avec leur passeur Milovanovic, font mal \u00e0 la d\u00e9fense tarasco-gux\u00e9enne. Malgr\u00e9 les changements, les locaux c\u00e8dent dans tous les compartiments du jeu (22-25). Rien ne fonctionne. La rentr\u00e9e de Buyssine, conjugu\u00e9e \u00e0 un service plus r\u00e9gulier et une d\u00e9fense retrouv\u00e9e, donne la deuxi\u00e8me manche, \u00ab\u00a0facile\u00a0\u00bb aux Ari\u00e9geois (25-17). Mais, alors que le coach croit ses hommes sur de bons rails, la machine se d\u00e9r\u00e8gle \u00e0 nouveau. La fatigue des trois \u00ab\u00a0FSGTistes\u00a0\u00bb, Rouxel, Rib\u00e9ra et Berg\u00e9, revenus d\u2019un match \u00e0 Paris dans la nuit, semble peser sur les \u00ab\u00a0vert et blanc\u00a0\u00bb. Les locaux s\u2019effondrent sans combattre, 15-25\u00a0! Heureusement, le c\u0153ur, et le banc tarasco-fux\u00e9en, sont \u00e0 la hauteur de l\u2019enjeu. Pas question de laisser filer cette partie, et de retomber dans le ventre mou du championnat. Hugo Pottier relance la machine \u00e0 la passe.<\/p>\n<p>Un tie-break ma\u00eetris\u00e9<\/p>\n<p>Au centre, Berg\u00e9 et Doda font un peu douter les \u00ab\u00a0golgots\u00a0\u00bb corr\u00e9ziens, Bouville se retrouve en d\u00e9fense. 25-19, puis un tie-break n\u00e9goci\u00e9 de main de ma\u00eetre, avec un coaching donnant du temps de jeu \u00e0 l\u2019ensemble de l\u2019effectif, et, surtout, perturbant l\u2019armada briviste qui baisse la t\u00eate et s\u2019incline 15-9. \u00ab\u00a0Si, \u00e0 l\u2019aller, je pensais avoir perdu des points en n\u2019en ramenant qu\u2019un seul avec notre d\u00e9faite 3-2, l\u00e0, je pense que nous gagnons 2 points. Si Brive avait gagn\u00e9, cela n\u2019aurait pas \u00e9t\u00e9 un hold-up\u00a0\u00bb (rappelons que la victoire 3-2 rapporte 2 points et 1 au perdant, les succ\u00e8s 3-0 ou 3-1 rapportant 3 points aux vainqueurs). \u00ab\u00a0Papa Chab\u00a0\u00bb est lucide, mais il est aussi heureux de voir sa bande poursuivre sa marche en avant. Dimanche, \u00e0 la maison (\u00e0 Tarascon si le probl\u00e8me de chauffage est r\u00e9solu), c\u2019est un match au sommet qui se pr\u00e9sente. Clermont-Ferrand, actuellement 2e ex \u00e6quo avec Riom, vient pour \u00ab\u00a0venger\u00a0\u00bb sa d\u00e9faite \u00e0 l\u2019aller, 1-3. C\u00f4t\u00e9 TFVB, une victoire propulserait les Ari\u00e9geois \u00e0 la deuxi\u00e8me place de la poule E de Nationale 3, \u00e0 quelques points du leader, \u00e0 quelques points d\u2019une premi\u00e8re place synonyme de mont\u00e9e en Nationale 2, niveau jamais atteint par le volley-ball ari\u00e9geois.<\/p>\n","protected":false},"excerpt":{"rendered":"l&rsquo;essentiel Les Tarasco-fux\u00e9ens poursuivent leur superbe s\u00e9rie de victoires. Apr\u00e8s un d\u00e9but de rencontre mal ma\u00eetris\u00e9 face \u00e0&hellip;\n","protected":false},"author":2,"featured_media":691343,"comment_status":"","ping_status":"","sticky":false,"template":"","format":"standard","meta":{"footnotes":""},"categories":[1417],"tags":[2720,1011,27,517,60,69322,1470,1632,1469],"class_list":{"0":"post-691342","1":"post","2":"type-post","3":"status-publish","4":"format-standard","5":"has-post-thumbnail","7":"category-volley","8":"tag-ariege","9":"tag-fr","10":"tag-france","11":"tag-sport","12":"tag-sports","13":"tag-tarasconsurariege","14":"tag-volley","15":"tag-volley-ball","16":"tag-volleyball"},"share_on_mastodon":{"url":"https:\/\/pubeurope.com\/@fr\/115963755503488967","error":""},"_links":{"self":[{"href":"https:\/\/www.europesays.com\/fr\/wp-json\/wp\/v2\/posts\/691342","targetHints":{"allow":["GET"]}}],"collection":[{"href":"https:\/\/www.europesays.com\/fr\/wp-json\/wp\/v2\/posts"}],"about":[{"href":"https:\/\/www.europesays.com\/fr\/wp-json\/wp\/v2\/types\/post"}],"author":[{"embeddable":true,"href":"https:\/\/www.europesays.com\/fr\/wp-json\/wp\/v2\/users\/2"}],"replies":[{"embeddable":true,"href":"https:\/\/www.europesays.com\/fr\/wp-json\/wp\/v2\/comments?post=691342"}],"version-history":[{"count":0,"href":"https:\/\/www.europesays.com\/fr\/wp-json\/wp\/v2\/posts\/691342\/revisions"}],"wp:featuredmedia":[{"embeddable":true,"href":"https:\/\/www.europesays.com\/fr\/wp-json\/wp\/v2\/media\/691343"}],"wp:attachment":[{"href":"https:\/\/www.europesays.com\/fr\/wp-json\/wp\/v2\/media?parent=691342"}],"wp:term":[{"taxonomy":"category","embeddable":true,"href":"https:\/\/www.europesays.com\/fr\/wp-json\/wp\/v2\/categories?post=691342"},{"taxonomy":"post_tag","embeddable":true,"href":"https:\/\/www.europesays.com\/fr\/wp-json\/wp\/v2\/tags?post=691342"}],"curies":[{"name":"wp","href":"https:\/\/api.w.org\/{rel}","templated":true}]}}