{"id":69136,"date":"2025-05-02T10:42:09","date_gmt":"2025-05-02T10:42:09","guid":{"rendered":"https:\/\/www.europesays.com\/fr\/69136\/"},"modified":"2025-05-02T10:42:09","modified_gmt":"2025-05-02T10:42:09","slug":"florent-pagny-raconte-sur-rtl-la-genese-de-taimer-encore-sa-premiere-chanson-depuis-son-cancer","status":"publish","type":"post","link":"https:\/\/www.europesays.com\/fr\/69136\/","title":{"rendered":"Florent Pagny raconte sur RTL la gen\u00e8se de \u00ab\u00a0T&rsquo;aimer encore\u00a0\u00bb, sa premi\u00e8re chanson depuis son cancer"},"content":{"rendered":"<\/p>\n<p class=\"article-p mdl\">Florent Pagny est de retour avec un nouveau single. Le jur\u00e9 de The Voice sur TF1 sort son premier titre depuis quatre ans.\u00a0\u00ab\u00a0Il me reste tant de choses \u00e0 dire, tant de gestes pour te faire sourire. Je veux t&rsquo;aimer encore, qu&rsquo;elle attende la mort, je veux t&rsquo;aimer encore\u00a0\u00bb, dit ce\u00a0morceau intitul\u00e9\u00a0T&rsquo;aimer encore,\u00a0\u00e9crit, compos\u00e9 et r\u00e9alis\u00e9 pour lui par le chanteur Vianney.<\/p>\n<p class=\"article-p mdl\">Ces deux artistes n&rsquo;ont pas attendu de faire partie de la m\u00eame \u00e9mission pour faire connaissance : il y a dix ans,\u00a0<a class=\"link\" href=\"https:\/\/www.rtl.fr\/actu\/debats-societe\/invitee-rtl-florent-pagny-face-a-la-maladie-mon-pere-n-a-jamais-baisse-les-bras-ce-n-est-pas-dans-sa-nature-confie-sa-fille-ael-7900436575\" title=\"INVIT\u00c9E RTL - Florent Pagny : &quot;Face \u00e0 la maladie, mon p\u00e8re n&#039;a jamais baiss\u00e9 les bras, ce n&#039;est pas dans sa nature&quot;, confie sa fille Ael\" target=\"_blank\" rel=\"noopener\"><strong>Florent Pagny<\/strong><\/a><strong>\u00a0a permis \u00e0\u00a0<\/strong><a class=\"link\" href=\"https:\/\/www.rtl.fr\/culture\/musique\/vianney-devoile-son-nouveau-single-avec-la-reprise-un-monument-de-la-chanson-internationale-7900494446\" title=\"Vianney d\u00e9voile son nouveau single avec la reprise d\u2019un monument de la chanson internationale\" target=\"_blank\" rel=\"noopener\"><strong>Vianney<\/strong><\/a><strong>\u00a0de faire ses premiers pas sur sc\u00e8ne<\/strong> en le prenant en premi\u00e8re partie. La collaboration entre les deux artistes ne s&rsquo;est pas arr\u00eat\u00e9e l\u00e0 et <strong>Vianney a continu\u00e9 d&rsquo;envoyer des textes \u00e0 Florent Pagny<\/strong>. C&rsquo;est le cas de cette chanson.<\/p>\n<p class=\"article-p mdl\">\u00ab\u00a0<strong>Elle est arriv\u00e9e le 12 janvier 2023<\/strong>. Je suis en plein dans l&rsquo;histoire (de mon cancer). Je lui dis, &lsquo;bon, \u00e9coute, tu m&rsquo;as envoy\u00e9 une magnifique chanson, un magnifique message qui me concerne, mais qui peut concerner vraiment beaucoup de monde&rsquo;. Cependant, je ne vais pas chanter \u00e7a tout de suite. Donc, on va attendre un peu et je verrai quand j&rsquo;aurai envie d&rsquo;y retourner. On est deux ans et demi plus tard, l\u00e0, la chanson peut appara\u00eetre. Il y a du pass\u00e9, le pass\u00e9 est pass\u00e9 et le pr\u00e9sent va bien et puis on ne sait pas ce que le futur nous r\u00e9serve\u00a0\u00bb explique-t-il au micro de\u00a0<a class=\"link\" href=\"https:\/\/www.rtl.fr\/programmes\/rtl-matin\" target=\"_blank\" rel=\"noopener\">RTL Matin<\/a>\u00a0sur RTL.<\/p>\n<p>            \u00ab\u00a0Une chanson d\u00e9di\u00e9e \u00e0 ceux qui m&rsquo;aiment\u00a0\u00bb<\/p>\n<p class=\"article-p mdl\">Cette chanson est une d\u00e9claration d&rsquo;amour en direct \u00e0 sa femme mais \u00e9galement \u00ab\u00a0\u00e0 tous ceux qui m&rsquo;aiment car<strong> j&rsquo;ai re\u00e7u tellement d&rsquo;amour pendant la maladie<\/strong> et je peux vous dire que \u00e7a m&rsquo;a aid\u00e9 pour plein de choses.\u00a0\u00bb Ce morceau annonce <strong>un album qui sortira en septembre prochain<\/strong>, le 21e de sa carri\u00e8re. <strong>Florent Pagny a d\u00e9voil\u00e9 son nom en exclusivit\u00e9 sur RTL : \u00ab\u00a0Grandeur Nature\u00a0\u00bb.<\/strong><\/p>\n<p class=\"article-p mdl\">Le pr\u00e9c\u00e9dent album d&rsquo;in\u00e9dits date de 2021. Depuis l&rsquo;annonce de son cancer en 2022, Florent Pagny a re\u00e7u de tr\u00e8s nombreux messages de soutien mais \u00e9galement de tr\u00e8s nombreuses chansons de ses amis :\u00a0<a class=\"link\" href=\"https:\/\/www.rtl.fr\/culture\/medias-people\/video-les-grosses-tetes-marc-lavoine-fait-son-grand-retour-dans-l-emission-7900194459\" title=\"VID\u00c9O - Les Grosses T\u00eates : Marc Lavoine fait son grand retour dans l&#039;\u00e9mission\" target=\"_blank\" rel=\"noopener\">Marc Lavoine<\/a>,\u00a0<a class=\"link\" href=\"https:\/\/www.rtl.fr\/culture\/musique\/vianney-et-zazie-en-duo-decouvrez-leur-titre-comment-on-fait-7900288819\" title=\"Vianney et Zazie en duo : d\u00e9couvrez leur titre &quot;Comment on fait&quot;\" target=\"_blank\" rel=\"noopener\">Zazie<\/a>,\u00a0<a class=\"link\" href=\"https:\/\/www.rtl.fr\/culture\/musique\/invite-rtl-pascal-obispo-j-essaie-d-etirer-le-temps-confie-le-chanteur-qui-devoile-son-nouvel-album-le-beau-qui-pleut-7900298341\" title=\"INVIT\u00c9 RTL - Pascal Obispo : &quot;J&#039;essaie d&#039;\u00e9tirer le temps&quot;, confie le chanteur qui d\u00e9voile son nouvel album &quot;Le beau qui pleut&quot;\" target=\"_blank\" rel=\"noopener\">Pascal Obispo<\/a>,\u00a0<a class=\"link\" href=\"https:\/\/www.rtl.fr\/culture\/musique\/info-rtl-calogero-cree-sa-premiere-comedie-musicale-sur-le-comte-de-monte-cristo-7900418350\" title=\"INFO RTL - Calogero cr\u00e9e sa premi\u00e8re com\u00e9die musicale sur &quot;Le Comte de Monte-Cristo&quot;\" target=\"_blank\" rel=\"noopener\">Calogero<\/a>,\u00a0<a class=\"link\" href=\"https:\/\/www.rtl.fr\/actu\/debats-societe\/les-infos-de-6h-cancer-du-sein-carla-bruni-lance-un-appel-aux-femmes-pour-le-depistage-sur-rtl-7900417327\" title=\"Les infos de 6h - Cancer du sein : Carla Bruni lance un appel aux femmes pour le d\u00e9pistage sur RTL\" target=\"_blank\" rel=\"noopener\">Carla Bruni<\/a>\u00a0et donc\u00a0<a class=\"link\" href=\"https:\/\/www.rtl.fr\/culture\/musique\/exclu-rtl-renaud-vianney-c-est-un-futur-grand-7900326734\" title=\"EXCLU RTL - Renaud : Vianney, &quot;c&#039;est un futur grand&quot;\" target=\"_blank\" rel=\"noopener\">Vianney<\/a>. Du beau monde derri\u00e8re les titres de ce nouvel album.<br \/>\u00a0<br \/>Ce retour dans les bacs s&rsquo;accompagnera d&rsquo;un retour sur sc\u00e8ne pour Florent Pagny. S&rsquo;il a d\u00e9j\u00e0 donn\u00e9 quelques concerts depuis ses ennuis de sant\u00e9. Il avait assur\u00e9 quelques dates en 2023, mais il avait d\u00fb annuler la grande tourn\u00e9e \u00ab\u00a0massive\u00a0\u00bb qu&rsquo;il avait pr\u00e9vu pour ses 60 ans. Cette s\u00e9rie de concerts verra le jour, l&rsquo;ann\u00e9e prochaine, pour ses 65 ans <strong>avec un mois \u00e0 l&rsquo;Olympia, \u00e0 Paris, en juillet 2026. <\/strong>\u00ab\u00a0La vie doit \u00eatre remplie de projets. S&rsquo;il n&rsquo;y a plus de projets, s&rsquo;il n&rsquo;y a plus de choses, si on est l\u00e0 en train de se dire &lsquo;je reste tranquille dans mon coin parce que je ne sais pas ce qui va m&rsquo;arriver&rsquo;, ce n&rsquo;est pas bien. Il faut y aller et se projeter.\u00a0\u00bb<\/p>\n<p>    La r\u00e9daction vous recommande<\/p>\n<p class=\"s-newsletter__title\">\n                L\u2019actualit\u00e9 par la r\u00e9daction de RTL dans votre bo\u00eete mail.\n            <\/p>\n<p class=\"s-newsletter__subtitle\">\n                Gr\u00e2ce \u00e0 votre compte RTL abonnez-vous \u00e0 la newsletter RTL info pour suivre toute l&rsquo;actualit\u00e9 au quotidien\n            <\/p>\n<p>\n                                    Lire la suite\n                                <\/p>\n","protected":false},"excerpt":{"rendered":"Florent Pagny est de retour avec un nouveau single. Le jur\u00e9 de The Voice sur TF1 sort son&hellip;\n","protected":false},"author":2,"featured_media":69137,"comment_status":"","ping_status":"","sticky":false,"template":"","format":"standard","meta":{"footnotes":""},"categories":[1355],"tags":[1695,58,59,2414,107,3109,1011,27,1361,873],"class_list":{"0":"post-69136","1":"post","2":"type-post","3":"status-publish","4":"format-standard","5":"has-post-thumbnail","7":"category-musique","8":"tag-chanson","9":"tag-divertissement","10":"tag-entertainment","11":"tag-fil-culture","12":"tag-fil-info","13":"tag-florent-pagny","14":"tag-fr","15":"tag-france","16":"tag-music","17":"tag-musique"},"share_on_mastodon":{"url":"","error":""},"_links":{"self":[{"href":"https:\/\/www.europesays.com\/fr\/wp-json\/wp\/v2\/posts\/69136","targetHints":{"allow":["GET"]}}],"collection":[{"href":"https:\/\/www.europesays.com\/fr\/wp-json\/wp\/v2\/posts"}],"about":[{"href":"https:\/\/www.europesays.com\/fr\/wp-json\/wp\/v2\/types\/post"}],"author":[{"embeddable":true,"href":"https:\/\/www.europesays.com\/fr\/wp-json\/wp\/v2\/users\/2"}],"replies":[{"embeddable":true,"href":"https:\/\/www.europesays.com\/fr\/wp-json\/wp\/v2\/comments?post=69136"}],"version-history":[{"count":0,"href":"https:\/\/www.europesays.com\/fr\/wp-json\/wp\/v2\/posts\/69136\/revisions"}],"wp:featuredmedia":[{"embeddable":true,"href":"https:\/\/www.europesays.com\/fr\/wp-json\/wp\/v2\/media\/69137"}],"wp:attachment":[{"href":"https:\/\/www.europesays.com\/fr\/wp-json\/wp\/v2\/media?parent=69136"}],"wp:term":[{"taxonomy":"category","embeddable":true,"href":"https:\/\/www.europesays.com\/fr\/wp-json\/wp\/v2\/categories?post=69136"},{"taxonomy":"post_tag","embeddable":true,"href":"https:\/\/www.europesays.com\/fr\/wp-json\/wp\/v2\/tags?post=69136"}],"curies":[{"name":"wp","href":"https:\/\/api.w.org\/{rel}","templated":true}]}}