{"id":691366,"date":"2026-01-26T22:42:09","date_gmt":"2026-01-26T22:42:09","guid":{"rendered":"https:\/\/www.europesays.com\/fr\/691366\/"},"modified":"2026-01-26T22:42:09","modified_gmt":"2026-01-26T22:42:09","slug":"cest-devenu-david-mousset-marceau","status":"publish","type":"post","link":"https:\/\/www.europesays.com\/fr\/691366\/","title":{"rendered":"\u201cC\u2019est devenu\u2026\u201d, David Mousset (Marceau) &#8230;"},"content":{"rendered":"<p>EN BREF<\/p>\n<ul class=\"bloc_resume_post_list\">\n<li>Depuis 2017, \u00ab\u00a0Demain nous appartient&rsquo; sur TF1 suit la vie<br \/>\ndes habitants de S\u00e8te, avec des acteurs comme Ingrid Chauvin et<br \/>\nAlexandre Brasseur.<\/li>\n<li>David Mousset raconte sa premi\u00e8re rencontre avec Shirley<br \/>\nBousquet dans un train pour S\u00e8te, marqu\u00e9e par une approche<br \/>\naudacieuse et une connexion imm\u00e9diate.<\/li>\n<li>La relation entre David Mousset et Shirley Bousquet s&rsquo;est<br \/>\nrenforc\u00e9e au-del\u00e0 du tournage, avec une complicit\u00e9 qui se traduit<br \/>\npar des improvisations sur le plateau.<\/li>\n<\/ul>\n<p data-start=\"0\" data-end=\"131\" data-is-last-node=\"\" data-is-only-node=\"\">TF1 diffuse <strong>Demain nous appartient<\/strong> tous les jours<br \/>\ndepuis 2017, et la s\u00e9rie suit la vie des habitants de la ville<br \/>\nfictive de S\u00e8te. Entre drames familiaux, secrets, enqu\u00eates et<br \/>\nhistoires d\u2019amour, la s\u00e9rie s\u2019est impos\u00e9e comme un rendez-vous<br \/>\nincontournable du prime time fran\u00e7ais.<\/p>\n<p data-start=\"42\" data-end=\"331\">Le casting r\u00e9unit des visages<br \/>\ntr\u00e8s connus du petit \u00e9cran, comme <a href=\"https:\/\/www.closermag.fr\/people\/ingrid-chauvin-l-actrice-se-confie-sur-ces-reveils-en-pleine-nuit-qui-l-ont-poussee-a-divorcer-1389185\" target=\"_blank\" rel=\"noopener\"><br \/>\nIngrid Chauvin<\/a>, Alexandre Brasseur, Julie Debazac ou encore<br \/>\nLorie Pester, mais aussi de jeunes talents qui ont su s\u2019imposer au<br \/>\nfil des saisons. \u00a0C\u2019est dans ce d\u00e9cor que se d\u00e9veloppent les<br \/>\npersonnages phares comme Chlo\u00e9, Alex, Martin ou encore Erica,<br \/>\nincarn\u00e9e par Shirley Bousquet, autour de laquelle se nouent des<br \/>\n<strong>relations fortes, parfois explosives<\/strong>, mais<br \/>\ntoujours tr\u00e8s humaines.<\/p>\n<p>Une complicit\u00e9 n\u00e9e d\u00e8s le premier voyage<\/p>\n<p data-start=\"47\" data-end=\"1030\">Alors que sa m\u00e8re \u00e0 l\u2019\u00e9cran,<br \/>\nErica (<a href=\"https:\/\/www.telestar.fr\/serie-tv\/un-si-grand-soleil\/shirley-bousquet-unsi-grand-soleil-ses-revelations-sur-l-intrigue-amoureuse-de-son-personnage-613389\" target=\"_blank\" rel=\"noopener\">Shirley<br \/>\nBousquet<\/a>), a enfin retrouv\u00e9 un peu de paix dans Demain nous appartient, l\u2019acteur David<br \/>\nMousset d\u00e9voile, dans une interview pour Allocin\u00e9, l\u2019histoire de<br \/>\nleur toute premi\u00e8re rencontre. Il raconte : \u201cLa premi\u00e8re fois<br \/>\nque j&rsquo;ai rencontr\u00e9 Shirley Bousquet dans le train pour S\u00e8te, c&rsquo;est<br \/>\nvrai qu&rsquo;au lieu de dire \u2018Bonjour, excusez-moi de vous d\u00e9ranger\u2019,<br \/>\n<strong>je suis all\u00e9 la voir avec mon c\u00f4t\u00e9 culott\u00e9<\/strong> et je<br \/>\nlui ai dit : \u2018Excusez-moi de vous d\u00e9ranger, c&rsquo;est juste pour vous<br \/>\ndire que je suis votre fils.\u2019 Elle a paniqu\u00e9.\u201d<\/p>\n<p data-start=\"47\" data-end=\"1030\">Il poursuit ensuite : \u201cElle<br \/>\nm&rsquo;a regard\u00e9, elle m&rsquo;a dit : \u2018Comment \u00e7a ?\u2019 Je lui dis : \u2018Non, je<br \/>\nvoulais dire dans la s\u00e9rie\u2019. J&rsquo;ai chang\u00e9 mon billet, je me suis mis<br \/>\n\u00e0 c\u00f4t\u00e9 d&rsquo;elle et on a parl\u00e9 pendant trois, quatre heures.<br \/>\n<strong>Le lien s&rsquo;est fait tr\u00e8s vite<\/strong>. C&rsquo;est une femme qui<br \/>\nest tr\u00e8s ouverte d&rsquo;esprit, qui est dot\u00e9e d&rsquo;une humilit\u00e9 incroyable,<br \/>\nqui est tr\u00e8s maternelle et qui avait vraiment envie de travailler<br \/>\ndans cette s\u00e9rie.\u201d<\/p>\n<p>Demain nous appartient : une<br \/>\nrelation qui d\u00e9passe le tournage<\/p>\n<p data-start=\"1075\" data-end=\"2009\" data-is-last-node=\"\" data-is-only-node=\"\">Le coll\u00e8gue de <a href=\"https:\/\/www.telestar.fr\/serie_tv\/demain-nous-appartient-en-avance-le-27-janvier-vahina-enleve-enora-et-chloe-et-raphaelle-se-reconcilient-enfin-1752077\" target=\"_blank\" rel=\"noopener\"><br \/>\nVahina<\/a>, David Mousset, explique que leur relation s\u2019est<br \/>\nrapidement renforc\u00e9e : \u201cEt comme moi je venais d&rsquo;arriver et que<br \/>\nj&rsquo;\u00e9tais un peu dans le m\u00eame \u00e9tat d&rsquo;esprit, \u00e7a a match\u00e9 direct. Et<br \/>\nc&rsquo;est vrai que c<strong>&lsquo;est une femme que je vois en dehors des<br \/>\nplateaux de tournage<\/strong>, qui m&rsquo;aide beaucoup dans le travail<br \/>\net qui est tr\u00e8s r\u00e9ceptive \u00e0 ce que je lui renvoie et<br \/>\ninversement.\u201d<\/p>\n<p data-start=\"1075\" data-end=\"2009\" data-is-last-node=\"\" data-is-only-node=\"\">Il confie \u00e9galement : \u201cJ&rsquo;ai de la chance<br \/>\nde tourner avec quelqu&rsquo;un qui est devenue ma maman<br \/>\nartistique\u201d, avant de d\u00e9tailler leur fa\u00e7on de travailler<br \/>\nensemble : \u201cD\u00e9j\u00e0 on s&rsquo;est dit que toutes nos s\u00e9quences<br \/>\npr\u00e9f\u00e9r\u00e9es, c&rsquo;\u00e9tait quand on \u00e9tait tous les deux parce qu&rsquo;on a mis<br \/>\nen place ce truc d&rsquo;essayer de surprendre l&rsquo;autre\u2026 On laisse<br \/>\nbeaucoup de place \u00e0 l&rsquo;improvisation\u2026 C&rsquo;est un esp\u00e8ce de combat<br \/>\nd&rsquo;\u00e9p\u00e9e sans fin.\u201d Et il conclut :<br \/>\n<strong>\u201c<\/strong><strong>Ils se renvoient la balle et ils<br \/>\nadorent \u00e7a tous les deux\u2026 on s&rsquo;envoie des piques toutes les dix<br \/>\nsecondes et on essaie de faire craquer l&rsquo;autr<\/strong>e.\u201d<\/p>\n","protected":false},"excerpt":{"rendered":"EN BREF Depuis 2017, \u00ab\u00a0Demain nous appartient&rsquo; sur TF1 suit la vie des habitants de S\u00e8te, avec des&hellip;\n","protected":false},"author":2,"featured_media":691367,"comment_status":"","ping_status":"","sticky":false,"template":"","format":"standard","meta":{"footnotes":""},"categories":[8],"tags":[548,3598,58,59,1011,27,65861],"class_list":{"0":"post-691366","1":"post","2":"type-post","3":"status-publish","4":"format-standard","5":"has-post-thumbnail","7":"category-divertissement","8":"tag-article-simple","9":"tag-demain-nous-appartient","10":"tag-divertissement","11":"tag-entertainment","12":"tag-fr","13":"tag-france","14":"tag-trend"},"share_on_mastodon":{"url":"https:\/\/pubeurope.com\/@fr\/115963818484716566","error":""},"_links":{"self":[{"href":"https:\/\/www.europesays.com\/fr\/wp-json\/wp\/v2\/posts\/691366","targetHints":{"allow":["GET"]}}],"collection":[{"href":"https:\/\/www.europesays.com\/fr\/wp-json\/wp\/v2\/posts"}],"about":[{"href":"https:\/\/www.europesays.com\/fr\/wp-json\/wp\/v2\/types\/post"}],"author":[{"embeddable":true,"href":"https:\/\/www.europesays.com\/fr\/wp-json\/wp\/v2\/users\/2"}],"replies":[{"embeddable":true,"href":"https:\/\/www.europesays.com\/fr\/wp-json\/wp\/v2\/comments?post=691366"}],"version-history":[{"count":0,"href":"https:\/\/www.europesays.com\/fr\/wp-json\/wp\/v2\/posts\/691366\/revisions"}],"wp:featuredmedia":[{"embeddable":true,"href":"https:\/\/www.europesays.com\/fr\/wp-json\/wp\/v2\/media\/691367"}],"wp:attachment":[{"href":"https:\/\/www.europesays.com\/fr\/wp-json\/wp\/v2\/media?parent=691366"}],"wp:term":[{"taxonomy":"category","embeddable":true,"href":"https:\/\/www.europesays.com\/fr\/wp-json\/wp\/v2\/categories?post=691366"},{"taxonomy":"post_tag","embeddable":true,"href":"https:\/\/www.europesays.com\/fr\/wp-json\/wp\/v2\/tags?post=691366"}],"curies":[{"name":"wp","href":"https:\/\/api.w.org\/{rel}","templated":true}]}}