{"id":69138,"date":"2025-05-02T10:43:34","date_gmt":"2025-05-02T10:43:34","guid":{"rendered":"https:\/\/www.europesays.com\/fr\/69138\/"},"modified":"2025-05-02T10:43:34","modified_gmt":"2025-05-02T10:43:34","slug":"le-titre-du-film-a-t-il-un-lien-avec-la-grande-vadrouille","status":"publish","type":"post","link":"https:\/\/www.europesays.com\/fr\/69138\/","title":{"rendered":"Le titre du film a-t-il un lien avec La Grande vadrouille ?"},"content":{"rendered":"<p>Derri\u00e8re et devant la cam\u00e9ra, Bruno Podalyd\u00e8s met en sc\u00e8ne Sandrine Kiberlain, Daniel Auteuil, et Denis Podalyd\u00e8s dans La Petite vadrouille, diffus\u00e9 ce vendredi 2 mai 2025 \u00e0 21h10 sur Canal+. Un titre qui rappelle \u00e9videmment celui du film culte de G\u00e9rard Oury&#8230; Mais a-t-il vraiment un lien avec La Grande vadrouille ? <\/p>\n<p>Chez les Podalyd\u00e8s, le cin\u00e9ma est une affaire de fratrie. Il y a bien s\u00fbr Denis, acteur de cin\u00e9ma et de th\u00e9\u00e2tre soci\u00e9taire de la Com\u00e9die-Fran\u00e7aise ; et Bruno, visage sans doute un peu connu que son fr\u00e8re, mais non moins talentueux. \u00c9galement com\u00e9dien, <a href=\"https:\/\/www.programme-tv.net\/news\/cinema\/209290-becassine-bruno-podalydes-et-emeline-bayart-defendent-leur-becassine-interview-video\/\" data-api-deeplink=\"teleloisirs:\/\/news\/209290\" target=\"_blank\" rel=\"noopener\">il se fait surtout remarquer depuis 25 ans en tant que sc\u00e9nariste et r\u00e9alisateur<\/a>. Si vous me demandez, j&rsquo;ai un petit faible pour <a href=\"https:\/\/www.programme-tv.net\/news\/cinema\/253650-le-mystere-de-la-chambre-jaune-france-2-un-jubilatoire-casse-tete-policier-pour-denis-podalydes\/\" data-api-deeplink=\"teleloisirs:\/\/news\/253650\" target=\"_blank\" rel=\"noopener\">le jubilatoire Le Myst\u00e8re de la chambre jaune<\/a>, adaptation des aventures de Joseph Rouletabille, d&rsquo;ailleurs interpr\u00e9t\u00e9 par Denis Podalyd\u00e8s. Ils retrouveront ensuite le personnage de Gaston Leroux dans Le Parfum de la dame en noir. Car \u00e0 chacun de ses longs-m\u00e9trages, <a href=\"https:\/\/www.programme-tv.net\/news\/cinema\/326870-exclu-denis-podalydes-cest-naturel-de-jouer-avec-mon-frere-bruno\/\" data-api-deeplink=\"teleloisirs:\/\/news\/326870\" target=\"_blank\" rel=\"noopener\">le cin\u00e9aste a coutume de travailler avec Denis Podalyd\u00e8s<\/a>. Son dernier film, La Petite vadrouille, ne d\u00e9roge pas \u00e0 la r\u00e8gle.<\/p>\n<p>La Petite vadrouille : \u00ab\u00a0C&rsquo;est un projet que j&rsquo;ai en t\u00eate depuis 2003\u00a0\u00bb, explique Bruno Podalyd\u00e8s<\/p>\n<p>La Petite vadrouille met en sc\u00e8ne un chef d&rsquo;entreprise chargeant sa proche collaboratrice, Justine, de lui organiser un week-end romantique afin de s\u00e9duire une femme. Elle y voit un moyen de r\u00e9gler ses probl\u00e8mes d&rsquo;argent. Elle pr\u00e9pare alors une arnaque avec son mari et leur bande d&rsquo;amis. Un film sur lequel Bruno Podalyd\u00e8s travaille depuis tr\u00e8s longtemps  : \u00ab\u00a0C\u2019est un projet que j\u2019ai en t\u00eate depuis 2003, du moment o\u00f9 j\u2019ai commenc\u00e9 \u00e0 faire de petites croisi\u00e8res fluviales en famille. J\u2019ai ador\u00e9 ce mode de vacances. Petit \u00e0 petit, j\u2019ai d\u00e9couvert une multitude de canaux &#8211; il est extr\u00eamement facile de circuler en bateau du sud de la France jusqu\u2019en Allemagne, et m\u00eame au-del\u00e0, tant le r\u00e9seau de ces canaux est riche. Mais il faut un rapport au temps apais\u00e9 pour ce genre de voyage. Je r\u00eavais d\u2019une histoire qui puisse se d\u00e9rouler dans ce rythme et ce cadre. Est venu se greffer le r\u00e9cit de cette croisi\u00e8re bidonn\u00e9e, dont l\u2019effet troupe me s\u00e9duisait. Mon amour sans doute pour To Be or Not To Be, d\u2019Ernst Lubitsch, que j\u2019ai vu et revu et qui m\u2019a tant marqu\u00e9\u2026\u00a0\u00bb, raconte le cin\u00e9aste pour le dossier de presse.<\/p>\n<p>                        Y a-t-il un lien entre le film La Petite vadrouille de Bruno Podalyd\u00e8s et La Grande vadrouille ?<\/p>\n<p>Pour cette plaisante com\u00e9die \u00e0 l&rsquo;humour burlesque, Bruno Podalyd\u00e8s retrouve (outre son fr\u00e8re) une habitu\u00e9e de son cin\u00e9ma : Sandrine Kiberlain, alors que Daniel Auteuil campe son patron.  \u00c0 l&rsquo;\u00e9vocation du titre, beaucoup pensent forc\u00e9ment <a href=\"https:\/\/www.programme-tv.net\/news\/cinema\/364191-la-grande-vadrouille-pourquoi-le-tournage-du-film-a-t-il-ete-particulierement-arrose\/\" data-api-deeplink=\"teleloisirs:\/\/news\/364191\" target=\"_blank\" rel=\"noopener\">au classique de G\u00e9rard Oury<\/a>. Et si les deux films ne sont pas a priori li\u00e9s, ce choix n&rsquo;est tout de m\u00eame pas innocent de la part du metteur en sc\u00e8ne : \u00ab\u00a0C\u2019est clairement et modestement un hommage au chef d\u2019oeuvre La Grande Vadrouille qui a illumin\u00e9 mon enfance. J\u2019admire la pr\u00e9cision, la simplicit\u00e9 et l\u2019humanit\u00e9 de la mise en sc\u00e8ne de G\u00e9rard Oury\u00a0\u00bb. Pour le plus grand bonheur de Daniel Auteuil : \u00ab\u00a0La r\u00e9f\u00e9rence \u00e0 La Grande Vadrouille m\u2019a beaucoup plu\u2026 Mais apr\u00e8s, je suis all\u00e9 vadrouill\u00e9 sur Internet et j\u2019ai d\u00e9couvert qu\u2019il y avait \u00e9norm\u00e9ment de petites vadrouilles &#8211; des restaurants, plein de lieux ; des petites petites vadrouilles, des p\u2019tites vadrouilles\u2026 Le titre est tr\u00e8s joli bien s\u00fbr. Surtout, il n\u2019est pas pr\u00e9tentieux\u00a0\u00bb.<\/p>\n","protected":false},"excerpt":{"rendered":"Derri\u00e8re et devant la cam\u00e9ra, Bruno Podalyd\u00e8s met en sc\u00e8ne Sandrine Kiberlain, Daniel Auteuil, et Denis Podalyd\u00e8s dans&hellip;\n","protected":false},"author":2,"featured_media":69139,"comment_status":"","ping_status":"","sticky":false,"template":"","format":"standard","meta":{"footnotes":""},"categories":[1354],"tags":[17130,1419,244,17131,17133,58,59,1346,1011,27,1360,17132,129],"class_list":{"0":"post-69138","1":"post","2":"type-post","3":"status-publish","4":"format-standard","5":"has-post-thumbnail","7":"category-films","8":"tag-bruno-podalydu00e8s","9":"tag-canal-plus","10":"tag-commentaire","11":"tag-daniel-auteuil","12":"tag-denis-podalydu00e8s","13":"tag-divertissement","14":"tag-entertainment","15":"tag-films","16":"tag-fr","17":"tag-france","18":"tag-movies","19":"tag-sandrine-kiberlain","20":"tag-svod"},"share_on_mastodon":{"url":"https:\/\/pubeurope.com\/@fr\/114437829677112182","error":""},"_links":{"self":[{"href":"https:\/\/www.europesays.com\/fr\/wp-json\/wp\/v2\/posts\/69138","targetHints":{"allow":["GET"]}}],"collection":[{"href":"https:\/\/www.europesays.com\/fr\/wp-json\/wp\/v2\/posts"}],"about":[{"href":"https:\/\/www.europesays.com\/fr\/wp-json\/wp\/v2\/types\/post"}],"author":[{"embeddable":true,"href":"https:\/\/www.europesays.com\/fr\/wp-json\/wp\/v2\/users\/2"}],"replies":[{"embeddable":true,"href":"https:\/\/www.europesays.com\/fr\/wp-json\/wp\/v2\/comments?post=69138"}],"version-history":[{"count":0,"href":"https:\/\/www.europesays.com\/fr\/wp-json\/wp\/v2\/posts\/69138\/revisions"}],"wp:featuredmedia":[{"embeddable":true,"href":"https:\/\/www.europesays.com\/fr\/wp-json\/wp\/v2\/media\/69139"}],"wp:attachment":[{"href":"https:\/\/www.europesays.com\/fr\/wp-json\/wp\/v2\/media?parent=69138"}],"wp:term":[{"taxonomy":"category","embeddable":true,"href":"https:\/\/www.europesays.com\/fr\/wp-json\/wp\/v2\/categories?post=69138"},{"taxonomy":"post_tag","embeddable":true,"href":"https:\/\/www.europesays.com\/fr\/wp-json\/wp\/v2\/tags?post=69138"}],"curies":[{"name":"wp","href":"https:\/\/api.w.org\/{rel}","templated":true}]}}