{"id":691429,"date":"2026-01-26T23:22:20","date_gmt":"2026-01-26T23:22:20","guid":{"rendered":"https:\/\/www.europesays.com\/fr\/691429\/"},"modified":"2026-01-26T23:22:20","modified_gmt":"2026-01-26T23:22:20","slug":"intimite-une-realisation-en-toute-familiarite","status":"publish","type":"post","link":"https:\/\/www.europesays.com\/fr\/691429\/","title":{"rendered":"Intimit\u00e9, une r\u00e9alisation en toute familiarit\u00e9"},"content":{"rendered":"<p>\n        Dans le 3e arrondissement parisien, DVVD \u00e9labore un projet discret aux traits \u00e9pur\u00e9s. Un exercice complexe dans un milieu urbain dense.\n    <\/p>\n<p>Baptis\u00e9 Intimit\u00e9, il s\u2019agit d\u2019un projet habile qui s\u2019ins\u00e8re avec tact dans un environnement pr\u00e9serv\u00e9 tout en proposant <strong>une \u00e9criture nouvelle<\/strong>. C\u2019est une r\u00e9alisation qui suit l\u2019\u00e9volution urbaine du quartier du Marais. En effet, la construction prend place sur une parcelle entour\u00e9e par divers styles architecturaux, h\u00e9ritage d\u2019une ville qui a su progresser au fil du temps.<\/p>\n<p>La mutation d&rsquo;un projet vieillissant devenu obsol\u00e8te<\/p>\n<p>\u00a0<\/p>\n<p>C\u2019est dans cette diversit\u00e9 que <a href=\"https:\/\/www.batiweb.com\/actualites\/architecture\/wikivillage-le-nouveau-tiers-lieu-parisien-45888\" target=\"_blank\" rel=\"noopener\">DVVD <\/a>\u00e9labore son projet : un ensemble h\u00e9t\u00e9roclite qui remplace un parc de stationnement <strong>post-moderne<\/strong> constitu\u00e9 de cinq niveaux, d\u00e9cal\u00e9s d\u2019un demi-niveau parall\u00e8lement \u00e0 la rue, avec un demi-sous-sol \u00e0 l\u2019arri\u00e8re. Intimit\u00e9 r\u00e9sulte donc de la mutation d\u2019un projet vieillissant devenu obsol\u00e8te vers un programme de logement qui r\u00e9pond favorablement aux attentes de la ville ainsi qu\u2019aux besoins du quartier.<\/p>\n<p><img loading=\"lazy\" decoding=\"async\" alt=\"\" height=\"500\" src=\"https:\/\/www.europesays.com\/fr\/wp-content\/uploads\/2026\/01\/Sipane_2.png\" width=\"750\"\/>\u00a9DVVD &#8211; Nicolas Grosmond<\/p>\n<p>L\u2019ensemble avait subi plusieurs changements au cours de sa vie, <strong>la derni\u00e8re transformation datant de 1998<\/strong> o\u00f9 une cage d\u2019escalier et deux places de stationnement par niveau ont combl\u00e9 l\u2019ultime interstice d\u2019une composition qui s\u2019est immisc\u00e9e en plein c\u0153ur du quartier. Quand on regarde de pr\u00e8s la disposition g\u00e9n\u00e9rale, on comprend mieux la signification de sa nomination.\u00a0<\/p>\n<p>En effet, Intimit\u00e9 constitue une approche savante qui respecte l\u2019entourage, conserve l\u2019\u00e2me du lieu et engendre une nouvelle destination. Tandis que les balcons qui s\u2019\u00e9tirent sur la fa\u00e7ade consolident la tendance voisine, les mat\u00e9riaux contemporains comme la brique verniss\u00e9e ondul\u00e9e ou l\u2019aluminium anodis\u00e9, participent, \u00e0 leur mani\u00e8re, \u00e0 am\u00e9liorer la qualit\u00e9 d\u2019usage des logements.<\/p>\n<p>Pr\u00e8s de 50 % d&rsquo;\u00e9conomie d&rsquo;\u00e9missions de CO2<\/p>\n<p>\u00a0<\/p>\n<p>Afin de distinguer l\u2019ancien du neuf, les architectes ont opt\u00e9 pour des mat\u00e9riaux bruts et p\u00e9rennes comme le b\u00e9ton apparent. Par ailleurs, les lamelles inclin\u00e9es qui rythment la fa\u00e7ade, apportent un certain dynamisme en contraste avec l\u2019uniformit\u00e9 g\u00e9n\u00e9rale.<\/p>\n<p><img loading=\"lazy\" decoding=\"async\" alt=\"\" height=\"500\" src=\"https:\/\/www.europesays.com\/fr\/wp-content\/uploads\/2026\/01\/Sipane_3.png\" width=\"800\"\/>\u00a9DVVD &#8211; Nicolas Grosmond<\/p>\n<p>La construction actuelle occupe la totalit\u00e9 de la parcelle, elle lib\u00e8re n\u00e9anmoins une courette situ\u00e9e dans l\u2019angle sud-ouest. Comme les deux-tiers de la structure originelle ont \u00e9t\u00e9 conserv\u00e9s, il s\u2019agit d\u2019une op\u00e9ration qui <strong>\u00e9conomise pr\u00e8s de 50 % des \u00e9missions<\/strong> par rapport \u00e0 une d\u00e9molition-reconstruction. La transformation participe ainsi au recyclage urbain qui va dans le sens d\u2019une d\u00e9marche environnementale consciencieuse.<\/p>\n<p>Soulignons que les architectes ont cr\u00e9\u00e9 au centre du b\u00e2timent, un patio v\u00e9g\u00e9talis\u00e9, qui, mis \u00e0 part ses qualit\u00e9s esth\u00e9tiques et apaisantes, apporte la lumi\u00e8re naturelle et le confort thermique \u00e0 des int\u00e9rieurs g\u00e9n\u00e9reux et largement optimis\u00e9s. L\u2019ancienne construction d\u00e9su\u00e8te est d\u00e9sormais transform\u00e9e en une nouvelle r\u00e9alisation qui croise originalit\u00e9 et bien-\u00eatre sans oublier ses qualit\u00e9s environnementales qui lui ont valu la <a href=\"https:\/\/www.batiweb.com\/actualites\/developpement-durable\/110-000-logements-certifies-par-cerqual-qualitel-certification-et-cequami-en-2016-30111\" target=\"_blank\" rel=\"noopener\">certification BEE<\/a> (B\u00e2timent Energie Environnement). De ce fait, le projet Intimit\u00e9 participe activement \u00e0 faire la ville sur la ville. Les architectes de DVVD ont de quoi \u00eatre fiers !<\/p>\n<p>Par Sipane Hoh<\/p>\n","protected":false},"excerpt":{"rendered":"Dans le 3e arrondissement parisien, DVVD \u00e9labore un projet discret aux traits \u00e9pur\u00e9s. Un exercice complexe dans un&hellip;\n","protected":false},"author":2,"featured_media":691430,"comment_status":"","ping_status":"","sticky":false,"template":"","format":"standard","meta":{"footnotes":""},"categories":[1888],"tags":[1111,1928,11,1927,78742,9250,1350,78745,78743,1777,674,1011,27,12,1926,78744,626,1925,25],"class_list":{"0":"post-691429","1":"post","2":"type-post","3":"status-publish","4":"format-standard","5":"has-post-thumbnail","7":"category-paris","8":"tag-actu","9":"tag-actu-paris","10":"tag-actualites","11":"tag-actualites-paris","12":"tag-agence-dvvd","13":"tag-amenagement-urbain","14":"tag-architecture","15":"tag-certification-bee","16":"tag-dvvd","17":"tag-eu","18":"tag-europe","19":"tag-fr","20":"tag-france","21":"tag-news","22":"tag-news-paris","23":"tag-parc-de-stationnement","24":"tag-paris","25":"tag-paris-news","26":"tag-republique-francaise"},"share_on_mastodon":{"url":"https:\/\/pubeurope.com\/@fr\/115963975914812083","error":""},"_links":{"self":[{"href":"https:\/\/www.europesays.com\/fr\/wp-json\/wp\/v2\/posts\/691429","targetHints":{"allow":["GET"]}}],"collection":[{"href":"https:\/\/www.europesays.com\/fr\/wp-json\/wp\/v2\/posts"}],"about":[{"href":"https:\/\/www.europesays.com\/fr\/wp-json\/wp\/v2\/types\/post"}],"author":[{"embeddable":true,"href":"https:\/\/www.europesays.com\/fr\/wp-json\/wp\/v2\/users\/2"}],"replies":[{"embeddable":true,"href":"https:\/\/www.europesays.com\/fr\/wp-json\/wp\/v2\/comments?post=691429"}],"version-history":[{"count":0,"href":"https:\/\/www.europesays.com\/fr\/wp-json\/wp\/v2\/posts\/691429\/revisions"}],"wp:featuredmedia":[{"embeddable":true,"href":"https:\/\/www.europesays.com\/fr\/wp-json\/wp\/v2\/media\/691430"}],"wp:attachment":[{"href":"https:\/\/www.europesays.com\/fr\/wp-json\/wp\/v2\/media?parent=691429"}],"wp:term":[{"taxonomy":"category","embeddable":true,"href":"https:\/\/www.europesays.com\/fr\/wp-json\/wp\/v2\/categories?post=691429"},{"taxonomy":"post_tag","embeddable":true,"href":"https:\/\/www.europesays.com\/fr\/wp-json\/wp\/v2\/tags?post=691429"}],"curies":[{"name":"wp","href":"https:\/\/api.w.org\/{rel}","templated":true}]}}