{"id":691456,"date":"2026-01-26T23:38:18","date_gmt":"2026-01-26T23:38:18","guid":{"rendered":"https:\/\/www.europesays.com\/fr\/691456\/"},"modified":"2026-01-26T23:38:18","modified_gmt":"2026-01-26T23:38:18","slug":"letat-de-forme-des-bleus-avant-france-irlande","status":"publish","type":"post","link":"https:\/\/www.europesays.com\/fr\/691456\/","title":{"rendered":"l&rsquo;\u00e9tat de forme des Bleus avant France-Irlande"},"content":{"rendered":"<p>                    Par<br \/>\n        <strong><br \/>\n            <a href=\"https:\/\/actu.fr\/auteur\/clement-mazella\" title=\"Consulter tous les articles de Cl\u00e9ment Mazella\" target=\"_blank\" rel=\"noopener\">Cl\u00e9ment Mazella<\/a><br \/>\n                    <\/strong><\/p>\n<p>        Publi\u00e9 le<\/p>\n<p>            26 janv. 2026 \u00e0 12h56        <\/p>\n<p>Dimanche 25 janvier, <a href=\"https:\/\/actu.fr\/sports\/rugby\/xv-de-france\/xv-de-france-la-liste-des-42-pour-le-tournoi-des-6-nations-avec-des-etrangers-et-des-surprises_63726465.html\" target=\"_blank\" rel=\"noopener\">les 42 joueurs<\/a> du <a href=\"https:\/\/actu.fr\/rugby\/xv-de-france\" target=\"_blank\" rel=\"noopener\">XV de France<\/a> retenus par Fabien Galthi\u00e9 pour pr\u00e9parer <a href=\"https:\/\/actu.fr\/rugby\/tournoi-des-6-nations\" target=\"_blank\" rel=\"noopener\">le Tournoi des 6 Nations 2026<\/a> \u2013 except\u00e9s les Clermontois et les Rochelais qui jouaient en soir\u00e9e \u2013 ont rejoint le CNR de Marcoussis. Certains ont v\u00e9cu un super week-end en Top 14, \u00e0 l\u2019image de <strong>Fran\u00e7ois Cros<\/strong> auteur de 80 minutes pleines et rassurantes contre Pau, ou bien le Toulonnais <strong>Ga\u00ebl Dr\u00e9an<\/strong>. Pour d\u2019autres, ce fut plus mitig\u00e9. Et il y a eu de la casse. On fait le point.<\/p>\n<p>XV de France : Ils ont brill\u00e9 ce week-end<\/p>\n<ul class=\" wall-content\">\n<li><strong>Matthieu Jalibert (Bordeaux)<\/strong><\/li>\n<\/ul>\n<p class=\" wall-content\"><a href=\"https:\/\/actu.fr\/tag\/matthieu-jalibert\" target=\"_blank\" rel=\"noopener\">Matthieu Jalibert<\/a> devrait \u00eatre le n\u00b010 titulaire des Bleus pour le premier match contre l\u2019Irlande. Et force est de constater qu\u2019il marche sur l\u2019eau depuis des mois. Contre le Stade Fran\u00e7ais, il a encore sorti une copie de haut vol en attaque (<strong>10 d\u00e9fenseurs battus<\/strong> !), ponctu\u00e9e d\u2019<strong>un essai en solitaire de 50m impressionnant<\/strong>. Yannick Bru l\u2019a sorti \u00e0 la 56e minute, le pr\u00e9servant pour le XV de France. Derri\u00e8re, l\u2019UBB a eu bien plus de mal dans son jeu offensif, et s\u2019est inclin\u00e9e 28-33.<\/p>\n<p class=\" wall-content\">\n<ul class=\" wall-content\">\n<li><strong>Fran\u00e7ois Cros (Toulouse)<\/strong><\/li>\n<\/ul>\n<p class=\" wall-content\">Fran\u00e7ois Cros n\u2019a peut-\u00eatre pas \u00e9t\u00e9 le meilleur Toulousain (Gourgues, Marchand\u2026) lors de la d\u00e9monstration face \u00e0 Pau. Mais il a \u00e9t\u00e9 extr\u00eamement rassurant. Pour sa premi\u00e8re titularisation apr\u00e8s plus de 4 mois d\u2019absence, le 3e ligne a disput\u00e9 80 minutes de tr\u00e8s bonne facture, terminant notamment <strong>meilleur plaqueur des siens (17)<\/strong>. On l\u2019a souvent vu en premier soutien au sol pour faciliter la continuit\u00e9 du jeu. Royal dans l\u2019ombre.<\/p>\n<p class=\" wall-content\">\n<p class=\" wall-content\">Et si en l\u2019absence de Damian Penaud, c\u2019est lui qui s\u2019invitait sur l\u2019aile droite du XV de France face \u00e0 l\u2019Irlande. Cette saison, <strong>Ga\u00ebl Dr\u00e9an est en tr\u00e8s grande forme<\/strong>, comme en attestent ses 12 essais en 14 matchs disput\u00e9s (tous en tant que titulaire). Face \u00e0 Montpellier, la fus\u00e9e toulonnaise a notamment sorti une course de grande classe, sur 50m, pour finir dans l\u2019en-but adverse. Si Galthi\u00e9 applique la politique de l\u2019homme en forme, difficile de l\u2019\u00e9carter.<\/p>\n<p class=\" wall-content\">\n<p class=\" wall-content\"><strong>Mais aussi<\/strong> : Charles Ollivon, Dany Priso, Lenni Nouchi, Tom Staniforth, Fabien Brau-Boirie, Julien Marchand, Emmanuel Meafou\u2026<\/p>\n<p>XV de France : ils ont d\u00e9\u00e7u<\/p>\n<p>Votre r\u00e9gion, votre actu !<\/p>\n<p>Recevez chaque jour les infos qui comptent pour vous.<\/p>\n<p>\t<a href=\"https:\/\/actu.fr\/newsletter\" class=\"ac-btn ac-btn--corner ac-btn--medium ac-btn--blue800\" target=\"_blank\" rel=\"noopener\">S&rsquo;incrire<\/a><\/p>\n<p class=\" wall-content\">On attendait beaucoup de la ligne de 3\/4 de Pau lors du choc \u00e0 Toulouse. Si Brau-Boirie a \u00e9t\u00e9 tr\u00e8s bon et Arfeuil s\u2019est bien comport\u00e9, Th\u00e9o Attissogbe n\u2019a pas brill\u00e9, alors qu\u2019il devait \u00eatre le leader de cette jeune ligne d\u2019attaque b\u00e9arnaise. Moins rassurant qu\u2019\u00e0 l\u2019accoutum\u00e9e, lui qui a retrouv\u00e9 les terrains d\u00e9but janvier apr\u00e8s une s\u00e9rieuse blessure (3 mois d\u2019absence).<\/p>\n<p class=\" wall-content\">\n<ul class=\" wall-content\">\n<li><strong>Alexandre Fischer (Bayonne)<\/strong><\/li>\n<\/ul>\n<p class=\" wall-content\">Guerrier par excellence, Alexandre Fischer a sembl\u00e9 manquer d\u2019\u00e9nergie contre Castres. Ce n\u2019est pas anodin s\u2019il a \u00e9t\u00e9 sorti apr\u00e8s 50 minutes seulement. 5 plaquages, certes tous r\u00e9ussis, mais d\u2019habitude, il ferraille beaucoup plus. <strong>Il est pris sur le premier essai tarnais<\/strong>.<\/p>\n<p>XV de France : ils sont bless\u00e9s et forfait<\/p>\n<p class=\" wall-content\">Comme avant chaque rassemblement, les Bleus ont connu leur lot de bless\u00e9s. Ils sont au nombre de 3 lors de cette 15e journ\u00e9e de Top 14. Et pas des moindres. Les Rochelais <strong>Uini Atonio<\/strong> (touch\u00e9 lors de l\u2019\u00e9chauffement aux cotes) et <strong>Paul Boudehent<\/strong> (cervicales) ont d\u00e9clar\u00e9 forfait ce lundi matin.<\/p>\n<p class=\" wall-content\">Touch\u00e9 \u00e0 un pied, Thibaud Flament a d\u00fb aussi renoncer. Il \u00e9tait toutefois acquis que le deuxi\u00e8me ligne de Toulouse rate France-Irlande en raison du processus de PMA entam\u00e9 par sa femme, qui entrait en conflit avec le match d\u2019ouverture du Tournoi des 6 Nations 2026.<\/p>\n<p class=\" wall-content\">Personnalisez votre actualit\u00e9 en ajoutant vos villes et m\u00e9dias en favori avec <a href=\"https:\/\/moncompte.actu.fr\" title=\"D\u00e9couvez Mon Actu\" rel=\"nofollow noopener\" data-trk=\"{&quot;cta&quot;:{&quot;action&quot;:&quot;https:\\\/\\\/moncompte.actu.fr&quot;,&quot;category&quot;:&quot;mon compte&quot;,&quot;from&quot;:&quot;article footer&quot;,&quot;name&quot;:&quot;Mon actu&quot;,&quot;type&quot;:&quot;cta&quot;}}\" target=\"_blank\">Mon Actu<\/a>.<\/p>\n","protected":false},"excerpt":{"rendered":"Par Cl\u00e9ment Mazella Publi\u00e9 le 26 janv. 2026 \u00e0 12h56 Dimanche 25 janvier, les 42 joueurs du XV&hellip;\n","protected":false},"author":2,"featured_media":691457,"comment_status":"","ping_status":"","sticky":false,"template":"","format":"standard","meta":{"footnotes":""},"categories":[1416],"tags":[1011,27,479,1468,60,7072,513],"class_list":{"0":"post-691456","1":"post","2":"type-post","3":"status-publish","4":"format-standard","5":"has-post-thumbnail","7":"category-rugby","8":"tag-fr","9":"tag-france","10":"tag-rugby","11":"tag-rugby-football","12":"tag-sports","13":"tag-tournoi-des-6-nations","14":"tag-xv-de-france"},"share_on_mastodon":{"url":"https:\/\/pubeurope.com\/@fr\/115964038579914579","error":""},"_links":{"self":[{"href":"https:\/\/www.europesays.com\/fr\/wp-json\/wp\/v2\/posts\/691456","targetHints":{"allow":["GET"]}}],"collection":[{"href":"https:\/\/www.europesays.com\/fr\/wp-json\/wp\/v2\/posts"}],"about":[{"href":"https:\/\/www.europesays.com\/fr\/wp-json\/wp\/v2\/types\/post"}],"author":[{"embeddable":true,"href":"https:\/\/www.europesays.com\/fr\/wp-json\/wp\/v2\/users\/2"}],"replies":[{"embeddable":true,"href":"https:\/\/www.europesays.com\/fr\/wp-json\/wp\/v2\/comments?post=691456"}],"version-history":[{"count":0,"href":"https:\/\/www.europesays.com\/fr\/wp-json\/wp\/v2\/posts\/691456\/revisions"}],"wp:featuredmedia":[{"embeddable":true,"href":"https:\/\/www.europesays.com\/fr\/wp-json\/wp\/v2\/media\/691457"}],"wp:attachment":[{"href":"https:\/\/www.europesays.com\/fr\/wp-json\/wp\/v2\/media?parent=691456"}],"wp:term":[{"taxonomy":"category","embeddable":true,"href":"https:\/\/www.europesays.com\/fr\/wp-json\/wp\/v2\/categories?post=691456"},{"taxonomy":"post_tag","embeddable":true,"href":"https:\/\/www.europesays.com\/fr\/wp-json\/wp\/v2\/tags?post=691456"}],"curies":[{"name":"wp","href":"https:\/\/api.w.org\/{rel}","templated":true}]}}