{"id":691466,"date":"2026-01-26T23:46:15","date_gmt":"2026-01-26T23:46:15","guid":{"rendered":"https:\/\/www.europesays.com\/fr\/691466\/"},"modified":"2026-01-26T23:46:15","modified_gmt":"2026-01-26T23:46:15","slug":"voici-les-10-designers-et-architectes-dinterieur-a-suivre-de-pres-en-2026","status":"publish","type":"post","link":"https:\/\/www.europesays.com\/fr\/691466\/","title":{"rendered":"Voici les 10 designers et architectes d&rsquo;int\u00e9rieur \u00e0 suivre de pr\u00e8s en 2026"},"content":{"rendered":"<p>B\u00e9tyle Studio<\/p>\n<p>\u00c0 moins de 30 ans, Carla Romano et Nicolas Cazenave de la Roche viennent de lancer leur agence d\u2019architecture d\u2019int\u00e9rieur, baptis\u00e9e <strong>B\u00e9tyle Studio<\/strong>. Apr\u00e8s des \u00e9tudes \u00e0 l\u2019\u00c9cole Bleue, \u00e0 Paris, le duo commence \u00e0 se forger un style \u00e0 la fois \u00e9l\u00e9gant et tr\u00e8s dessin\u00e9, offrant notamment une place de choix \u00e0 la marqueterie. En ao\u00fbt 2025, MilK Decoration publiait dans ses pages le <a href=\"https:\/\/www.milkdecoration.com\/ce-duo-darchitectes-dinterieur-a-suivre-signe-son-premier-projet-a-marseille\/\" target=\"_blank\" rel=\"noreferrer noopener\">tout premier projet du studio<\/a>, un lieu hybride de 43 m\u00b2, \u00e0 la fois bureau et chambre d\u2019amis, dont l\u2019atmosph\u00e8re \u00e9voque celle d\u2019un bateau. Quelques mois plus tard, les architectes d\u2019int\u00e9rieur ont sign\u00e9 le d\u00e9cor \u2014 toujours bois\u00e9 \u2014 du restaurant <a href=\"https:\/\/www.milkdecoration.com\/arcane-17-le-nouveau-restaurant-du-marais-au-decor-orchestre-par-betyle-studio\/\" target=\"_blank\" rel=\"noreferrer noopener\">Arcane 17<\/a>, dans le Marais \u00e0 Paris. Ici, ils ont distill\u00e9 de nombreux clins d\u2019\u0153il aux astres et au cosmos, une esth\u00e9tique qui leur est ch\u00e8re et que l\u2019on retrouvera sans nul doute dans leurs prochaines r\u00e9alisations. <\/p>\n<p>Le studio Gasparetto Parenti<\/p>\n<p>C\u2019est un projet qui a sans conteste fait sensation cette ann\u00e9e. Install\u00e9 \u00e0 Pigalle, l\u2019<a href=\"https:\/\/www.milkdecoration.com\/paris-voici-le-nouvel-hotel-a-connaitre-dans-la-capitale\/\" target=\"_blank\" rel=\"noreferrer noopener\">h\u00f4tel Mass\u00e9<\/a>, ouvert en septembre 2025, est d\u00e9j\u00e0 l\u2019un des spots les plus pris\u00e9s de la capitale. Le jeune studio <strong>Gasparetto Parenti <\/strong>signe l\u00e0 sa premi\u00e8re incursion dans le monde de l\u2019hospitalit\u00e9 et t\u00e9moigne d\u2019une vraie ma\u00eetrise dans la mise en sc\u00e8ne de lieux chaleureux et singuliers, m\u00eame en format XXL (l\u2019h\u00f4tel se d\u00e9ploie tout de m\u00eame sur 6 niveaux et abrite 40 chambres). \u00c0 sa t\u00eate, Juliette Gasparetto et Julie Parenti ont fait leurs armes au sein du studio Festen, dont le go\u00fbt s\u00fbr et la virtuosit\u00e9 ne sont plus \u00e0 prouver. Parmi les prochaines r\u00e9alisations du duo, on attend notamment le restaurant mitoyen \u00e0 l\u2019h\u00f4tel, nomm\u00e9 Le Trente, dont l\u2019ouverture est pr\u00e9vue en mars.<\/p>\n<p>Katja Pargger<\/p>\n<p>\u00c0 la fois architecte et ing\u00e9nieure civile, <a href=\"https:\/\/www.milkdecoration.com\/paris-larchitecte-katja-pargger-presente-sa-premiere-collection-rigoureuse-dobjets-et-de-mobilier-lors-dune-exposition\/\" target=\"_blank\" rel=\"noreferrer noopener\">Katja Pargger<\/a> d\u00e9veloppe un style teint\u00e9 de r\u00e9f\u00e9rences \u00e0 la S\u00e9cession viennoise ou au Bauhaus, r\u00e9gi par la pr\u00e9cision et le go\u00fbt des belles mati\u00e8res. Apr\u00e8s avoir livr\u00e9 plusieurs projets r\u00e9sidentiels, la Parisienne originaire d\u2019Autriche a d\u00e9voil\u00e9, en septembre dernier, une premi\u00e8re collection de mobilier qui prolonge sa vision architecturale. Des pi\u00e8ces rigoureuses et d\u00e9pouill\u00e9es de toute futilit\u00e9 purement esth\u00e9tique, pens\u00e9es pour structurer l\u2019espace plus que pour le d\u00e9corer. Une vision affirm\u00e9e tr\u00e8s prometteuse. <\/p>\n<p>Le studio Coutansais Castillo<\/p>\n<p>Tout juste lanc\u00e9 par Clara Rebillard Castillo (pass\u00e9e notamment par <a href=\"https:\/\/www.milkdecoration.com\/tag\/studio-ko\/\" target=\"_blank\" rel=\"noreferrer noopener\">Studio KO<\/a>) et Victor Poirier Coutansais (qui a collabor\u00e9 avec\u00a0<a href=\"https:\/\/www.milkdecoration.com\/tag\/marion-mailaender\/\" target=\"_blank\" rel=\"noreferrer noopener\">Marion Mailaender<\/a>,\u00a0Fabrizio Casiraghi et Maxime Bousquet), le jeune studio <strong>Coutansais Castillo<\/strong> livre des projets architecturaux r\u00e9sidentiels comme publics, et s\u2019adonne m\u00eame au dessin de mobilier. En qu\u00eate de narration, le duo porte une attention toute particuli\u00e8re \u00e0 l\u2019histoire et aux mat\u00e9riaux, et entend s\u2019inscrire dans la lign\u00e9e des grands ensembliers du si\u00e8cle dernier. La Paris Design Week a \u00e9t\u00e9 l\u2019occasion pour eux de d\u00e9voiler leur premi\u00e8re collection de mobilier, baptis\u00e9e \u00ab\u00a0Premier Acte\u00a0\u00bb.<\/p>\n<p>Fanny Perrier<\/p>\n<p>Aussi \u00e0 l\u2019aise dans les projets hospitaliers que r\u00e9sidentiels, <strong>Fanny Perrier<\/strong> a multipli\u00e9 les r\u00e9alisations cette ann\u00e9e. Parmi ses temps forts, on note le d\u00e9cor cin\u00e9matographique et sophistiqu\u00e9 de <a href=\"https:\/\/www.milkdecoration.com\/bar-omi-fanny-perrier-signe-le-decor-singulier-de-cette-nouvelle-adresse-japonaise\/\" target=\"_blank\" rel=\"noreferrer noopener\">Bar Omi<\/a>, d\u00e9licieuse nouvelle table japonaise du 1er arrondissement parisien. En octobre dernier, lors de la Art Week, l\u2019architecte d\u2019int\u00e9rieur a collabor\u00e9 avec la jeune maison de joaillerie Viltier, fond\u00e9e par Iris de La Villardi\u00e8re et Thomas Montier Leboucher. Ensemble, ils ont imagin\u00e9 une sc\u00e9nographie \u00e9l\u00e9gante et raffin\u00e9e pour pr\u00e9senter les derni\u00e8res cr\u00e9ations du label au sein du sublime appartement de Dina Vierny d\u00e9cor\u00e9 par la l\u00e9gendaire Madeleine Castaing et rest\u00e9 intact depuis la disparition de la propri\u00e9taire en 2009. <\/p>\n<p>Dana Arbib<\/p>\n<p>Install\u00e9e \u00e0 New York, la cr\u00e9ative <strong>Dana Arbib<\/strong> a d\u2019abord fond\u00e9 son label de mode A Peace Treaty, avant de se former \u00e0 l\u2019art du verre souffl\u00e9 apr\u00e8s avoir rencontr\u00e9 un souffleur de verre \u00e0 Venise. Elle imagine aujourd\u2019hui des vases, luminaires et autres pi\u00e8ces d\u00e9coratives color\u00e9es, singuli\u00e8res et ornementales qui s\u2019inspirent notamment d\u2019artefacts nord-africains et de son propre h\u00e9ritage familial libyen. Cet hiver, Dana Arbib pr\u00e9sentait sa troisi\u00e8me <a href=\"https:\/\/www.milkdecoration.com\/tag\/exposition\/\" target=\"_blank\" rel=\"noreferrer noopener\">exposition<\/a> avec le galeriste Alex Tieghi-Walker chez <a href=\"https:\/\/www.milkdecoration.com\/coetir-la-nouvelle-exposition-a-laura-mystique-de-tiwa-gallery-a-new-york\/\" target=\"_blank\" rel=\"noreferrer noopener\">TIWA<\/a>, \u00e0 New York. Baptis\u00e9e \u00ab\u00a0Vetro Tesoro\u00a0\u00bb, l\u2019installation d\u00e9voilait cinq appliques et lustres d\u00e9licats inspir\u00e9s de tabati\u00e8res chinoises anciennes.<\/p>\n<p>Enso<\/p>\n<p>Men\u00e9 par Yuria Kailich et Joel Harding, le studio new-yorkais <strong>Enso<\/strong> s\u2019illustre \u00e0 la fois dans des projets d\u2019architecture d\u2019int\u00e9rieur et de design. Avec Item: Enso, le duo (autodidacte dans ce domaine) fabrique des objets et du mobilier \u2014 luminaires, tabourets, bougeoirs, ottomans \u2014 \u00e0 partir de mat\u00e9riaux bruts (bois, argile, tissu), jouant sur les textures, la beaut\u00e9 de l\u2019imperfection et les possibilit\u00e9s sculpturales de chaque pi\u00e8ce. Avec Shelter: Enso, les deux cr\u00e9atifs signent cette fois des int\u00e9rieurs r\u00e9sidentiels ou des projets d\u2019hospitalit\u00e9, \u00e0 l\u2019instar du r\u00e9cent bar \u00e0 vin audiophile Colbo nextdoor pour la boutique Colbo, \u00e0 <a href=\"https:\/\/www.milkdecoration.com\/tag\/new-york\/\" target=\"_blank\" rel=\"noreferrer noopener\">New York<\/a>. Chaque projet traduit un vrai langage artisanal et une volont\u00e9 profonde de cr\u00e9er des espaces harmonieux qui racontent une histoire en s\u2019adaptant aux rituels du quotidien sans les trahir. La philosophie des deux cr\u00e9atifs est aussi guid\u00e9e par les principes m\u00eames de l\u2019enso \u2014 symbole bouddhiste auquel le studio emprunte son nom \u2014 : le zen, le partage, la pl\u00e9nitude dans la simplicit\u00e9. Voil\u00e0 un duo \u00e0 suivre de pr\u00e8s.<\/p>\n<p>Emily Thurman<\/p>\n<p>Avec son agence de design int\u00e9rieur \u00e9ponyme fond\u00e9e en 2022, <strong>Emily Thurman<\/strong> d\u00e9veloppe des int\u00e9rieurs sensibles dans lesquels s\u2019affirme son profond respect de l\u2019artisanat et des artisans. Ce n\u2019est que plus r\u00e9cemment, en 2025, que l\u2019Am\u00e9ricaine a lanc\u00e9 sa premi\u00e8re collection, baptis\u00e9e Hund\u014d. \u00c0 l\u2019occasion du festival <a href=\"https:\/\/www.milkdecoration.com\/tout-ce-quil-faut-savoir-sur-la-2eme-edition-du-festival-contributions\/\" target=\"_blank\" rel=\"noreferrer noopener\">Contributions<\/a> en octobre dernier, la cr\u00e9ative pr\u00e9sentait une s\u00e9rie de pi\u00e8ces de mobilier en collaboration avec la bijouti\u00e8re <a href=\"https:\/\/www.milkdecoration.com\/zoe-mohm-rencontre-a-paris-avec-la-creatrice-de-sublimes-bijoux-en-metal\/\" target=\"_blank\" rel=\"noreferrer noopener\">Zo\u00e9 Mohm<\/a>, qui avait fa\u00e7onn\u00e9 des cloches en m\u00e9tal ornementales. On retrouvera Emily Thurman au mois de mars dans une exposition collaborative \u00e0 la galerie anversoise <a href=\"https:\/\/www.milkdecoration.com\/tag\/st-vincents\/\" target=\"_blank\" rel=\"noreferrer noopener\">St. Vincents<\/a> (qui la repr\u00e9sente), explorant le dialogue entre le design et les bijoux.<\/p>\n<p>Chlo\u00e9 Leymarie<\/p>\n<p>L\u2019architecte et designer <strong>Chlo\u00e9 Leymarie<\/strong>, \u00e0 la t\u00eate d\u2019Atelier Leymarie, navigue entre les projets domestiques ou de restauration minimalistes, et le design de mobilier. \u00c0 Paris, elle a notamment imagin\u00e9 le d\u00e9cor de plusieurs restaurants pris\u00e9s : Bouche, <a href=\"https:\/\/www.milkdecoration.com\/paris-la-nouvelle-adresse-pour-une-pizza-xxl-dans-un-decor-ultra-leche\/\" target=\"_blank\" rel=\"noreferrer noopener\">Rori<\/a>, Faubourg Daimant. Apr\u00e8s avoir lanc\u00e9 en 2025 sa premi\u00e8re collection de mobilier, compos\u00e9e notamment de ce beau confiturier m\u00ealant Inox et bois, la cr\u00e9ative a cet automne collabor\u00e9 avec la maison de mode <a href=\"https:\/\/www.milkdecoration.com\/tag\/carven\/\" target=\"_blank\" rel=\"noreferrer noopener\">Carven<\/a>, et mis en sc\u00e8ne des fauteuils, paravents et tables au sein du flagship du rond-point des Champs-\u00c9lys\u00e9es. En 2026, on attend avec curiosit\u00e9 plusieurs appartements r\u00e9sidentiels dans la capitale et dans le Sud de la France, ainsi que les d\u00e9cors de restaurants.  <\/p>\n<p>Antes<\/p>\n<p>Install\u00e9es \u00e0 <a href=\"https:\/\/www.milkdecoration.com\/tag\/marseille\/\" target=\"_blank\" rel=\"noreferrer noopener\">Marseille<\/a>, les architectes d\u2019int\u00e9rieur Capucine Guhur et Maeva Henninot, form\u00e9es \u00e0 Camondo puis pass\u00e9es par les agences de Marion Mailaender, Luis Laplace ou Charles Zana, ont fait de ce premier projet, paru dans les pages du <a href=\"https:\/\/milk.aboshop.fr\/common\/categories\/6\" target=\"_blank\" rel=\"noreferrer noopener\">MilK Decoration 60<\/a>, un v\u00e9ritable manifeste de leur pratique. Sous le nom d\u2019<strong>Antes<\/strong>, les deux collaboratrices signent un espace r\u00e9sidentiel singulier o\u00f9 elles font dialoguer ombre et clart\u00e9, structure et \u00e9motion. Un aper\u00e7u de leur signature, m\u00ealant pr\u00e9cision et \u00e9l\u00e9gance. En parall\u00e8le, elles viennent de livrer une nouvelle boutique <a href=\"https:\/\/www.milkdecoration.com\/tag\/sessun\/\" target=\"_blank\" rel=\"noreferrer noopener\">Sess\u00f9n<\/a> \u00e0 Marseille et s\u2019appr\u00eatent \u00e0 d\u00e9voiler le d\u00e9cor d\u2019un restaurant parisien au printemps.<\/p>\n","protected":false},"excerpt":{"rendered":"B\u00e9tyle Studio \u00c0 moins de 30 ans, Carla Romano et Nicolas Cazenave de la Roche viennent de lancer&hellip;\n","protected":false},"author":2,"featured_media":691467,"comment_status":"","ping_status":"","sticky":false,"template":"","format":"standard","meta":{"footnotes":""},"categories":[1358],"tags":[1350,1348,1384,1385,4397,1386,58,59,1011,27,16978,8886,415,626],"class_list":{"0":"post-691466","1":"post","2":"type-post","3":"status-publish","4":"format-standard","5":"has-post-thumbnail","7":"category-arts-et-design","8":"tag-architecture","9":"tag-arts","10":"tag-arts-and-design","11":"tag-arts-et-design","12":"tag-decoration","13":"tag-design","14":"tag-divertissement","15":"tag-entertainment","16":"tag-fr","17":"tag-france","18":"tag-interieur","19":"tag-mobilier","20":"tag-new-york","21":"tag-paris"},"share_on_mastodon":{"url":"https:\/\/pubeurope.com\/@fr\/115964069968169556","error":""},"_links":{"self":[{"href":"https:\/\/www.europesays.com\/fr\/wp-json\/wp\/v2\/posts\/691466","targetHints":{"allow":["GET"]}}],"collection":[{"href":"https:\/\/www.europesays.com\/fr\/wp-json\/wp\/v2\/posts"}],"about":[{"href":"https:\/\/www.europesays.com\/fr\/wp-json\/wp\/v2\/types\/post"}],"author":[{"embeddable":true,"href":"https:\/\/www.europesays.com\/fr\/wp-json\/wp\/v2\/users\/2"}],"replies":[{"embeddable":true,"href":"https:\/\/www.europesays.com\/fr\/wp-json\/wp\/v2\/comments?post=691466"}],"version-history":[{"count":0,"href":"https:\/\/www.europesays.com\/fr\/wp-json\/wp\/v2\/posts\/691466\/revisions"}],"wp:featuredmedia":[{"embeddable":true,"href":"https:\/\/www.europesays.com\/fr\/wp-json\/wp\/v2\/media\/691467"}],"wp:attachment":[{"href":"https:\/\/www.europesays.com\/fr\/wp-json\/wp\/v2\/media?parent=691466"}],"wp:term":[{"taxonomy":"category","embeddable":true,"href":"https:\/\/www.europesays.com\/fr\/wp-json\/wp\/v2\/categories?post=691466"},{"taxonomy":"post_tag","embeddable":true,"href":"https:\/\/www.europesays.com\/fr\/wp-json\/wp\/v2\/tags?post=691466"}],"curies":[{"name":"wp","href":"https:\/\/api.w.org\/{rel}","templated":true}]}}