{"id":691472,"date":"2026-01-26T23:50:19","date_gmt":"2026-01-26T23:50:19","guid":{"rendered":"https:\/\/www.europesays.com\/fr\/691472\/"},"modified":"2026-01-26T23:50:19","modified_gmt":"2026-01-26T23:50:19","slug":"tres-beau-film-a-voir-en-famille-cette-nouveaute-netflix-avec-une-star-de-gilmore-girls-a-fait-pleurer-les-abonnes-ce-week-end","status":"publish","type":"post","link":"https:\/\/www.europesays.com\/fr\/691472\/","title":{"rendered":"\u00ab\u00a0Tr\u00e8s beau film \u00e0 voir en famille\u00a0\u00bb : Cette nouveaut\u00e9 Netflix avec une star de Gilmore Girls a fait pleurer les abonn\u00e9s ce week-end"},"content":{"rendered":"<p>Cette nouveaut\u00e9 Netflix a \u00e9mu aux larmes les abonn\u00e9s de T\u00e9l\u00e9-Loisirs ce week-end. Au casting de ce tr\u00e8s beau film se trouve notamment une star de Gilmore Girls.<\/p>\n<p>Le classement des films les plus vus du moment sur Netflix a particuli\u00e8rement \u00e9t\u00e9 chamboul\u00e9 ces derniers jours. Mis en ligne ce vendredi 23 janvier 2026, L&rsquo;amour ouf a tout bouscul\u00e9 sur son passage en se hissant directement \u00e0 la premi\u00e8re place du classement en l&rsquo;espace d&rsquo;un week-end seulement.<a href=\"https:\/\/www.programme-tv.net\/news\/cinema\/396411-l-amour-ouf-cette-scene-trop-violente-que-gilles-lellouche-n-a-pas-ose-tourner\/\" data-api-deeplink=\"teleloisirs:\/\/news\/396411\" target=\"_blank\" rel=\"noopener\"> Un film qui aurait pu \u00eatre diff\u00e9rent si Gilles Lellouche avait tourn\u00e9 cette sc\u00e8ne violente <\/a>qu&rsquo;il a finalement pr\u00e9f\u00e9r\u00e9 ne pas faire. Le film, <a href=\"https:\/\/www.programme-tv.net\/news\/cinema\/376798-l-amour-ouf-qu-a-pense-l-auteur-du-livre-de-cette-adaptation-cinematographique-par-gilles-lellouche\/\" data-api-deeplink=\"teleloisirs:\/\/news\/376798\" target=\"_blank\" rel=\"noopener\">adapt\u00e9 du livre Jackie Loves Johnser Ok ? de l&rsquo;auteur irlandais Neville Thompson, paru en 1997<\/a>, a donc rel\u00e9gu\u00e9 The Rip \u00e0 la seconde place du classement. Un thriller qui r\u00e9unit <a href=\"https:\/\/www.programme-tv.net\/biographie\/131-affleck-ben\/\" data-link-people=\"5ceed75c-492e-4f6a-99fe-920654d934c6\" target=\"_blank\" rel=\"noopener\">Ben Affleck<\/a> et <a href=\"https:\/\/www.programme-tv.net\/biographie\/7179-damon-matt\/\" data-link-people=\"6ddb7706-c336-42a6-8846-e72793f11f0f\" target=\"_blank\" rel=\"noopener\">Matt Damon<\/a> au casting. <a href=\"https:\/\/www.programme-tv.net\/news\/cinema\/396128-matt-damon-tres-critique-sur-ce-que-netflix-impose-dans-ses-films-pour-les-abonnes-distraits\/\" data-api-deeplink=\"teleloisirs:\/\/news\/396128\" target=\"_blank\" rel=\"noopener\">Ce dernier a d&rsquo;ailleurs tacl\u00e9 la technique de Netflix pour garder ses spectateurs concentr\u00e9s.<\/a><\/p>\n<p>Si vous aimez les films avec les animaux, cette nouveaut\u00e9 de Netflix va vous bouleverser<\/p>\n<p>Pour clore ce podium, c&rsquo;est le film Max qui se trouve troisi\u00e8me des films les plus visionn\u00e9s du moment sur la plateforme, \u00e0 l&rsquo;heure o\u00f9 nous \u00e9crivons ces lignes. Sorti en 2015 au cin\u00e9ma, il suit Kyle, un soldat am\u00e9ricain, et son chien Max, envoy\u00e9s en mission au sud de l&rsquo;Afghanistan. Malheureusement, Kyle perd la vie sur place. Le chien, lui, est victime d&rsquo;un choc post-traumatique et \u00e9chappe de peu \u00e0 l&rsquo;euthanasie lors de son retour aux \u00c9tats-Unis. Personne ne veut approcher Max, \u00e0 part Justin, le petit fr\u00e8re de Kyle, et Carmen. Le chien va alors devenir leur protecteur. Au casting de Max, les t\u00e9l\u00e9spectateurs peuvent retrouver une star de la s\u00e9rie Gilmore Girls qui n&rsquo;est autre que Lauren Graham, qui joue le personnage de Pamela Wincott.<\/p>\n<p>Les abonn\u00e9s de T\u00e9l\u00e9-Loisirs ont \u00e9t\u00e9 boulevers\u00e9s par l&rsquo;histoire de Max. Parmi les commentaires publi\u00e9s, on a pu lire : \u00ab\u00a0Tr\u00e8s bel hommage aux chiens de guerre\u00a0\u00bb, \u00ab\u00a0Pour ceux qui aiment la justice et le rapport chien-homme, je le recommande\u00a0\u00bb, <b>\u00ab\u00a0On vient de le finir, tr\u00e8s beau film \u00e0 voir en famille\u00a0\u00bb<\/b>, \u00ab\u00a0Tr\u00e8s sympa et \u00e9mouvant\u00a0\u00bb, \u00ab\u00a0Super, magnifique, tr\u00e8s belle histoire. Le chien est adorable, un vrai h\u00e9ros !\u00a0\u00bb ou encore \u00ab\u00a0Magnifique, pr\u00e9parez vos mouchoirs.\u00a0\u00bb<\/p>\n<p>Article \u00e9crit avec la collaboration de 6m\u00e9dias.<\/p>\n","protected":false},"excerpt":{"rendered":"Cette nouveaut\u00e9 Netflix a \u00e9mu aux larmes les abonn\u00e9s de T\u00e9l\u00e9-Loisirs ce week-end. Au casting de ce tr\u00e8s&hellip;\n","protected":false},"author":2,"featured_media":691473,"comment_status":"","ping_status":"","sticky":false,"template":"","format":"standard","meta":{"footnotes":""},"categories":[1354],"tags":[244,58,59,1346,1011,27,78751,5549,1360,127,1722,78752,129],"class_list":{"0":"post-691472","1":"post","2":"type-post","3":"status-publish","4":"format-standard","5":"has-post-thumbnail","7":"category-films","8":"tag-commentaire","9":"tag-divertissement","10":"tag-entertainment","11":"tag-films","12":"tag-fr","13":"tag-france","14":"tag-lauren-graham","15":"tag-max","16":"tag-movies","17":"tag-netflix","18":"tag-pub-streaming-netflix","19":"tag-robbie-amell","20":"tag-svod"},"share_on_mastodon":{"url":"https:\/\/pubeurope.com\/@fr\/115964085902849338","error":""},"_links":{"self":[{"href":"https:\/\/www.europesays.com\/fr\/wp-json\/wp\/v2\/posts\/691472","targetHints":{"allow":["GET"]}}],"collection":[{"href":"https:\/\/www.europesays.com\/fr\/wp-json\/wp\/v2\/posts"}],"about":[{"href":"https:\/\/www.europesays.com\/fr\/wp-json\/wp\/v2\/types\/post"}],"author":[{"embeddable":true,"href":"https:\/\/www.europesays.com\/fr\/wp-json\/wp\/v2\/users\/2"}],"replies":[{"embeddable":true,"href":"https:\/\/www.europesays.com\/fr\/wp-json\/wp\/v2\/comments?post=691472"}],"version-history":[{"count":0,"href":"https:\/\/www.europesays.com\/fr\/wp-json\/wp\/v2\/posts\/691472\/revisions"}],"wp:featuredmedia":[{"embeddable":true,"href":"https:\/\/www.europesays.com\/fr\/wp-json\/wp\/v2\/media\/691473"}],"wp:attachment":[{"href":"https:\/\/www.europesays.com\/fr\/wp-json\/wp\/v2\/media?parent=691472"}],"wp:term":[{"taxonomy":"category","embeddable":true,"href":"https:\/\/www.europesays.com\/fr\/wp-json\/wp\/v2\/categories?post=691472"},{"taxonomy":"post_tag","embeddable":true,"href":"https:\/\/www.europesays.com\/fr\/wp-json\/wp\/v2\/tags?post=691472"}],"curies":[{"name":"wp","href":"https:\/\/api.w.org\/{rel}","templated":true}]}}