{"id":691478,"date":"2026-01-26T23:53:11","date_gmt":"2026-01-26T23:53:11","guid":{"rendered":"https:\/\/www.europesays.com\/fr\/691478\/"},"modified":"2026-01-26T23:53:11","modified_gmt":"2026-01-26T23:53:11","slug":"non-raphaelle-ricci-nest-pas-decedee-lex-prof-de-la-star-academy-tombe-des-nues-des-suites-judiciaires","status":"publish","type":"post","link":"https:\/\/www.europesays.com\/fr\/691478\/","title":{"rendered":"Non, Rapha\u00eblle Ricci n\u2019est pas d\u00e9c\u00e9d\u00e9e : l\u2019ex-prof de la Star Academy tombe des nues, \u00ab\u00a0Des suites judiciaires !\u00a0\u00bb"},"content":{"rendered":"<p data-start=\"266\" data-end=\"642\">Ses interventions cash et ses<br \/>\nd\u00e9briefs sans filtre ont marqu\u00e9 toute une g\u00e9n\u00e9ration de<br \/>\nt\u00e9l\u00e9spectateurs. Ancienne professeure d\u2019expression sc\u00e9nique de la<\/p>\n<p>Star Academy<br \/>\n<a href=\"https:\/\/www.closermag.fr\/people\/raphaelle-ricci-traumatisee-pourquoi-elle-ne-referait-probablement-pas-la-star-academy-aujourd-hui-1294556\" target=\"_blank\" rel=\"noopener\"><br \/>\n(et elle a admis qu&rsquo;elle ne referait pas l&rsquo;\u00e9mission<br \/>\naujourd&rsquo;hui)<\/a>,<br \/>\nRapha\u00eblle Ricci avait pourtant <strong>pris ses distances<br \/>\navec l\u2019\u00e9mission depuis longtemps.<\/strong> Un retrait assum\u00e9, apr\u00e8s<br \/>\ndes ann\u00e9es d\u2019exposition m\u00e9diatique parfois violente.<\/p>\n<p data-start=\"644\" data-end=\"934\">Ce lundi 26 janvier, son nom a<br \/>\npourtant refait surface pour une raison bien diff\u00e9rente. Sur<br \/>\nFacebook, une publication affirmait <strong>qu\u2019elle serait d\u00e9c\u00e9d\u00e9e<br \/>\napr\u00e8s un long combat<\/strong> men\u00e9 dans le plus grand secret. Une<br \/>\ninformation totalement fausse, qui a provoqu\u00e9 la col\u00e8re imm\u00e9diate<br \/>\nde l\u2019int\u00e9ress\u00e9e.<\/p>\n<p>Rapha\u00eblle Ricci : \u00ab\u00a0Je suis en<br \/>\npleine sant\u00e9 !\u00a0\u00bb<\/p>\n<p data-start=\"991\" data-end=\"1474\">Toujours tr\u00e8s active sur les<br \/>\nr\u00e9seaux sociaux, Rapha\u00eblle Ricci n\u2019a pas tard\u00e9 \u00e0 r\u00e9agir. Sur<\/p>\n<p>Instagram, <a href=\"https:\/\/www.closermag.fr\/tv_tele_realite\/flashback-star-ac-oscar-sisto-raphaelle-ricci-que-sont-devenus-les-anciens-profs-photos-3582579\" target=\"_blank\" rel=\"noopener\"><br \/>\ncelle qui se tient loin de la lumi\u00e8re<\/a> a tenu \u00e0 rassurer ses<br \/>\nabonn\u00e9s avec un message clair. \u00ab\u00a0Chers tous, une fausse information circulant actuellement<br \/>\nsur Facebook annonc\u00e9 mon d\u00e9c\u00e8s. Je tiens \u00e0 vous rassurer<br \/>\nimm\u00e9diatement : je suis en pleine sant\u00e9 et cette information est<br \/>\ntotalement fausse. <strong>Il est regrettable de voir de tels<br \/>\nproc\u00e9d\u00e9s utilis\u00e9s sur les r\u00e9seaux sociaux<\/strong>\u00ab\u00a0, a-t-elle<br \/>\n\u00e9crit.<\/p>\n<p data-start=\"1476\" data-end=\"1869\">Mais au-del\u00e0 du soulagement,<br \/>\nc\u2019est surtout l\u2019agacement qui transpara\u00eet. L\u2019ancienne prof du<br \/>\nch\u00e2teau ne compte pas laisser passer ce qu\u2019elle consid\u00e8re comme un<br \/>\nmensonge grave. Apr\u00e8s avoir signal\u00e9 la page \u00e0 l\u2019origine de la<br \/>\nrumeur, <strong>elle affirme se \u00ab\u00a0r\u00e9server le droit de donner des suites judiciaires \u00e0 ces<br \/>\nmensonges\u00a0\u00bb.<\/strong> Une mise au point ferme face \u00e0 une d\u00e9rive<br \/>\nqui choque de nombreux internautes.<\/p>\n<p>Rapha\u00eblle Ricci habitu\u00e9e \u00e0 devoir r\u00e9tablir la v\u00e9rit\u00e9<\/p>\n<p data-start=\"1923\" data-end=\"2273\">Cette sortie n\u2019est pas un cas<br \/>\nisol\u00e9. Rapha\u00eblle Ricci a d\u00e9j\u00e0 d\u00fb, par le pass\u00e9, rectifier certaines<br \/>\nd\u00e9clarations faites \u00e0 son sujet. Elle avait notamment r\u00e9pondu \u00e0<\/p>\n<p>Marl\u00e8ne Schaff <a href=\"https:\/\/www.closermag.fr\/people\/marlene-schaff-est-elle-en-couple-3583804\" target=\"_blank\" rel=\"noopener\"><br \/>\n(d&rsquo;ailleurs, est-elle en couple ?)<\/a>, qui affirmait avoir<br \/>\n\u00e9t\u00e9 <strong>recal\u00e9e par elle lors du casting de la saison<br \/>\n2<\/strong> de la Star Academy. Une version que l\u2019ex-prof<br \/>\navait publiquement contest\u00e9e. \u00c0 l\u2019\u00e9poque, elle avait exprim\u00e9 son<br \/>\nras-le-bol avec une ironie am\u00e8re. \u00ab\u00a0Alors je comprends que tout cela puisse \u00eatre rigolo \u00e0<br \/>\nraconter dans des interviews, puis c&rsquo;est assez coh\u00e9rent de me<br \/>\ncoller \u00e7a sur le dos puisque <strong>j&rsquo;ai d\u00e9j\u00e0 \u00e9t\u00e9 qualifi\u00e9e de<br \/>\nm\u00e9chante, grossophobe et raciste<\/strong>\u00a0\u00bb avait-elle d\u00e9plor\u00e9.<br \/>\nDes mots forts, r\u00e9v\u00e9lateurs d\u2019un pass\u00e9 m\u00e9diatique compliqu\u00e9.<\/p>\n<p data-start=\"2637\" data-end=\"3111\" data-is-last-node=\"\" data-is-only-node=\"\">Si Rapha\u00eblle Ricci avait annonc\u00e9 ne plus<br \/>\nvouloir \u00eatre associ\u00e9e au programme lors de son retour sur TF1, elle<br \/>\nn\u2019en garde pas moins une parole libre. Elle avait m\u00eame adress\u00e9 un<br \/>\nmessage bienveillant aux \u00e9quipes. <strong>\u00ab\u00a0Je souhaite \u00e0 cette \u00e9mission tout le succ\u00e8s<br \/>\nqu&rsquo;elle m\u00e9rite. J&rsquo;esp\u00e8re qu&rsquo;elle servira de nouveau \u00e0 faire<br \/>\nd\u00e9couvrir de beaux artistes, talentueux et bosseurs\u00a0\u00bb<\/strong><br \/>\n\u00e9crivait-elle alors. Aujourd\u2019hui, elle le rappelle une nouvelle<br \/>\nfois, sa voix n\u2019a rien perdu de sa force.<\/p>\n","protected":false},"excerpt":{"rendered":"Ses interventions cash et ses d\u00e9briefs sans filtre ont marqu\u00e9 toute une g\u00e9n\u00e9ration de t\u00e9l\u00e9spectateurs. Ancienne professeure d\u2019expression&hellip;\n","protected":false},"author":2,"featured_media":691479,"comment_status":"","ping_status":"","sticky":false,"template":"","format":"standard","meta":{"footnotes":""},"categories":[8],"tags":[21303,58,59,1011,27,70426,5095,65861],"class_list":{"0":"post-691478","1":"post","2":"type-post","3":"status-publish","4":"format-standard","5":"has-post-thumbnail","7":"category-divertissement","8":"tag-buzz_nonli","9":"tag-divertissement","10":"tag-entertainment","11":"tag-fr","12":"tag-france","13":"tag-marfeel_news","14":"tag-star-academy","15":"tag-trend"},"share_on_mastodon":{"url":"https:\/\/pubeurope.com\/@fr\/115964098625293720","error":""},"_links":{"self":[{"href":"https:\/\/www.europesays.com\/fr\/wp-json\/wp\/v2\/posts\/691478","targetHints":{"allow":["GET"]}}],"collection":[{"href":"https:\/\/www.europesays.com\/fr\/wp-json\/wp\/v2\/posts"}],"about":[{"href":"https:\/\/www.europesays.com\/fr\/wp-json\/wp\/v2\/types\/post"}],"author":[{"embeddable":true,"href":"https:\/\/www.europesays.com\/fr\/wp-json\/wp\/v2\/users\/2"}],"replies":[{"embeddable":true,"href":"https:\/\/www.europesays.com\/fr\/wp-json\/wp\/v2\/comments?post=691478"}],"version-history":[{"count":0,"href":"https:\/\/www.europesays.com\/fr\/wp-json\/wp\/v2\/posts\/691478\/revisions"}],"wp:featuredmedia":[{"embeddable":true,"href":"https:\/\/www.europesays.com\/fr\/wp-json\/wp\/v2\/media\/691479"}],"wp:attachment":[{"href":"https:\/\/www.europesays.com\/fr\/wp-json\/wp\/v2\/media?parent=691478"}],"wp:term":[{"taxonomy":"category","embeddable":true,"href":"https:\/\/www.europesays.com\/fr\/wp-json\/wp\/v2\/categories?post=691478"},{"taxonomy":"post_tag","embeddable":true,"href":"https:\/\/www.europesays.com\/fr\/wp-json\/wp\/v2\/tags?post=691478"}],"curies":[{"name":"wp","href":"https:\/\/api.w.org\/{rel}","templated":true}]}}