{"id":691482,"date":"2026-01-26T23:56:14","date_gmt":"2026-01-26T23:56:14","guid":{"rendered":"https:\/\/www.europesays.com\/fr\/691482\/"},"modified":"2026-01-26T23:56:14","modified_gmt":"2026-01-26T23:56:14","slug":"bourses-mondiales-leurope-reste-prudente-wall-street-avance-sans-crainte-26-01-2026-a-2300","status":"publish","type":"post","link":"https:\/\/www.europesays.com\/fr\/691482\/","title":{"rendered":"Bourses mondiales: l&rsquo;Europe reste prudente, Wall Street avance sans crainte &#8211; 26\/01\/2026 \u00e0 23:00"},"content":{"rendered":"<p>        <img decoding=\"async\" src=\"https:\/\/www.europesays.com\/fr\/wp-content\/uploads\/2026\/01\/57fca1738feaecd76cb984981b612f6f-760x507.jpg\" alt=\"Les march\u00e9s boursiers restent prudents avant une semaine riche en \u00e9v\u00e9nements ( AFP \/ ANGELA WEISS )\" loading=\"eager\" fetchpriority=\"high\" width=\"760\" height=\"507\" style=\"max-width: 100%!important; height: auto;\"\/><\/p>\n<p class=\"c-image-news__legend\">Les march\u00e9s boursiers restent prudents avant une semaine riche en \u00e9v\u00e9nements ( AFP \/ ANGELA WEISS )<\/p>\n<p>\n Les Bourses mondiales ont \u00e9volu\u00e9 dans des directions divergentes lundi, les places europ\u00e9ennes restant sur la d\u00e9fensive tandis que Wall Street s&rsquo;est montr\u00e9e impatiente d&rsquo;accueillir les r\u00e9sultats des g\u00e9ants de la tech.\n<\/p>\n<p>\n A New York, le Dow Jones a pris 0,64%, l&rsquo;indice Nasdaq 0,43% et l&rsquo;indice \u00e9largi S&amp;P 500 a gagn\u00e9 0,50%.\n<\/p>\n<p>\n \u00ab\u00a0Il y a une l\u00e9g\u00e8re anticipation de l&rsquo;id\u00e9e\u00a0\u00bb que les g\u00e9ants technologiques \u00ab\u00a0affichent \u00e0 nouveau de bons r\u00e9sultats\u00a0\u00bb, commente aupr\u00e8s de l&rsquo;AFP Patrick O&rsquo;Hare, de Briefing.com.\n<\/p>\n<p>\n <a href=\"https:\/\/www.boursorama.com\/cours\/MSFT\/\" target=\"_blank\" rel=\"noopener\"><br \/>\n  Microsoft<br \/>\n <\/a><br \/>\n (+0,93%), Meta (+2,06%) et<br \/>\n <a href=\"https:\/\/www.boursorama.com\/cours\/TSLA\/\" target=\"_blank\" rel=\"noopener\"><br \/>\n  Tesla<br \/>\n <\/a><br \/>\n (-3,09%) partageront leurs performances trimestrielles apr\u00e8s la cl\u00f4ture mercredi.<br \/>\n <a href=\"https:\/\/www.boursorama.com\/cours\/AAPL\/\" target=\"_blank\" rel=\"noopener\"><br \/>\n  Apple<br \/>\n <\/a><br \/>\n (+2,97%) fera de m\u00eame jeudi.\n<\/p>\n<p>\n \u00ab\u00a0Les analystes veulent en savoir plus sur les initiatives en mati\u00e8re d&rsquo;intelligence artificielle, le rythme des investissements et les b\u00e9n\u00e9fices attendus afin de mieux \u00e9valuer si ce th\u00e8me peut continuer \u00e0 soutenir le march\u00e9\u00a0\u00bb, souligne Jose Torres, d&rsquo;Interactive Brokers.\n<\/p>\n<p>\n En Europe, la Bourse de Paris a termin\u00e9 en petite baisse de 0,15%, Londres est rest\u00e9e \u00e0 l&rsquo;\u00e9quilibre (+0,05%), quand Francfort (+0,13%) et Milan (+0,26%) ont termin\u00e9 en timide hausse.\n<\/p>\n<p>\n \u00ab\u00a0Ce climat de prudence fait suite aux turbulences de la semaine derni\u00e8re, d\u00e9clench\u00e9es par les menaces douani\u00e8res surprises du pr\u00e9sident am\u00e9ricain Donald Trump li\u00e9es au Groenland\u00a0\u00bb \u00e0 l&rsquo;encontre de certains pays europ\u00e9ens, rel\u00e8ve Patrick Munnelly, de Tickmill Group.\n<\/p>\n<p>\n \u00ab\u00a0Bien que cette menace ait depuis \u00e9t\u00e9 retir\u00e9e, les investisseurs restent m\u00e9fiants quant aux cons\u00e9quences potentielles \u00e0 long terme sur le commerce mondial si les droits de douane devenaient un outil de n\u00e9gociation r\u00e9current\u00a0\u00bb, poursuit-il.\n<\/p>\n<p>\n En parall\u00e8le, les acteurs du march\u00e9 attendent la premi\u00e8re r\u00e9union de politique mon\u00e9taire de l&rsquo;ann\u00e9e de la banque centrale am\u00e9ricaine (Fed), qui doit d\u00e9buter mardi.\n<\/p>\n<p>\n Elle se tiendra dans un contexte tendu, le pr\u00e9sident de l&rsquo;institution Jerome Powell ayant r\u00e9v\u00e9l\u00e9 d\u00e9but janvier l&rsquo;existence d&rsquo;une proc\u00e9dure lanc\u00e9e par le minist\u00e8re de la Justice contre lui. Il a d\u00e9nonc\u00e9 une \u00e9ni\u00e8me tentative d&rsquo;intimidation de la Fed par l&rsquo;ex\u00e9cutif.\n<\/p>\n<p> L&rsquo;or d\u00e9passe les 5.100 dollars<\/p>\n<p>\n L&rsquo;or a poursuivi sa course aux records lundi, franchissant pour la premi\u00e8re fois de son histoire le seuil des 5.100 dollars l&rsquo;once.\n<\/p>\n<p>\n Le m\u00e9tal jaune s&rsquo;est hiss\u00e9 lundi jusqu&rsquo;\u00e0 5.111,07 dollars l&rsquo;once (31,1 g). Vers 21H45 GMT, il valait 5.012,50 dollars (+0,50%).\n<\/p>\n<p>\n La r\u00e9cente envol\u00e9e de l&rsquo;or, valeur refuge par excellence, a \u00e9t\u00e9 soutenue par les tensions autour du Groenland, dont le pr\u00e9sident am\u00e9ricain Donald Trump a dit vouloir s&#8217;emparer, promettant \u00e0 ses alli\u00e9s europ\u00e9ens des taxes douani\u00e8res en cas d&rsquo;opposition, avant finalement de lever sa menace, assurant avoir \u00ab\u00a0con\u00e7u le cadre d&rsquo;un futur accord\u00a0\u00bb.\n<\/p>\n<p>\n L&rsquo;argent a lui aussi touch\u00e9 un nouveau record lundi \u00e0 plus de 117 dollars l&rsquo;once, avant de refluer autour de 103 dollars vers 21H45 GMT.\n<\/p>\n<p>\n \u00ab\u00a0Ce mouvement souligne un changement de comportement des investisseurs\u00a0\u00bb, rel\u00e8ve Daniela Hathorn, analyste pour Capital.com.\n<\/p>\n<p>\n \u00ab\u00a0Les m\u00e9taux pr\u00e9cieux ne sont plus consid\u00e9r\u00e9s uniquement comme des instruments de couverture strat\u00e9gique, mais de plus en plus comme des r\u00e9serves de valeur alternatives dans un monde marqu\u00e9 par les fractures politiques, les tensions budg\u00e9taires et l&rsquo;incertitude mon\u00e9taire\u00a0\u00bb, explique-t-elle.\n<\/p>\n<p> Le prix du gaz flambe<\/p>\n<p>\n Le gaz naturel am\u00e9ricain a atteint lundi un nouveau sommet depuis 2022, \u00e0 6,575 dollars par million de British thermal unit (BTU, une unit\u00e9 de mesure anglo-saxonne).\n<\/p>\n<p>\n \u00ab\u00a0Cette hausse intervient alors qu\u2019une temp\u00eate hivernale frappe les \u00c9tats-Unis, pr\u00e8s de la moiti\u00e9 des \u00c9tats ayant d\u00e9clar\u00e9 l&rsquo;\u00e9tat d&rsquo;urgence\u00a0\u00bb, rel\u00e8vent les analystes d&rsquo;ING. \u00ab\u00a0Ces conditions extr\u00eames vont stimuler la demande de chauffage et mettre les infrastructures \u00e9nerg\u00e9tiques sous pression.\u00a0\u00bb\n<\/p>\n<p>\n Le contrat \u00e0 terme du TTF n\u00e9erlandais, consid\u00e9r\u00e9 comme la r\u00e9f\u00e9rence europ\u00e9enne, a lui touch\u00e9 un plus haut depuis mars 2025, \u00e0 43,38 euros le m\u00e9gawattheure (MWh), avant de cl\u00f4turer \u00e0 39,11 euros.\n<\/p>\n<p> Le yen bondit<\/p>\n<p>\n Le yen est en grande forme, prenant 0,96% par rapport au billet vert \u00e0 154,23 yens pour un dollar vers 21H45 GMT.\n<\/p>\n<p>\n \u00ab\u00a0Les anticipations d&rsquo;une intervention conjointe de la Banque du Japon et de la Fed pour contenir la faiblesse du yen se sont intensifi\u00e9es\u00a0\u00bb, rel\u00e8ve Antonio Ruggiero, de Convera.\n<\/p>\n<p>\n Selon Bloomberg, la Premi\u00e8re ministre japonaise Sanae Takaichi a dit \u00eatre pr\u00eate \u00e0 \u00ab\u00a0prendre toutes les mesures n\u00e9cessaires pour lutter contre les mouvements sp\u00e9culatifs et hautement anormaux\u00a0\u00bb du yen.<\/p>\n","protected":false},"excerpt":{"rendered":"Les march\u00e9s boursiers restent prudents avant une semaine riche en \u00e9v\u00e9nements ( AFP \/ ANGELA WEISS ) Les&hellip;\n","protected":false},"author":2,"featured_media":691483,"comment_status":"","ping_status":"","sticky":false,"template":"","format":"standard","meta":{"footnotes":""},"categories":[6],"tags":[400,398,408,35,405,33,34,1011,27,403,402,399,404,401,406,407],"class_list":{"0":"post-691482","1":"post","2":"type-post","3":"status-publish","4":"format-standard","5":"has-post-thumbnail","7":"category-economie","8":"tag-action-cac-40","9":"tag-bourse-de-paris","10":"tag-boursorama","11":"tag-business","12":"tag-cotations","13":"tag-economie","14":"tag-economy","15":"tag-fr","16":"tag-france","17":"tag-indices-devises","18":"tag-investir","19":"tag-investissement","20":"tag-marche-boursier","21":"tag-sicav","22":"tag-trackers","23":"tag-warrants"},"share_on_mastodon":{"url":"https:\/\/pubeurope.com\/@fr\/115964109340204970","error":""},"_links":{"self":[{"href":"https:\/\/www.europesays.com\/fr\/wp-json\/wp\/v2\/posts\/691482","targetHints":{"allow":["GET"]}}],"collection":[{"href":"https:\/\/www.europesays.com\/fr\/wp-json\/wp\/v2\/posts"}],"about":[{"href":"https:\/\/www.europesays.com\/fr\/wp-json\/wp\/v2\/types\/post"}],"author":[{"embeddable":true,"href":"https:\/\/www.europesays.com\/fr\/wp-json\/wp\/v2\/users\/2"}],"replies":[{"embeddable":true,"href":"https:\/\/www.europesays.com\/fr\/wp-json\/wp\/v2\/comments?post=691482"}],"version-history":[{"count":0,"href":"https:\/\/www.europesays.com\/fr\/wp-json\/wp\/v2\/posts\/691482\/revisions"}],"wp:featuredmedia":[{"embeddable":true,"href":"https:\/\/www.europesays.com\/fr\/wp-json\/wp\/v2\/media\/691483"}],"wp:attachment":[{"href":"https:\/\/www.europesays.com\/fr\/wp-json\/wp\/v2\/media?parent=691482"}],"wp:term":[{"taxonomy":"category","embeddable":true,"href":"https:\/\/www.europesays.com\/fr\/wp-json\/wp\/v2\/categories?post=691482"},{"taxonomy":"post_tag","embeddable":true,"href":"https:\/\/www.europesays.com\/fr\/wp-json\/wp\/v2\/tags?post=691482"}],"curies":[{"name":"wp","href":"https:\/\/api.w.org\/{rel}","templated":true}]}}