{"id":691484,"date":"2026-01-26T23:57:11","date_gmt":"2026-01-26T23:57:11","guid":{"rendered":"https:\/\/www.europesays.com\/fr\/691484\/"},"modified":"2026-01-26T23:57:11","modified_gmt":"2026-01-26T23:57:11","slug":"apres-la-bavure-de-minneapolis-donald-trump-tente-par-la-desescalade","status":"publish","type":"post","link":"https:\/\/www.europesays.com\/fr\/691484\/","title":{"rendered":"Apr\u00e8s la bavure de Minneapolis, Donald Trump tent\u00e9 par la d\u00e9sescalade"},"content":{"rendered":"<p>\n    <strong>D\u00c9CRYPTAGE<\/strong> &#8211; Donald Trump a annonc\u00e9 \u00ab\u00a0\u00eatre sur la m\u00eame longueur d\u2019onde\u00a0\u00bb apr\u00e8s s\u2019\u00eatre entretenu avec le gouverneur d\u00e9mocrate du Minnesota, et envoie Tom Homan, le \u00abtsar des fronti\u00e8res\u00bb pour superviser la situation.<\/p>\n<p class=\"fig-paragraph\"><a href=\"http:\/\/www.lefigaro.fr\/international\/apres-la-mort-d-alex-pretti-ice-la-police-de-l-immigration-sous-le-feu-des-critiques-20260125\" data-fig-type=\"Article\" data-gtm-custom-categorie=\"navigation\" data-gtm-custom-action=\"crossclick\" data-gtm-custom-label=\"Contextuel\" data-gtm-event=\"customEventSPE\" data-fig-domain=\"LEFIGARO\" target=\"_blank\" rel=\"noopener\">La mort d\u2019Alex Pretti<\/a>, tu\u00e9 samedi matin \u00e0 coups de pistolet par des agents f\u00e9d\u00e9raux alors qu\u2019il gisait \u00e0 terre dans une rue de Minneapolis, place l\u2019Administration Trump sur la d\u00e9fensive. Trois semaines apr\u00e8s la<a href=\"http:\/\/www.lefigaro.fr\/international\/assassinat-de-sang-froid-une-femme-tuee-par-un-policier-aux-etats-unis-enflamme-le-debat-politique-20260108\" data-fig-type=\"Article\" data-gtm-custom-categorie=\"navigation\" data-gtm-custom-action=\"crossclick\" data-gtm-custom-label=\"Contextuel\" data-gtm-event=\"customEventSPE\" data-fig-domain=\"LEFIGARO\" target=\"_blank\" rel=\"noopener\">\u00a0mort de Ren\u00e9e Good<\/a>, autre manifestante tu\u00e9e de trois balles le 7\u00a0janvier au volant de sa voiture par un membre de l\u2019<a href=\"http:\/\/www.lefigaro.fr\/international\/etats-unis-qu-est-ce-que-l-ice-cette-police-de-l-immigration-honnie-des-manifestants-20260126\" data-fig-type=\"Article\" data-gtm-custom-categorie=\"navigation\" data-gtm-custom-action=\"crossclick\" data-gtm-custom-label=\"Contextuel\" data-gtm-event=\"customEventSPE\" data-fig-domain=\"LEFIGARO\" target=\"_blank\" rel=\"noopener\">agence anti-immigration ICE<\/a>, cette deuxi\u00e8me bavure suscite un d\u00e9bat sur les m\u00e9thodes des forces f\u00e9d\u00e9rales engag\u00e9es dans l\u2019op\u00e9ration \u00ab\u00a0Metro Surge\u00a0\u00bb. Elle montre aussi les limites de la strat\u00e9gie de communication du d\u00e9partement de la S\u00e9curit\u00e9 int\u00e9rieure (DHS), consistant \u00e0 nier toute responsabilit\u00e9 et \u00e0 accuser les victimes d\u2019avoir agress\u00e9 les forces de l\u2019ordre. Dans une Am\u00e9rique polaris\u00e9e \u00e0 l\u2019extr\u00eame,\u00a0<a href=\"http:\/\/www.lefigaro.fr\/international\/a-minneapolis-le-reseau-d-activistes-ice-watch-en-premiere-ligne-20260126\" data-fig-type=\"Article\" data-gtm-custom-categorie=\"navigation\" data-gtm-custom-action=\"crossclick\" data-gtm-custom-label=\"Contextuel\" data-gtm-event=\"customEventSPE\" data-fig-domain=\"LEFIGARO\" target=\"_blank\" rel=\"noopener\">les manifestants anti-ICE<\/a>, qui s\u2019opposent dans les rues de Minneapolis \u00e0 la pr\u00e9sence d\u2019agents f\u00e9d\u00e9raux charg\u00e9s de proc\u00e9der \u00e0 des arrestations d\u2019immigr\u00e9s ill\u00e9gaux, sont pr\u00e9sent\u00e9s par l\u2019Administration comme s\u2019opposant \u00e0 la loi.<\/p>\n<p>                                            La th\u00e8se de l\u2019autod\u00e9fense<\/p>\n<p class=\"fig-paragraph\">Mais les accusations imm\u00e9diatement lanc\u00e9es\u2026<\/p>\n<p class=\"fig-premium-paywall__infos\">\n        Cet article est r\u00e9serv\u00e9 aux abonn\u00e9s.        Il vous reste 86% \u00e0 d\u00e9couvrir.\n    <\/p>\n<p>                <img  data- alt=\"Le Figaro\" class=\"fig-img--complete fig-img\"\/><\/p>\n<p class=\"fig-premium-paywall__title\">Vente Flash<\/p>\n<p class=\"fig-premium-paywall__subtitle\">6,49\u20ac par mois pendant 12 mois<\/p>\n<p class=\"fig-premium-paywall__connect\">\n                D\u00e9j\u00e0 abonn\u00e9\u00a0?                <a class=\"fig-premium-paywall__connect-link\" href=\"https:\/\/connect.lefigaro.fr\/login?client=horizon_web&amp;type=main&amp;redirect_uri=https%3A%2F%2Fwww.lefigaro.fr%2Finternational%2Fapres-la-bavure-de-minneapolis-donald-trump-tente-par-la-desescalade-20260126\" data-js-gtm=\"{&quot;customCategorie&quot;: &quot;conversion&quot;, &quot;customAction&quot;: &quot;before_Landing_Connexion_paywall_auto&quot;, &quot;customLabel&quot;: &quot;bGVmaWdhcm8uZnJfXzFmMGZhYzJkLTk0NDAtNjIwOC1hNzVhLTA5YTBkMmQ0MWY0Ml9fQXJ0aWNsZQ==_Apr\u00e8s la bavure de Minneapolis, Donald Trump tent\u00e9 par la d\u00e9sescalade_38&quot;, &quot;customIDSPE&quot;: &quot;bGVmaWdhcm8uZnJfXzFmMGZhYzJkLTk0NDAtNjIwOC1hNzVhLTA5YTBkMmQ0MWY0Ml9fQXJ0aWNsZQ==&quot;, &quot;event&quot;: &quot;customEventSPE&quot;}\" target=\"_blank\" rel=\"noopener\"><br \/>\n                    Connectez-vous<br \/>\n                <\/a>\n            <\/p>\n","protected":false},"excerpt":{"rendered":"D\u00c9CRYPTAGE &#8211; Donald Trump a annonc\u00e9 \u00ab\u00a0\u00eatre sur la m\u00eame longueur d\u2019onde\u00a0\u00bb apr\u00e8s s\u2019\u00eatre entretenu avec le gouverneur&hellip;\n","protected":false},"author":2,"featured_media":691485,"comment_status":"","ping_status":"","sticky":false,"template":"","format":"standard","meta":{"footnotes":""},"categories":[5],"tags":[11,75,1011,27,1061,14,32194,12,28],"class_list":{"0":"post-691484","1":"post","2":"type-post","3":"status-publish","4":"format-standard","5":"has-post-thumbnail","7":"category-international","8":"tag-actualites","9":"tag-donald-trump","10":"tag-fr","11":"tag-france","12":"tag-immigration","13":"tag-international","14":"tag-minneapolis","15":"tag-news","16":"tag-world"},"share_on_mastodon":{"url":"","error":""},"_links":{"self":[{"href":"https:\/\/www.europesays.com\/fr\/wp-json\/wp\/v2\/posts\/691484","targetHints":{"allow":["GET"]}}],"collection":[{"href":"https:\/\/www.europesays.com\/fr\/wp-json\/wp\/v2\/posts"}],"about":[{"href":"https:\/\/www.europesays.com\/fr\/wp-json\/wp\/v2\/types\/post"}],"author":[{"embeddable":true,"href":"https:\/\/www.europesays.com\/fr\/wp-json\/wp\/v2\/users\/2"}],"replies":[{"embeddable":true,"href":"https:\/\/www.europesays.com\/fr\/wp-json\/wp\/v2\/comments?post=691484"}],"version-history":[{"count":0,"href":"https:\/\/www.europesays.com\/fr\/wp-json\/wp\/v2\/posts\/691484\/revisions"}],"wp:featuredmedia":[{"embeddable":true,"href":"https:\/\/www.europesays.com\/fr\/wp-json\/wp\/v2\/media\/691485"}],"wp:attachment":[{"href":"https:\/\/www.europesays.com\/fr\/wp-json\/wp\/v2\/media?parent=691484"}],"wp:term":[{"taxonomy":"category","embeddable":true,"href":"https:\/\/www.europesays.com\/fr\/wp-json\/wp\/v2\/categories?post=691484"},{"taxonomy":"post_tag","embeddable":true,"href":"https:\/\/www.europesays.com\/fr\/wp-json\/wp\/v2\/tags?post=691484"}],"curies":[{"name":"wp","href":"https:\/\/api.w.org\/{rel}","templated":true}]}}