{"id":691529,"date":"2026-01-27T00:28:12","date_gmt":"2026-01-27T00:28:12","guid":{"rendered":"https:\/\/www.europesays.com\/fr\/691529\/"},"modified":"2026-01-27T00:28:12","modified_gmt":"2026-01-27T00:28:12","slug":"un-baron-marseillais-juge-pour-avoir-gere-par-la-terreur-un-trafic-de-cocaine-et-de-cannabis","status":"publish","type":"post","link":"https:\/\/www.europesays.com\/fr\/691529\/","title":{"rendered":"un baron marseillais jug\u00e9 pour avoir g\u00e9r\u00e9 \u00ab\u00a0par la terreur\u00a0\u00bb un trafic de coca\u00efne et de cannabis"},"content":{"rendered":"<p>Il est consid\u00e9r\u00e9 comme l\u2019un des plus importants narcotrafiquants fran\u00e7ais, soup\u00e7onn\u00e9 par la police judiciaire d\u2019avoir jou\u00e9 un r\u00f4le de commanditaire dans quatre affaires d\u2019homicides ayant fait sept morts. Des r\u00e8glements de comptes qui auraient \u00e9t\u00e9 <a href=\"https:\/\/www.laprovence.com\/article\/faits-divers-justice\/61658578564535\/narcobanditisme-eric-dupond-moretti-installe-a-dubai-un-magistrat-de-liaison\" target=\"_blank\" rel=\"noopener\">ordonn\u00e9s en partie depuis Duba\u00ef<\/a> et ex\u00e9cut\u00e9s dans la r\u00e9gion marseillaise par des tueurs \u00e0 sa solde, dont <a href=\"https:\/\/www.laprovence.com\/article\/faits-divers-justice\/57601342529965\/assassinat-du-grand-frere-damine-kessaci-le-proces-fixe-a-lautomne-2026\" target=\"_blank\" rel=\"noopener\">l\u2019assassinat de Brahim Chabane<\/a>, le <a href=\"https:\/\/www.laprovence.com\/article\/region\/6565834231242514\/municipales-2026-a-marseille-amine-kessaci-sera-sur-la-liste-du-printemps-marseillais\" target=\"_blank\" rel=\"noopener\">grand fr\u00e8re d\u2019Amine Kessaci<\/a>, en\u00a02020, ou encore <a href=\"https:\/\/www.laprovence.com\/article\/actualites\/1689735\/lassassinat-qui-accable-un-peu-plus-la-famille-tir.html\" target=\"_blank\" rel=\"noopener\">celui du ca\u00efd Farid Tir<\/a>, cribl\u00e9 de balles en\u00a02019 aux c\u00f4t\u00e9s d\u2019un proche dans un Formule 1 des Pennes-Mirabeau. Des crimes contest\u00e9s par Karim Harrat, et pour lesquels il reste pr\u00e9sum\u00e9 innocent. Mais qui lui vaudront de compara\u00eetre plusieurs fois devant des cours d\u2019assises dans les mois et les ann\u00e9es qui viennent.<\/p>\n","protected":false},"excerpt":{"rendered":"Il est consid\u00e9r\u00e9 comme l\u2019un des plus importants narcotrafiquants fran\u00e7ais, soup\u00e7onn\u00e9 par la police judiciaire d\u2019avoir jou\u00e9 un&hellip;\n","protected":false},"author":2,"featured_media":691530,"comment_status":"","ping_status":"","sticky":false,"template":"","format":"standard","meta":{"footnotes":""},"categories":[2814],"tags":[5734,1111,11,6661,70444,1777,674,274,1011,27,78756,9342,761,884,8721,12,471,882,25],"class_list":{"0":"post-691529","1":"post","2":"type-post","3":"status-publish","4":"format-standard","5":"has-post-thumbnail","7":"category-marseille","8":"tag-5734","9":"tag-actu","10":"tag-actualites","11":"tag-avoir","12":"tag-baron","13":"tag-eu","14":"tag-europe","15":"tag-faits-divers-justice","16":"tag-fr","17":"tag-france","18":"tag-gere","19":"tag-juge","20":"tag-marseillais","21":"tag-marseille","22":"tag-narcotrafic","23":"tag-news","24":"tag-pour","25":"tag-provence-alpes-cote-dazur","26":"tag-republique-francaise"},"share_on_mastodon":{"url":"https:\/\/pubeurope.com\/@fr\/115964235148061739","error":""},"_links":{"self":[{"href":"https:\/\/www.europesays.com\/fr\/wp-json\/wp\/v2\/posts\/691529","targetHints":{"allow":["GET"]}}],"collection":[{"href":"https:\/\/www.europesays.com\/fr\/wp-json\/wp\/v2\/posts"}],"about":[{"href":"https:\/\/www.europesays.com\/fr\/wp-json\/wp\/v2\/types\/post"}],"author":[{"embeddable":true,"href":"https:\/\/www.europesays.com\/fr\/wp-json\/wp\/v2\/users\/2"}],"replies":[{"embeddable":true,"href":"https:\/\/www.europesays.com\/fr\/wp-json\/wp\/v2\/comments?post=691529"}],"version-history":[{"count":0,"href":"https:\/\/www.europesays.com\/fr\/wp-json\/wp\/v2\/posts\/691529\/revisions"}],"wp:featuredmedia":[{"embeddable":true,"href":"https:\/\/www.europesays.com\/fr\/wp-json\/wp\/v2\/media\/691530"}],"wp:attachment":[{"href":"https:\/\/www.europesays.com\/fr\/wp-json\/wp\/v2\/media?parent=691529"}],"wp:term":[{"taxonomy":"category","embeddable":true,"href":"https:\/\/www.europesays.com\/fr\/wp-json\/wp\/v2\/categories?post=691529"},{"taxonomy":"post_tag","embeddable":true,"href":"https:\/\/www.europesays.com\/fr\/wp-json\/wp\/v2\/tags?post=691529"}],"curies":[{"name":"wp","href":"https:\/\/api.w.org\/{rel}","templated":true}]}}