{"id":691551,"date":"2026-01-27T00:40:14","date_gmt":"2026-01-27T00:40:14","guid":{"rendered":"https:\/\/www.europesays.com\/fr\/691551\/"},"modified":"2026-01-27T00:40:14","modified_gmt":"2026-01-27T00:40:14","slug":"tensions-avec-la-police-de-limmigration-aux-usa-des-agents-federaux-commenceront-a-quitter-minneapolis-mardi-dit-le-maire-de-la-ville","status":"publish","type":"post","link":"https:\/\/www.europesays.com\/fr\/691551\/","title":{"rendered":"Tensions avec la police de l&rsquo;immigration aux USA &#8211; Des agents f\u00e9d\u00e9raux commenceront \u00e0 quitter Minneapolis mardi, dit le maire de la ville"},"content":{"rendered":"<p><img decoding=\"async\" class=\"w-full object-contain\" style=\"aspect-ratio:150 \/ 100;opacity:1\" alt=\"Tensions avec la police de l'immigration aux USA - Des agents f\u00e9d\u00e9raux commenceront \u00e0 quitter Minneapolis mardi, dit le maire de la ville\" width=\"512\" height=\"341\" fetchpriority=\"high\" src=\"https:\/\/www.europesays.com\/fr\/wp-content\/uploads\/2026\/01\/MQANARCKFVDYHGBGMB3GWLIGEY.jpg\"  \/><\/p>\n<p class=\"ap-StoryElement ap-StoryElement--mb ap-StoryText\">\u00ab\u00a0Certains agents f\u00e9d\u00e9raux commenceront \u00e0 quitter la zone demain, et je continuerai \u00e0 lutter pour que le reste (des agents) impliqu\u00e9s dans cette op\u00e9ration s&rsquo;en aillent\u00a0\u00bb, a \u00e9crit le d\u00e9mocrate Jacob Frey sur X.<\/p>\n<p class=\"ap-StoryElement ap-StoryElement--mb ap-StoryText\">Donald Trump a appel\u00e9 lundi \u00e0 la fin des violences dans le Minnesota o\u00f9 une vague d&rsquo;indignation a \u00e9t\u00e9 suscit\u00e9e par la mort d&rsquo;un deuxi\u00e8me manifestant am\u00e9ricain, tu\u00e9 samedi par des agents des services f\u00e9d\u00e9raux de l&rsquo;immigration.<\/p>\n","protected":false},"excerpt":{"rendered":"\u00ab\u00a0Certains agents f\u00e9d\u00e9raux commenceront \u00e0 quitter la zone demain, et je continuerai \u00e0 lutter pour que le reste&hellip;\n","protected":false},"author":2,"featured_media":2837,"comment_status":"","ping_status":"","sticky":false,"template":"","format":"standard","meta":{"footnotes":""},"categories":[1589],"tags":[11,73,1866,1061,12,1072,1864,1865,1863,308],"class_list":{"0":"post-691551","1":"post","2":"type-post","3":"status-publish","4":"format-standard","5":"has-post-thumbnail","7":"category-etats-unis","8":"tag-actualites","9":"tag-etats-unis","10":"tag-etats-unis-damerique","11":"tag-immigration","12":"tag-news","13":"tag-police","14":"tag-united-states","15":"tag-united-states-of-america","16":"tag-us","17":"tag-usa"},"share_on_mastodon":{"url":"https:\/\/pubeurope.com\/@fr\/115964282468998396","error":""},"_links":{"self":[{"href":"https:\/\/www.europesays.com\/fr\/wp-json\/wp\/v2\/posts\/691551","targetHints":{"allow":["GET"]}}],"collection":[{"href":"https:\/\/www.europesays.com\/fr\/wp-json\/wp\/v2\/posts"}],"about":[{"href":"https:\/\/www.europesays.com\/fr\/wp-json\/wp\/v2\/types\/post"}],"author":[{"embeddable":true,"href":"https:\/\/www.europesays.com\/fr\/wp-json\/wp\/v2\/users\/2"}],"replies":[{"embeddable":true,"href":"https:\/\/www.europesays.com\/fr\/wp-json\/wp\/v2\/comments?post=691551"}],"version-history":[{"count":0,"href":"https:\/\/www.europesays.com\/fr\/wp-json\/wp\/v2\/posts\/691551\/revisions"}],"wp:featuredmedia":[{"embeddable":true,"href":"https:\/\/www.europesays.com\/fr\/wp-json\/wp\/v2\/media\/2837"}],"wp:attachment":[{"href":"https:\/\/www.europesays.com\/fr\/wp-json\/wp\/v2\/media?parent=691551"}],"wp:term":[{"taxonomy":"category","embeddable":true,"href":"https:\/\/www.europesays.com\/fr\/wp-json\/wp\/v2\/categories?post=691551"},{"taxonomy":"post_tag","embeddable":true,"href":"https:\/\/www.europesays.com\/fr\/wp-json\/wp\/v2\/tags?post=691551"}],"curies":[{"name":"wp","href":"https:\/\/api.w.org\/{rel}","templated":true}]}}