{"id":691599,"date":"2026-01-27T01:11:12","date_gmt":"2026-01-27T01:11:12","guid":{"rendered":"https:\/\/www.europesays.com\/fr\/691599\/"},"modified":"2026-01-27T01:11:12","modified_gmt":"2026-01-27T01:11:12","slug":"a-14-et-15-ans-ils-sont-retrouves-au-volant-dune-voiture-volee-a-une-association","status":"publish","type":"post","link":"https:\/\/www.europesays.com\/fr\/691599\/","title":{"rendered":"\u00e0 14 et 15 ans, ils sont retrouv\u00e9s au volant d&rsquo;une voiture vol\u00e9e \u00e0 une association"},"content":{"rendered":"\n<p>Ils sont \u00e2g\u00e9s de seulement 14 et 15 ans, souffle un policier, lorsqu&rsquo;il \u00e9voque ce r\u00e9cent fait divers. Celui-ci remonte \u00e0 la nuit de samedi \u00e0 dimanche, \u00e0 Saint-\u00c9tienne. Il est presque 2h30 du matin, quand les policiers rep\u00e8rent un v\u00e9hicule suspect dans le quartier du Soleil. Deux hommes sont \u00e0 bord et prennent la fuite \u00e0 la vue des fonctionnaires. Leur v\u00e9hicule est d\u00e9couvert quelques minutes plus tard, vide et arr\u00eat\u00e9 contre un muret, \u00e0 Monthieu.<\/p>\n<p>La BAC finit par retrouver et interpeller les 2 (jeunes) hommes qui \u00e9taient \u00e0 bord. Ils n&rsquo;ont m\u00eame pas 16 ans. La voiture, elle, vient d\u2019\u00eatre d\u00e9rob\u00e9e \u00e0 la PEP de la Talaudi\u00e8re. Comme 2 autres v\u00e9hicules, apr\u00e8s une effraction dans les locaux de l&rsquo;association. Les 2 jeunes gar\u00e7ons seront convoqu\u00e9s par la justice pour r\u00e9pondre de recel de vol et d\u00e9faut de permis pour celui qui \u00e9tait au volant.<\/p>\n","protected":false},"excerpt":{"rendered":"Ils sont \u00e2g\u00e9s de seulement 14 et 15 ans, souffle un policier, lorsqu&rsquo;il \u00e9voque ce r\u00e9cent fait divers.&hellip;\n","protected":false},"author":2,"featured_media":691600,"comment_status":"","ping_status":"","sticky":false,"template":"","format":"standard","meta":{"footnotes":""},"categories":[9653],"tags":[1111,11,1084,4077,2430,1777,674,1011,27,6636,12,78768,25,4001,26024,1175],"class_list":{"0":"post-691599","1":"post","2":"type-post","3":"status-publish","4":"format-standard","5":"has-post-thumbnail","7":"category-saint-etienne","8":"tag-actu","9":"tag-actualites","10":"tag-adolescent","11":"tag-association","12":"tag-auvergne-rhone-alpes","13":"tag-eu","14":"tag-europe","15":"tag-fr","16":"tag-france","17":"tag-mineurs","18":"tag-news","19":"tag-pep","20":"tag-republique-francaise","21":"tag-saint-etienne","22":"tag-talaudiere","23":"tag-vol"},"share_on_mastodon":{"url":"https:\/\/pubeurope.com\/@fr\/115964404539298358","error":""},"_links":{"self":[{"href":"https:\/\/www.europesays.com\/fr\/wp-json\/wp\/v2\/posts\/691599","targetHints":{"allow":["GET"]}}],"collection":[{"href":"https:\/\/www.europesays.com\/fr\/wp-json\/wp\/v2\/posts"}],"about":[{"href":"https:\/\/www.europesays.com\/fr\/wp-json\/wp\/v2\/types\/post"}],"author":[{"embeddable":true,"href":"https:\/\/www.europesays.com\/fr\/wp-json\/wp\/v2\/users\/2"}],"replies":[{"embeddable":true,"href":"https:\/\/www.europesays.com\/fr\/wp-json\/wp\/v2\/comments?post=691599"}],"version-history":[{"count":0,"href":"https:\/\/www.europesays.com\/fr\/wp-json\/wp\/v2\/posts\/691599\/revisions"}],"wp:featuredmedia":[{"embeddable":true,"href":"https:\/\/www.europesays.com\/fr\/wp-json\/wp\/v2\/media\/691600"}],"wp:attachment":[{"href":"https:\/\/www.europesays.com\/fr\/wp-json\/wp\/v2\/media?parent=691599"}],"wp:term":[{"taxonomy":"category","embeddable":true,"href":"https:\/\/www.europesays.com\/fr\/wp-json\/wp\/v2\/categories?post=691599"},{"taxonomy":"post_tag","embeddable":true,"href":"https:\/\/www.europesays.com\/fr\/wp-json\/wp\/v2\/tags?post=691599"}],"curies":[{"name":"wp","href":"https:\/\/api.w.org\/{rel}","templated":true}]}}