{"id":691636,"date":"2026-01-27T01:43:13","date_gmt":"2026-01-27T01:43:13","guid":{"rendered":"https:\/\/www.europesays.com\/fr\/691636\/"},"modified":"2026-01-27T01:43:13","modified_gmt":"2026-01-27T01:43:13","slug":"a-la-galerie-anna-tschopp-lart-se-deguste","status":"publish","type":"post","link":"https:\/\/www.europesays.com\/fr\/691636\/","title":{"rendered":"\u00e0 la galerie Anna-Tschopp, l&rsquo;art se d\u00e9guste"},"content":{"rendered":"<p>Rue Paradis, \u00e0 <a href=\"https:\/\/www.laprovence.com\/bouches-du-rhone\/marseille-13055\" target=\"_blank\" rel=\"noopener\">Marseille<\/a>, la galerie Anna-Tschopp n\u2019a rien de commun. Yves Gnaegy, galeriste mais avant tout marchand d\u2019art, y suit son instinct et choisit ce qui attire son \u0153il. \u00ab\u00a0Comme ces collectionneurs qui ont cru en <a href=\"https:\/\/www.laprovence.com\/article\/sortie-loisirs\/2646006988831515\/pablo-picasso-le-geant-de-provence\" target=\"_blank\" rel=\"noopener\">Picasso<\/a> ou Manet avant tout le monde, je mise sur l\u2019\u0153il plut\u00f4t que sur les tendances\u00a0\u00bb, d\u00e9clare-t-il. Depuis vingt ans, il accompagne ses artistes de Marseille ou venus d\u2019ailleurs. Il m\u00e9nage un espace ou chaque \u0153uvre trouve sa place.<\/p>\n<p>La Parenth\u00e8se enchant\u00e9e, un lieu \u00e0 part<\/p>\n<p>Dans les coulisses de la galerie, Nathalie Gnaegy, son \u00e9pouse, dirige La Parenth\u00e8se enchant\u00e9e, un laboratoire de p\u00e2tisserie install\u00e9 l\u00e0 il y a six ans. Sucr\u00e9es ou sal\u00e9es, pour les mariages ou les \u00e9v\u00e9nements d\u2019entreprise, les cr\u00e9ations sortent de cet espace discret mais inventif.<\/p>\n<p>Et lorsque La Parenth\u00e8se s\u2019ouvre, les amateurs d\u2019art d\u00e9couvrent les \u0153uvres, puis go\u00fbtent aux cr\u00e9ations culinaires. Une exp\u00e9rience unique, typique de Marseille, un lieu ou curiosit\u00e9 et plaisir se m\u00ealent \u00e0 la culture et \u00e0 l\u2019agr\u00e9able. Les aiguillent de nos montres s\u2019arr\u00eatent un court instant.<\/p>\n<p><strong>197 rue Paradis (6e), ouvert du jeudi au samedi de 11\u00a0h \u00e0 17\u00a0h\u00a030, les autres jours sur rendez-vous.<\/strong>&#13;<\/p>\n","protected":false},"excerpt":{"rendered":"Rue Paradis, \u00e0 Marseille, la galerie Anna-Tschopp n\u2019a rien de commun. Yves Gnaegy, galeriste mais avant tout marchand&hellip;\n","protected":false},"author":2,"featured_media":691637,"comment_status":"","ping_status":"","sticky":false,"template":"","format":"standard","meta":{"footnotes":""},"categories":[2814],"tags":[5734,1111,11,78769,3734,3474,1777,674,1011,27,10486,1757,72831,884,12,882,16,25,24647],"class_list":{"0":"post-691636","1":"post","2":"type-post","3":"status-publish","4":"format-standard","5":"has-post-thumbnail","7":"category-marseille","8":"tag-5734","9":"tag-actu","10":"tag-actualites","11":"tag-anna-tschopp","12":"tag-art","13":"tag-decouvrez","14":"tag-eu","15":"tag-europe","16":"tag-fr","17":"tag-france","18":"tag-galerie","19":"tag-insolite","20":"tag-lexperience","21":"tag-marseille","22":"tag-news","23":"tag-provence-alpes-cote-dazur","24":"tag-region","25":"tag-republique-francaise","26":"tag-saveurs"},"share_on_mastodon":{"url":"https:\/\/pubeurope.com\/@fr\/115964530376813755","error":""},"_links":{"self":[{"href":"https:\/\/www.europesays.com\/fr\/wp-json\/wp\/v2\/posts\/691636","targetHints":{"allow":["GET"]}}],"collection":[{"href":"https:\/\/www.europesays.com\/fr\/wp-json\/wp\/v2\/posts"}],"about":[{"href":"https:\/\/www.europesays.com\/fr\/wp-json\/wp\/v2\/types\/post"}],"author":[{"embeddable":true,"href":"https:\/\/www.europesays.com\/fr\/wp-json\/wp\/v2\/users\/2"}],"replies":[{"embeddable":true,"href":"https:\/\/www.europesays.com\/fr\/wp-json\/wp\/v2\/comments?post=691636"}],"version-history":[{"count":0,"href":"https:\/\/www.europesays.com\/fr\/wp-json\/wp\/v2\/posts\/691636\/revisions"}],"wp:featuredmedia":[{"embeddable":true,"href":"https:\/\/www.europesays.com\/fr\/wp-json\/wp\/v2\/media\/691637"}],"wp:attachment":[{"href":"https:\/\/www.europesays.com\/fr\/wp-json\/wp\/v2\/media?parent=691636"}],"wp:term":[{"taxonomy":"category","embeddable":true,"href":"https:\/\/www.europesays.com\/fr\/wp-json\/wp\/v2\/categories?post=691636"},{"taxonomy":"post_tag","embeddable":true,"href":"https:\/\/www.europesays.com\/fr\/wp-json\/wp\/v2\/tags?post=691636"}],"curies":[{"name":"wp","href":"https:\/\/api.w.org\/{rel}","templated":true}]}}